{"id":100947,"date":"2016-10-23T16:55:45","date_gmt":"2016-10-23T14:55:45","guid":{"rendered":"http:\/\/www.leccecronaca.it\/?p=100947"},"modified":"2016-10-23T17:15:01","modified_gmt":"2016-10-23T15:15:01","slug":"100947","status":"publish","type":"post","link":"https:\/\/www.leccecronaca.it\/index.php\/2016\/10\/23\/100947\/","title":{"rendered":"A SORPRESA, IL MINISTRO MARIA ELENA BOSCHI CHIUDE QUESTA MATTINA A LECCE UN INCONTRO DEL &#8220;COMITATO PER IL SI&#8217; &#8220;:&#8221;Il referendum non \u00e8 il congresso del Pd, piuttosto andiamo casa per casa a convincere gli indecisi&#8221;"},"content":{"rendered":"<p><img decoding=\"async\" loading=\"lazy\" width=\"960\" height=\"720\" title=\"14680789_1734632486862730_177004848065053077_n\" class=\"aligncenter size-full wp-image-100952\" alt=\"\" src=\"https:\/\/www.leccecronaca.it\/wordpress\/wp-content\/uploads\/2016\/10\/14680789_1734632486862730_177004848065053077_n.jpg\" srcset=\"https:\/\/www.leccecronaca.it\/wordpress\/wp-content\/uploads\/2016\/10\/14680789_1734632486862730_177004848065053077_n.jpg 960w, https:\/\/www.leccecronaca.it\/wordpress\/wp-content\/uploads\/2016\/10\/14680789_1734632486862730_177004848065053077_n-300x225.jpg 300w, https:\/\/www.leccecronaca.it\/wordpress\/wp-content\/uploads\/2016\/10\/14680789_1734632486862730_177004848065053077_n-768x576.jpg 768w, https:\/\/www.leccecronaca.it\/wordpress\/wp-content\/uploads\/2016\/10\/14680789_1734632486862730_177004848065053077_n-400x300.jpg 400w\" sizes=\"(max-width: 960px) 100vw, 960px\" \/>(g.p.)______&#8221;<em>Con Maria Elena Boschi, a Lecce, in una sala stracolma, per dire forte un SI che rafforzi la democrazia e introduca le necessarie innovazioni affinch\u00e9 il nostro Paese possa far sentire, con autorevolezza, la sua voce in Europa e nel mondo&#8221;.<\/em> Questa, nella sintesi degli organizzatori (l&#8217; onorevole Salvatore Capone e, nella foto, l&#8217; onorevole Federico Massa) del comitato per il &#8216;s\u00ec&#8217; del Salento, l&#8217; incontro di questa mattina all&#8217; Hotel President di Lecce, chiuso dal ministro per le Riforme Costituzionali ed i Rapporti con il Parlamento Maria Elena Boschi.<\/p>\n<p>Ecco una sintesi del\u00a0suo intervento, in buona parte polemico con quegli esponenti del suo stesso partito schieratisi sul fronte del &#8216;no&#8217;.<\/p>\n<p><em>&#8220;Il referendum non \u00e8 la prova generale del congresso del Partito democratico. Ai nostri compagni di partito ricordiamo che il congresso sar\u00e0 il prossimo anno e questo non \u00e8 il momento di giocare alle prove generali, perch\u00e9 il referendum va oltre. In gioco non c&#8217;\u00e8 il futuro del Partito democratico o del Governo, ma dell&#8217;Italia per i prossimi trenta anni.\u00a0<\/em><\/p>\n<p><em>Da oggi e fino al 4 dicembre bisogna fare una campagna porta a porta per il referendum.<\/em><\/p>\n<p><em>Abbiamo una buona squadra in campo per spiegare le ragioni del s\u00ec, ora, oltre ai politici, devono attivarsi i anche i cittadini. Bisogna andare comune per comune, casa per casa, nei luoghi di lavoro, cercare di convincere ogni persona che si conosce senza lasciarne una.\u00a0<\/em><\/p>\n<p><em>Non dobbiamo fare come i cittadini del Regno Unito che il giorno dopo il referendum hanno capito cosa avrebbero dovuto fare. <\/em><\/p>\n<p><em>Negli ultimi decenni abbiamo perso tante opportunit\u00e0 per creare un paese pi\u00f9 semplice e questa invece \u00e8 la volta buona. <\/em><\/p>\n<p><em>Non votare la riforma significa solo rimandarla ancora, fidandosi di gruppi che non hanno una proposta alternativa, come una parte della Sinistra, i Cinque Stelle e Forza Italia e che difficilmente riuscirebbero a trovare un accordo per proporre un progetto alternativo&#8221;.<\/em><\/p>\n<p>&nbsp;<\/p>\n<fb:like href='https:\/\/www.leccecronaca.it\/index.php\/2016\/10\/23\/100947\/' send='true' layout='button_count' show_faces='true' width='450' height='65' action='recommend' colorscheme='light' font='lucida grande'><\/fb:like><span class=\"fb_share\"><fb:like href=\"https:\/\/www.leccecronaca.it\/index.php\/2016\/10\/23\/100947\/\" layout=\"button_count\"><\/fb:like><\/span>","protected":false},"excerpt":{"rendered":"<p>(g.p.)______&#8221;Con Maria Elena Boschi, a Lecce, in una sala stracolma, per dire forte un SI che rafforzi la democrazia e introduca le necessarie innovazioni affinch\u00e9 il nostro Paese possa far sentire, con autorevolezza, la sua voce in Europa e nel mondo&#8221;. Questa, nella sintesi degli organizzatori (l&#8217; onorevole Salvatore Capone e, nella foto, l&#8217; onorevole [&hellip;]<\/p>\n","protected":false},"author":4,"featured_media":100952,"comment_status":"open","ping_status":"closed","sticky":false,"template":"","format":"standard","meta":[],"categories":[76],"tags":[],"_links":{"self":[{"href":"https:\/\/www.leccecronaca.it\/index.php\/wp-json\/wp\/v2\/posts\/100947"}],"collection":[{"href":"https:\/\/www.leccecronaca.it\/index.php\/wp-json\/wp\/v2\/posts"}],"about":[{"href":"https:\/\/www.leccecronaca.it\/index.php\/wp-json\/wp\/v2\/types\/post"}],"author":[{"embeddable":true,"href":"https:\/\/www.leccecronaca.it\/index.php\/wp-json\/wp\/v2\/users\/4"}],"replies":[{"embeddable":true,"href":"https:\/\/www.leccecronaca.it\/index.php\/wp-json\/wp\/v2\/comments?post=100947"}],"version-history":[{"count":7,"href":"https:\/\/www.leccecronaca.it\/index.php\/wp-json\/wp\/v2\/posts\/100947\/revisions"}],"predecessor-version":[{"id":100968,"href":"https:\/\/www.leccecronaca.it\/index.php\/wp-json\/wp\/v2\/posts\/100947\/revisions\/100968"}],"wp:featuredmedia":[{"embeddable":true,"href":"https:\/\/www.leccecronaca.it\/index.php\/wp-json\/wp\/v2\/media\/100952"}],"wp:attachment":[{"href":"https:\/\/www.leccecronaca.it\/index.php\/wp-json\/wp\/v2\/media?parent=100947"}],"wp:term":[{"taxonomy":"category","embeddable":true,"href":"https:\/\/www.leccecronaca.it\/index.php\/wp-json\/wp\/v2\/categories?post=100947"},{"taxonomy":"post_tag","embeddable":true,"href":"https:\/\/www.leccecronaca.it\/index.php\/wp-json\/wp\/v2\/tags?post=100947"}],"curies":[{"name":"wp","href":"https:\/\/api.w.org\/{rel}","templated":true}]}}