{"id":101031,"date":"2016-10-28T00:08:16","date_gmt":"2016-10-27T22:08:16","guid":{"rendered":"http:\/\/www.leccecronaca.it\/?p=101031"},"modified":"2016-10-27T19:39:13","modified_gmt":"2016-10-27T17:39:13","slug":"diario-del-giorno-dopo-convegni-ambiente-e-salute-a-lecce-sabato-29","status":"publish","type":"post","link":"https:\/\/www.leccecronaca.it\/index.php\/2016\/10\/28\/diario-del-giorno-dopo-convegni-ambiente-e-salute-a-lecce-sabato-29\/","title":{"rendered":"DIARIO DEL GIORNO DOPO \/ CONVEGNI \/ &#8216;AMBIENTE E SALUTE&#8217; A LECCE SABATO 29"},"content":{"rendered":"<p><img decoding=\"async\" loading=\"lazy\" width=\"640\" height=\"640\" title=\"10346277_127241230944065_2232454448324430867_n\" class=\"aligncenter size-full wp-image-101034\" alt=\"\" src=\"https:\/\/www.leccecronaca.it\/wordpress\/wp-content\/uploads\/2016\/10\/10346277_127241230944065_2232454448324430867_n.jpg\" srcset=\"https:\/\/www.leccecronaca.it\/wordpress\/wp-content\/uploads\/2016\/10\/10346277_127241230944065_2232454448324430867_n.jpg 640w, https:\/\/www.leccecronaca.it\/wordpress\/wp-content\/uploads\/2016\/10\/10346277_127241230944065_2232454448324430867_n-300x300.jpg 300w, https:\/\/www.leccecronaca.it\/wordpress\/wp-content\/uploads\/2016\/10\/10346277_127241230944065_2232454448324430867_n-150x150.jpg 150w, https:\/\/www.leccecronaca.it\/wordpress\/wp-content\/uploads\/2016\/10\/10346277_127241230944065_2232454448324430867_n-60x60.jpg 60w\" sizes=\"(max-width: 640px) 100vw, 640px\" \/>Sabato 29 ottobre, alle 17, a Lecce, all&#8217; Hotel Leone di Messapia, in strada provinciale Lecce-Cavallino 32, ci sar\u00e0 un convegno organizzato da &#8216;Casa Pound Italia&#8217; sul tema dell&#8217; ambiente e della salute nella nostra provincia.<\/p>\n<p>Quella salentina \u00e8 una terra malata? La domanda \u00e8 certamente di stretta attualit\u00e0 e calamita l\u2019interesse dei cittadini, soprattutto dopo la presentazione, lo scorso febbraio, del report realizzato dalla REPol, la Rete di prevenzione oncologica leccese.<\/p>\n<p>CasaPound Italia cerca di dare una risposta a questa domanda, concentrandosi sul rapporto tra inquinamento ambientale e aumento di patologie a esso legate, proponendo possibili soluzioni in chiave politica e amministrativa.<\/p>\n<p>Partecipano Matteo Centonze, di Cpi Lecce (nella foto); il professor\u00a0Giuseppe Serravezza, oncologo presidente provinciale della Lilt, Lega italiana per la lotta contro i tumori;\u00a0il dottor\u00a0Corrado Fiore, specialista in cardiologia; l\u2019assessore all\u2019ambiente del Comune di Lecce, Andrea Guido.<\/p>\n<p>&nbsp;<\/p>\n<p>&nbsp;<\/p>\n<fb:like href='https:\/\/www.leccecronaca.it\/index.php\/2016\/10\/28\/diario-del-giorno-dopo-convegni-ambiente-e-salute-a-lecce-sabato-29\/' send='true' layout='button_count' show_faces='true' width='450' height='65' action='recommend' colorscheme='light' font='lucida grande'><\/fb:like><span class=\"fb_share\"><fb:like href=\"https:\/\/www.leccecronaca.it\/index.php\/2016\/10\/28\/diario-del-giorno-dopo-convegni-ambiente-e-salute-a-lecce-sabato-29\/\" layout=\"button_count\"><\/fb:like><\/span>","protected":false},"excerpt":{"rendered":"<p>Sabato 29 ottobre, alle 17, a Lecce, all&#8217; Hotel Leone di Messapia, in strada provinciale Lecce-Cavallino 32, ci sar\u00e0 un convegno organizzato da &#8216;Casa Pound Italia&#8217; sul tema dell&#8217; ambiente e della salute nella nostra provincia. Quella salentina \u00e8 una terra malata? La domanda \u00e8 certamente di stretta attualit\u00e0 e calamita l\u2019interesse dei cittadini, soprattutto [&hellip;]<\/p>\n","protected":false},"author":4,"featured_media":101034,"comment_status":"open","ping_status":"closed","sticky":false,"template":"","format":"standard","meta":[],"categories":[75],"tags":[],"_links":{"self":[{"href":"https:\/\/www.leccecronaca.it\/index.php\/wp-json\/wp\/v2\/posts\/101031"}],"collection":[{"href":"https:\/\/www.leccecronaca.it\/index.php\/wp-json\/wp\/v2\/posts"}],"about":[{"href":"https:\/\/www.leccecronaca.it\/index.php\/wp-json\/wp\/v2\/types\/post"}],"author":[{"embeddable":true,"href":"https:\/\/www.leccecronaca.it\/index.php\/wp-json\/wp\/v2\/users\/4"}],"replies":[{"embeddable":true,"href":"https:\/\/www.leccecronaca.it\/index.php\/wp-json\/wp\/v2\/comments?post=101031"}],"version-history":[{"count":2,"href":"https:\/\/www.leccecronaca.it\/index.php\/wp-json\/wp\/v2\/posts\/101031\/revisions"}],"predecessor-version":[{"id":101328,"href":"https:\/\/www.leccecronaca.it\/index.php\/wp-json\/wp\/v2\/posts\/101031\/revisions\/101328"}],"wp:featuredmedia":[{"embeddable":true,"href":"https:\/\/www.leccecronaca.it\/index.php\/wp-json\/wp\/v2\/media\/101034"}],"wp:attachment":[{"href":"https:\/\/www.leccecronaca.it\/index.php\/wp-json\/wp\/v2\/media?parent=101031"}],"wp:term":[{"taxonomy":"category","embeddable":true,"href":"https:\/\/www.leccecronaca.it\/index.php\/wp-json\/wp\/v2\/categories?post=101031"},{"taxonomy":"post_tag","embeddable":true,"href":"https:\/\/www.leccecronaca.it\/index.php\/wp-json\/wp\/v2\/tags?post=101031"}],"curies":[{"name":"wp","href":"https:\/\/api.w.org\/{rel}","templated":true}]}}