{"id":101201,"date":"2016-10-26T18:08:00","date_gmt":"2016-10-26T16:08:00","guid":{"rendered":"http:\/\/www.leccecronaca.it\/?p=101201"},"modified":"2016-10-26T18:36:35","modified_gmt":"2016-10-26T16:36:35","slug":"lecce-domani-mattina-si-sapra-il-futuro-della-curva-sud","status":"publish","type":"post","link":"https:\/\/www.leccecronaca.it\/index.php\/2016\/10\/26\/lecce-domani-mattina-si-sapra-il-futuro-della-curva-sud\/","title":{"rendered":"LECCE \/ MENTRE CRESCE L&#8217; ATTESA PER LA SUPER SFIDA DI LUNEDI&#8217; PROSSIMO AL &#8216;VIA DEL MARE&#8217;, DOMANI MATTINA SI SAPRA&#8217; IL FUTURO DELLA CURVA SUD"},"content":{"rendered":"<p>di <strong>Francesco<\/strong> <strong>Giannetta<\/strong> ______<\/p>\n<p><img decoding=\"async\" loading=\"lazy\" width=\"1280\" height=\"853\" title=\"Lega-Pro-pallone-21\" class=\"aligncenter size-full wp-image-101202\" alt=\"\" src=\"https:\/\/www.leccecronaca.it\/wordpress\/wp-content\/uploads\/2016\/10\/Lega-Pro-pallone-212.jpg\" srcset=\"https:\/\/www.leccecronaca.it\/wordpress\/wp-content\/uploads\/2016\/10\/Lega-Pro-pallone-212.jpg 1280w, https:\/\/www.leccecronaca.it\/wordpress\/wp-content\/uploads\/2016\/10\/Lega-Pro-pallone-212-300x200.jpg 300w, https:\/\/www.leccecronaca.it\/wordpress\/wp-content\/uploads\/2016\/10\/Lega-Pro-pallone-212-1024x682.jpg 1024w, https:\/\/www.leccecronaca.it\/wordpress\/wp-content\/uploads\/2016\/10\/Lega-Pro-pallone-212-768x512.jpg 768w\" sizes=\"(max-width: 1280px) 100vw, 1280px\" \/><\/p>\n<p>E&#8217; atteso per domani mattina il responso della <strong>Commissione di Vigilanza sui Pubblici Spettacoli<\/strong> in merito alla riapertura della <strong>Curva Sud<\/strong> dello stadio &#8220;Via del Mare&#8221; di <strong>Lecce<\/strong>. Tifosi e societ\u00e0 aspettavano con ansia questo momento e, qualora la commissione dovesse esternare il suo <strong>&#8220;Si&#8221;<\/strong>, sar\u00e0 possibile gi\u00e0 da domani pomeriggio acquistare i tagliandi per i settori dello stadio che da troppo tempo sono chiusi e inagibili. La speranza \u00e8 quella di poter vedere, nel posticipo di luned\u00ec contro i satanelli del <strong>Foggia<\/strong>, un &#8220;Via del Mare&#8221; tutto giallorosso che sostenga la squadra nel delicato compito contro i rossoneri. I numeri dei biglietti venduti fanno ben sperare. I tagliandi venduti dalle 16.00 di ieri alle 17.30 di oggi risultano essere <strong>1.650<\/strong>, 370 dei quali appartenenti al settore ospiti.<\/p>\n<p><img decoding=\"async\" loading=\"lazy\" width=\"300\" height=\"164\" title=\"mario_pacilli_lecce_\" class=\"alignleft size-medium wp-image-101203\" alt=\"\" src=\"https:\/\/www.leccecronaca.it\/wordpress\/wp-content\/uploads\/2016\/10\/mario_pacilli_lecce_-300x164.jpg\" srcset=\"https:\/\/www.leccecronaca.it\/wordpress\/wp-content\/uploads\/2016\/10\/mario_pacilli_lecce_-300x164.jpg 300w, https:\/\/www.leccecronaca.it\/wordpress\/wp-content\/uploads\/2016\/10\/mario_pacilli_lecce_.jpg 620w\" sizes=\"(max-width: 300px) 100vw, 300px\" \/>Luned\u00ec contro il Foggia sar\u00e0 una gara bella e importante, come sostenuto anche dall&#8217;esterno d&#8217;attacco giallorosso<strong> Mario Pacilli<\/strong> che in conferenza stampa ha toccato vari temi come la sconfitta contro il <strong>Catania<\/strong>, i compagni di reparto <strong>Torromino<\/strong> e <strong>Caturano<\/strong>, la classifica e il posticipo di luned\u00ec:\u00a0<em>\u201cCatania \u00e8 gi\u00e0 archiviata, dobbiamo prendere le cose positive e andare avanti e pensare alla prossima partita. Domenica scorsa \u00e8 andata cos\u00ec, secondo me abbiamo perso immeritatamente per due episodi. Dobbiamo ripartire dalle cose positive, facendo tesoro degli errori commessi. Mancanza di cattiveria sottoporta? Non credo, a Catania \u00e8 stata per lo pi\u00f9 questione di centimetri e ripenso al colpo di testa di Ciancio o al palo di Cosenza. Sicuramente poi, anche come ha detto il mister, ci sono degli aspetti su cui lavorare e migliorare e da parte nostra ci metteremo sotto per farlo. Caturano e Torromino hanno dimostrato e dimostrano ogni giorno di poter fare la differenza e di essere attaccanti di categoria superiore. Non credo, per\u00f2, che per forza dipendiamo dalle loro reti, in altre gare ci sono stati i gol di altri compagni di squadra. Classifica veritiera? Forse ci manca qualche punto pensando a Catania, ma alla fine di un campionato fortuna e sfortuna si compensano. La gara con il Foggia? E\u2019 una gara importante, lo dice la classifica. Sar\u00e0 una gara bella da giocare, anche se i punti in palio sono sempre tre ed il campionato sar\u00e0 lungo.\u201d<\/em><\/p>\n<fb:like href='https:\/\/www.leccecronaca.it\/index.php\/2016\/10\/26\/lecce-domani-mattina-si-sapra-il-futuro-della-curva-sud\/' send='true' layout='button_count' show_faces='true' width='450' height='65' action='recommend' colorscheme='light' font='lucida grande'><\/fb:like><span class=\"fb_share\"><fb:like href=\"https:\/\/www.leccecronaca.it\/index.php\/2016\/10\/26\/lecce-domani-mattina-si-sapra-il-futuro-della-curva-sud\/\" layout=\"button_count\"><\/fb:like><\/span>","protected":false},"excerpt":{"rendered":"<p>di Francesco Giannetta ______ E&#8217; atteso per domani mattina il responso della Commissione di Vigilanza sui Pubblici Spettacoli in merito alla riapertura della Curva Sud dello stadio &#8220;Via del Mare&#8221; di Lecce. Tifosi e societ\u00e0 aspettavano con ansia questo momento e, qualora la commissione dovesse esternare il suo &#8220;Si&#8221;, sar\u00e0 possibile gi\u00e0 da domani pomeriggio [&hellip;]<\/p>\n","protected":false},"author":4,"featured_media":101202,"comment_status":"open","ping_status":"closed","sticky":false,"template":"","format":"standard","meta":[],"categories":[28],"tags":[],"_links":{"self":[{"href":"https:\/\/www.leccecronaca.it\/index.php\/wp-json\/wp\/v2\/posts\/101201"}],"collection":[{"href":"https:\/\/www.leccecronaca.it\/index.php\/wp-json\/wp\/v2\/posts"}],"about":[{"href":"https:\/\/www.leccecronaca.it\/index.php\/wp-json\/wp\/v2\/types\/post"}],"author":[{"embeddable":true,"href":"https:\/\/www.leccecronaca.it\/index.php\/wp-json\/wp\/v2\/users\/4"}],"replies":[{"embeddable":true,"href":"https:\/\/www.leccecronaca.it\/index.php\/wp-json\/wp\/v2\/comments?post=101201"}],"version-history":[{"count":5,"href":"https:\/\/www.leccecronaca.it\/index.php\/wp-json\/wp\/v2\/posts\/101201\/revisions"}],"predecessor-version":[{"id":101205,"href":"https:\/\/www.leccecronaca.it\/index.php\/wp-json\/wp\/v2\/posts\/101201\/revisions\/101205"}],"wp:featuredmedia":[{"embeddable":true,"href":"https:\/\/www.leccecronaca.it\/index.php\/wp-json\/wp\/v2\/media\/101202"}],"wp:attachment":[{"href":"https:\/\/www.leccecronaca.it\/index.php\/wp-json\/wp\/v2\/media?parent=101201"}],"wp:term":[{"taxonomy":"category","embeddable":true,"href":"https:\/\/www.leccecronaca.it\/index.php\/wp-json\/wp\/v2\/categories?post=101201"},{"taxonomy":"post_tag","embeddable":true,"href":"https:\/\/www.leccecronaca.it\/index.php\/wp-json\/wp\/v2\/tags?post=101201"}],"curies":[{"name":"wp","href":"https:\/\/api.w.org\/{rel}","templated":true}]}}