{"id":101217,"date":"2016-10-26T19:49:03","date_gmt":"2016-10-26T17:49:03","guid":{"rendered":"http:\/\/www.leccecronaca.it\/?p=101217"},"modified":"2016-10-29T12:32:38","modified_gmt":"2016-10-29T10:32:38","slug":"la-sentenza-del-tribunale-di-brindisi-sui-danni-di-cerano-condannati-due-dirigenti-a-nove-mesi-con-pena-sospesa-e-non-menzione-altri-due-prescriti-undici-assolti-riconosciuti-i-danni-solament","status":"publish","type":"post","link":"https:\/\/www.leccecronaca.it\/index.php\/2016\/10\/26\/la-sentenza-del-tribunale-di-brindisi-sui-danni-di-cerano-condannati-due-dirigenti-a-nove-mesi-con-pena-sospesa-e-non-menzione-altri-due-prescriti-undici-assolti-riconosciuti-i-danni-solament\/","title":{"rendered":"LA SENTENZA SUI DANNI DI CERANO: CONDANNATI DUE DIRIGENTI A NOVE MESI. ALTRI DUE &#8216;PRESCRITI&#8217;. UNDICI ASSOLTI. RICONOSCIUTI I DANNI SOLAMENTE AGLI AGRICOLTORI PER LE COLTIVAZIONI. PER QUELLI FATTI A TUTTI I SALENTINI NON PAGHERA&#8217; NIENTE NESSUNO"},"content":{"rendered":"<p><img decoding=\"async\" loading=\"lazy\" width=\"1000\" height=\"653\" title=\"cerano-giuggiola-2\" class=\"alignleft size-full wp-image-101218\" alt=\"\" src=\"https:\/\/www.leccecronaca.it\/wordpress\/wp-content\/uploads\/2016\/10\/cerano-giuggiola-2.jpg\" srcset=\"https:\/\/www.leccecronaca.it\/wordpress\/wp-content\/uploads\/2016\/10\/cerano-giuggiola-2.jpg 1000w, https:\/\/www.leccecronaca.it\/wordpress\/wp-content\/uploads\/2016\/10\/cerano-giuggiola-2-300x196.jpg 300w, https:\/\/www.leccecronaca.it\/wordpress\/wp-content\/uploads\/2016\/10\/cerano-giuggiola-2-768x502.jpg 768w\" sizes=\"(max-width: 1000px) 100vw, 1000px\" \/>(Rdl)______Otto anni dopo il primo esposto in Procura dei proprietari dei terreni limitrofi, e a quattro dall&#8217; inizio, si \u00e8 arrivati oggi a sentenza nel processo per la diffusione delle polveri di carbone dal carbonile e dal nastro trasportatore della centrale Enel di Cerano.<\/p>\n<p>Due manager dell&#8217; Enel, Calogero Sanfilippo e Antonino Ascione sono stati condannati a nove mesi di reclusione, con pena sospesa e non menzione, a fronte di ben\u00a0pi\u00f9 elevate\u00a0richieste del pubblico ministero Giuseppe De Nozza, che di condanne ne aveva chieste tredici.<\/p>\n<p>Nei confronti di altri due dirigenti,\u00a0Sandro Valery e Luciano Mirko Pistillo, \u00e8 invece intervenuta la prescrizione.<\/p>\n<p>Altri undici\u00a0imputati, due dei quali imprenditori locali, sono stati assolti: Vincenzo Putignano, Lorenzo Laricchia, Fausto Bassi, Diego Baio, Gianmarco Piacente, Fabio De Filippo, Giuseppe Varallo, Massimo Distante, Giovanni Madia, Aldo Cannone e Luca Screti.<\/p>\n<p>I due condannati, in solido con Enel Produzione, dovranno anche risarcire tutti gli agricoltori proprietari di terreni nella zona, che avevano chiesto il ristoro del danno subito per il deposito di polvere di carbone sulle colture.<\/p>\n<p>Sono state rigettate le domande di risarcimento dei danni proposte dalle altre parti civili: il Comune di Brindisi, la Provincia di Brindisi, alcuni enti e associazioni ambientaliste.<\/p>\n<p>In pratica ci\u00f2 significa che va bene, l&#8217; Enel pagher\u00e0 per i danni fatte alle coltivazioni agricole, pagher\u00e0 sempre che adesso non si vada avanti ancora per ulteriori vie legali; ma non pagher\u00e0 niente per i danni che ha fato e che continua a fare, anche in termini di decine di vite umane all&#8217; anno, ai cittadini della zona, provincia di Lecce compresa, e anzi particolarmente esposta. L&#8217; Ente Provincia di Lecce, a differenza di quella di Brindisi, non si era nemmeno costituita in giudizio.<\/p>\n<p>In altra sede, rimane ancora in piedi la procedura di infrazione aperta a carico dell&#8217; Enel dall&#8217; Unione Europea. ______<\/p>\n<p>L&#8217; APPROFONDIMENTO nel nostro articolo del 21 dicembre scorso, in coda al quale ci sono ulteriori link di nostre ricerche precise e documentazioni specifiche sulla questione socio-sanitaria<\/p>\n<p><a href=\"https:\/\/www.leccecronaca.it\/index.php\/2015\/12\/21\/cerano-una-volta-a-cerano-una-favola-per-i-grandi-reportage\/\">https:\/\/www.leccecronaca.it\/index.php\/2015\/12\/21\/cerano-una-volta-a-cerano-una-favola-per-i-grandi-reportage\/<\/a><\/p>\n<p>&nbsp;<\/p>\n<fb:like href='https:\/\/www.leccecronaca.it\/index.php\/2016\/10\/26\/la-sentenza-del-tribunale-di-brindisi-sui-danni-di-cerano-condannati-due-dirigenti-a-nove-mesi-con-pena-sospesa-e-non-menzione-altri-due-prescriti-undici-assolti-riconosciuti-i-danni-solament\/' send='true' layout='button_count' show_faces='true' width='450' height='65' action='recommend' colorscheme='light' font='lucida grande'><\/fb:like><span class=\"fb_share\"><fb:like href=\"https:\/\/www.leccecronaca.it\/index.php\/2016\/10\/26\/la-sentenza-del-tribunale-di-brindisi-sui-danni-di-cerano-condannati-due-dirigenti-a-nove-mesi-con-pena-sospesa-e-non-menzione-altri-due-prescriti-undici-assolti-riconosciuti-i-danni-solament\/\" layout=\"button_count\"><\/fb:like><\/span>","protected":false},"excerpt":{"rendered":"<p>(Rdl)______Otto anni dopo il primo esposto in Procura dei proprietari dei terreni limitrofi, e a quattro dall&#8217; inizio, si \u00e8 arrivati oggi a sentenza nel processo per la diffusione delle polveri di carbone dal carbonile e dal nastro trasportatore della centrale Enel di Cerano. Due manager dell&#8217; Enel, Calogero Sanfilippo e Antonino Ascione sono stati [&hellip;]<\/p>\n","protected":false},"author":4,"featured_media":101218,"comment_status":"open","ping_status":"closed","sticky":false,"template":"","format":"standard","meta":[],"categories":[69,76],"tags":[],"_links":{"self":[{"href":"https:\/\/www.leccecronaca.it\/index.php\/wp-json\/wp\/v2\/posts\/101217"}],"collection":[{"href":"https:\/\/www.leccecronaca.it\/index.php\/wp-json\/wp\/v2\/posts"}],"about":[{"href":"https:\/\/www.leccecronaca.it\/index.php\/wp-json\/wp\/v2\/types\/post"}],"author":[{"embeddable":true,"href":"https:\/\/www.leccecronaca.it\/index.php\/wp-json\/wp\/v2\/users\/4"}],"replies":[{"embeddable":true,"href":"https:\/\/www.leccecronaca.it\/index.php\/wp-json\/wp\/v2\/comments?post=101217"}],"version-history":[{"count":6,"href":"https:\/\/www.leccecronaca.it\/index.php\/wp-json\/wp\/v2\/posts\/101217\/revisions"}],"predecessor-version":[{"id":101220,"href":"https:\/\/www.leccecronaca.it\/index.php\/wp-json\/wp\/v2\/posts\/101217\/revisions\/101220"}],"wp:featuredmedia":[{"embeddable":true,"href":"https:\/\/www.leccecronaca.it\/index.php\/wp-json\/wp\/v2\/media\/101218"}],"wp:attachment":[{"href":"https:\/\/www.leccecronaca.it\/index.php\/wp-json\/wp\/v2\/media?parent=101217"}],"wp:term":[{"taxonomy":"category","embeddable":true,"href":"https:\/\/www.leccecronaca.it\/index.php\/wp-json\/wp\/v2\/categories?post=101217"},{"taxonomy":"post_tag","embeddable":true,"href":"https:\/\/www.leccecronaca.it\/index.php\/wp-json\/wp\/v2\/tags?post=101217"}],"curies":[{"name":"wp","href":"https:\/\/api.w.org\/{rel}","templated":true}]}}