{"id":101365,"date":"2016-10-28T19:45:17","date_gmt":"2016-10-28T17:45:17","guid":{"rendered":"http:\/\/www.leccecronaca.it\/?p=101365"},"modified":"2016-11-01T08:05:57","modified_gmt":"2016-11-01T07:05:57","slug":"lo-strano-caso-del-regina-pacis-di-san-foca-centro-permanenza-temporanea-a-cinque-stelle","status":"publish","type":"post","link":"https:\/\/www.leccecronaca.it\/index.php\/2016\/10\/28\/lo-strano-caso-del-regina-pacis-di-san-foca-centro-permanenza-temporanea-a-cinque-stelle\/","title":{"rendered":"LO STRANO CASO DEL &#8216;REGINA PACIS&#8217; DI SAN FOCA \/ CENTRO PERMANENZA TEMPORANEA A CINQUE STELLE"},"content":{"rendered":"<p><img decoding=\"async\" loading=\"lazy\" width=\"600\" height=\"400\" title=\"img_archivio11972012111033\" class=\"aligncenter size-full wp-image-101366\" alt=\"\" src=\"https:\/\/www.leccecronaca.it\/wordpress\/wp-content\/uploads\/2016\/10\/img_archivio11972012111033.jpg\" srcset=\"https:\/\/www.leccecronaca.it\/wordpress\/wp-content\/uploads\/2016\/10\/img_archivio11972012111033.jpg 600w, https:\/\/www.leccecronaca.it\/wordpress\/wp-content\/uploads\/2016\/10\/img_archivio11972012111033-300x200.jpg 300w\" sizes=\"(max-width: 600px) 100vw, 600px\" \/>di <strong>Giuseppe Puppo<\/strong>______<\/p>\n<p>Da soggiorno per le colonie dei bambini dei tempi che furono, era diventata una struttura fatiscente, riadattata negli anni scorsi a &#8216;centro permanenza temporanea&#8217;, CPT in gergo, quale\u00a0concreta possibilit\u00e0\u00a0destinata ai bisognosi; ma oramai non accoglieva pi\u00f9 nessuno, e come e perch\u00e9 si\u00a0fosse ridotta cos\u00ec, \u00e8 tutta un&#8217; altra storia, che pure sarebbe sicuramente edificante raccontare. Ma tant&#8217; era.<\/p>\n<p>Adesso invece torner\u00e0 ad accogliere. Profughi richiedenti asilo che fuggono dalle guerre? Migranti in cerca di una possibilit\u00e0 per sfuggire a fame e miseria? Famiglie italiane di sfrattati che non ce la fanno ad arrivare a fine mese e intanto dormono nelle auto, oppure ospitati dai parenti? Senza tetto che giacciono in giacigli di fortuna, disseminati nella periferia della grande Lecce, in balia della tramontana del lento inverno salentino e che continuano a morire come cani abbandonati?<\/p>\n<p><img decoding=\"async\" loading=\"lazy\" width=\"300\" height=\"223\" title=\"11826015_1058589627487686_2461953147073187198_n\" class=\"aligncenter size-medium wp-image-101370\" alt=\"\" src=\"https:\/\/www.leccecronaca.it\/wordpress\/wp-content\/uploads\/2016\/10\/11826015_1058589627487686_2461953147073187198_n-300x223.jpg\" \/><\/p>\n<p>No, niente di tutto questo.<\/p>\n<p>La Regina\u00a0della pace sar\u00e0 un tempio al turismo extralusso fronte mare. Diventer\u00e0 &#8211; anzi, sta diventando: i lavori sono gi\u00e0 iniziati &#8211; un hotel a cinque stelle, un albergo per\u00a0gli adepti\u00a0del modello Briatore, e sia chiaro che &#8216;stavolta il buon Flavio, al quale il &#8216;Twiga&#8217; di Otranto, del quale ci siamo occupati nei mesi scorsi e di cui torneremo ad occuparci,\u00a0basta e avanza, non c&#8217; entra nulla.<\/p>\n<p>E allora chi c&#8217; entra, &#8216; stavolta?<\/p>\n<p>Vediamo.<\/p>\n<p>E perch\u00e9 vediamo?<\/p>\n<p>Vediamo perch\u00e9 qui, quand&#8217; anche fosse tutto in ordine da un punto di vista amministrativo, e tutto in regola da un punto di vista politico, rimane la questione morale: una struttura destinata ai bisognosi, agli ultimi, agli esclusi, che sono tanti, cambia destinazione d&#8217; uso e diventa invece oggetto di profitto di privati, e resort degli agi per i primi, i ricchi, i privilegiati. Questo, esattamente questo.<\/p>\n<p>La struttura &#8216;Regina pacis&#8217;, San Foca, marina di Melendugno, era di propriet\u00e0 della Curia vescovile di Lecce.<\/p>\n<p>La Curia per\u00f2, senza consultazione dei fedeli, senza nessun ripensamento, che sarebbe stato quanto mi opportuno, senza indugio, direi, la vendette\u00a0nel 2007\u00a0alla famiglia Semeraro,\u00a0i banchieri\u00a0ex proprietari dell&#8217; &#8216;Unione sportiva Lecce&#8217;, tanto per capirci, i quali avviarono un primo studio di &#8216;riconversione&#8217; per l&#8217; alta clientela turistica internazionale.<\/p>\n<p>Ma qualcosa non deve averli convinti, del progetto, oppure vai a sapere &#8211; e noi non sappiamo &#8211; fatto sta che l&#8217; hanno successivamente rivenduta.<\/p>\n<p>Ma fermiamoci un attimo.<\/p>\n<p><img decoding=\"async\" loading=\"lazy\" width=\"300\" height=\"225\" title=\"MessaggioCitta_1\" class=\"aligncenter size-medium wp-image-101367\" alt=\"\" src=\"https:\/\/www.leccecronaca.it\/wordpress\/wp-content\/uploads\/2016\/10\/MessaggioCitta_1-300x225.jpg\" srcset=\"https:\/\/www.leccecronaca.it\/wordpress\/wp-content\/uploads\/2016\/10\/MessaggioCitta_1-300x225.jpg 300w, https:\/\/www.leccecronaca.it\/wordpress\/wp-content\/uploads\/2016\/10\/MessaggioCitta_1-768x576.jpg 768w, https:\/\/www.leccecronaca.it\/wordpress\/wp-content\/uploads\/2016\/10\/MessaggioCitta_1-400x300.jpg 400w, https:\/\/www.leccecronaca.it\/wordpress\/wp-content\/uploads\/2016\/10\/MessaggioCitta_1.jpg 800w\" sizes=\"(max-width: 300px) 100vw, 300px\" \/><\/p>\n<p>Ritornano alla mente le parole pronunciate dall&#8217; arcivescovo Domenico D&#8217; Ambrosio durante le ultime festivit\u00e0 patronali. Ricevendo una delegazione di &#8216;senza tetto&#8217; leccesi, a pochi giorni di distanza dalla morte di uno di loro, Giuseppe Fiorentino, l&#8217; arcivescovo promise loro un intervento deciso a loro favore: &#8220;<em>Scuoter\u00f2 il cuore delle istituzioni cittadine che domani, in occasione del tradizionale messaggio alla Citt\u00e0,\u00a0richiamer\u00f2 ad un maggiore impegno\u201d.<\/em><\/p>\n<p><em><\/em>Poi per\u00f2 il giorno dopo, nel suo discorso si dimentic\u00f2 completamente di quello che aveva promesso poche ore prima. Anzi: ai &#8216;potenti&#8217; <em>&#8220;che stanno al potere<\/em>&#8220;, rivolse parole di &#8220;<em>amicizia e stima<\/em>&#8220;.\u00a0Altro che &#8216;strigliata&#8217;!<\/p>\n<p>E certo ai senza tetto leccesi la storia della vendita del &#8216;Regina pacis&#8217; passata dalla Curia, ai banchieri, con tanto di cambio di destinazione d&#8217; uso, avrebbe certo interessato molto.<\/p>\n<p>Nel frattempo, in quei mesi, dai Semeraro la struttura di San Foca era\u00a0stata acquisita\u00a0dai Mazzotta, i quali, proprio in quei giorni dello scorso fine agosto dei santi patroni, annunciarono il fatto compiuto: l&#8217; avviata costruzione del mega hotel extra lusso, centotedieci\u00a0suite vista mare e con idromassaggio, piscina, fitness e altre delizie.<\/p>\n<p><img decoding=\"async\" loading=\"lazy\" width=\"300\" height=\"168\" title=\"regina-pacis-4\" class=\"aligncenter size-medium wp-image-101368\" alt=\"\" src=\"https:\/\/www.leccecronaca.it\/wordpress\/wp-content\/uploads\/2016\/10\/regina-pacis-4-300x168.jpg\" \/><\/p>\n<p>Ad essere precisi, nuova proprietaria era diventata una societ\u00e0,\u00a0la &#8216;p.g.h. Queen Hotel s.r.l.&#8217;, COSTRUZIONE DI EDIFICI RESIDENZIALI E NON RESIDENZIALI , con sede a Lecce.<\/p>\n<p>Amministratore delegato \u00e8 Giancarlo Mazzotta, 46 anni, sindaco di Carmiano, eletto in una lista civica, ma espressione di &#8216;Forza Italia&#8217;, anzi perfetta esemplificazione di politico-imprenditore.<\/p>\n<p>Poi &#8211; toh, anche qui, come per il &#8216;Twiga&#8217; di Otranto, ritornano gli intrecci fra affari e politica, e ritornano i figli di pap\u00e0 &#8211;\u00a0Giancarlo Mazzotta \u00e8 il padre di Paride, 27 anni, consigliere comunale a Palazzo Carafa,\u00a0e coordinatore provinciale di Forza Italia, nominato direttamente da Silvio Berlusconi.<\/p>\n<p><img decoding=\"async\" loading=\"lazy\" width=\"300\" height=\"300\" title=\"11233803_10206293484838136_8051576890375294186_n\" class=\"aligncenter size-medium wp-image-101369\" alt=\"\" src=\"https:\/\/www.leccecronaca.it\/wordpress\/wp-content\/uploads\/2016\/10\/11233803_10206293484838136_8051576890375294186_n-300x300.jpg\" srcset=\"https:\/\/www.leccecronaca.it\/wordpress\/wp-content\/uploads\/2016\/10\/11233803_10206293484838136_8051576890375294186_n-300x300.jpg 300w, https:\/\/www.leccecronaca.it\/wordpress\/wp-content\/uploads\/2016\/10\/11233803_10206293484838136_8051576890375294186_n-150x150.jpg 150w, https:\/\/www.leccecronaca.it\/wordpress\/wp-content\/uploads\/2016\/10\/11233803_10206293484838136_8051576890375294186_n-60x60.jpg 60w, https:\/\/www.leccecronaca.it\/wordpress\/wp-content\/uploads\/2016\/10\/11233803_10206293484838136_8051576890375294186_n.jpg 638w\" sizes=\"(max-width: 300px) 100vw, 300px\" \/><\/p>\n<p>Anch&#8217; egli politico &#8211; imprenditore, della Madigest Hotel &amp; Resort, SERVIZI NELL&#8217;ALLESTIMENTO DI STRUTTURE TURISTICHE ED ALBERGHIERE, che gi\u00e0 gestisce altre strutture nella zona di Melendugno.<\/p>\n<p>Sindaco di Melendugno \u00e8 Marco Pot\u00ec, noto alle cronache salentine, e oramai nazionali,\u00a0quale strenuo oppositore del gasdotto della Tap, e certamente non sono ipotizzabili sue simpatie per &#8216;Forza Italia&#8217;.<\/p>\n<p>In ogni caso, il consiglio comunale i Melendugno non ha trovato niente da ridire al progetto della &#8216;p.g.h. Queen Hotel s.r.l.&#8217;, e l&#8217; ufficio tecnico del Comune ha rilasciato evidentemente tutti i permessi necessari, se i lavori sono iniziati, oramai da un po&#8217;.<\/p>\n<p>Tutto a posto, allora?<\/p>\n<p>Mah&#8230;<\/p>\n<p><img decoding=\"async\" loading=\"lazy\" width=\"300\" height=\"225\" title=\"daniela-donno-m5s\" class=\"aligncenter size-medium wp-image-101371\" alt=\"\" src=\"https:\/\/www.leccecronaca.it\/wordpress\/wp-content\/uploads\/2016\/10\/daniela-donno-m5s-300x225.jpg\" srcset=\"https:\/\/www.leccecronaca.it\/wordpress\/wp-content\/uploads\/2016\/10\/daniela-donno-m5s-300x225.jpg 300w, https:\/\/www.leccecronaca.it\/wordpress\/wp-content\/uploads\/2016\/10\/daniela-donno-m5s-768x576.jpg 768w, https:\/\/www.leccecronaca.it\/wordpress\/wp-content\/uploads\/2016\/10\/daniela-donno-m5s-400x300.jpg 400w, https:\/\/www.leccecronaca.it\/wordpress\/wp-content\/uploads\/2016\/10\/daniela-donno-m5s.jpg 800w\" sizes=\"(max-width: 300px) 100vw, 300px\" \/><\/p>\n<p>Non ne \u00e8 convinta Daniela Donno, senatrice\u00a0leccese del Movimento Cinque Stelle (le stelle politiche, non quelle alberghiere), la quale ieri mattina ha presentato un&#8217; interrogazione parlamentare a tre\u00a0ministri: dell&#8217; Ambiente, delle Infrastrutture e dei Beni culturali.<\/p>\n<p>Evidenziando che<em>\u00a0&#8220;trattandosi di zona sottoposta a vincolo paesaggistico, \u00e8 indispensabile il via libera della Soprintendenza per la modifica delle volumetrie&#8221;<\/em>; nonch\u00e9 che\u00a0&#8220;<em>l&#8217;area sorge a pochi metri dalla riva, in un territorio di alto pregio paesaggistico, storico e culturale, su un fragile costone di falesia, formato a sua volta da roccia arenaria, soggetta ad erosione<\/em>&#8220;, e ancora l&#8217;\u00a0<em>&#8220;esigenza di tutela dell&#8217;area costiera, caratterizzata dalla presenza di biodiversit\u00e0 marine sia animali che vegetali, nonch\u00e9 da limitrofi siti archeologici di pregio&#8221;; <\/em><\/p>\n<p><em><\/em>la senatrice chiede di sapere:<em>\u00a0<\/em><\/p>\n<p><em>&#8220;se i Ministri in indirizzo siano a conoscenza dei fatti descritti;\u00a0se ritengano opportuno accertare, nei limiti delle proprie competenze ed attribuzioni, il corretto esperimento, nelle diverse fasi e secondo la normativa vigente, delle procedure legate alla programmata realizzazione, in un&#8217;ottica di tutela dell&#8217;ambiente, del paesaggio e delle aree marine coinvolte;\u00a0se non ritengano necessario adoperarsi affinch\u00e9 sia adeguatamente contrastata ogni attivit\u00e0 di edificazione e cementificazione avente natura speculativa attuata in spregio delle risorse naturali, geologiche, faunistiche e del patrimonio paesaggistico&#8221;.<\/em><\/p>\n<p>In attesa che Gian Luca Galletti, Graziano Delrio e Dario Franceschini rispondano, in qualche modo, a queste domande, l&#8217; interrogativo principale su questo nuovo strano caso all&#8217; italiana, anzi, alla salentina, \u00e8 per\u00f2 di ordine morale.<\/p>\n<p>Gi\u00e0, perch\u00e9 poi, in fondo, sempre centro di permanenza temporanea \u00e8 rimasto&#8230;<\/p>\n<p>Ma\u00a0fare i conti con la morale \u00e8 sempre molto pi\u00f9 difficile che fare i conti con la politica: non si pu\u00f2 eludere, o imbrogliare.<\/p>\n<p>&nbsp;<\/p>\n<p>&nbsp;<\/p>\n<p>&nbsp;<\/p>\n<fb:like href='https:\/\/www.leccecronaca.it\/index.php\/2016\/10\/28\/lo-strano-caso-del-regina-pacis-di-san-foca-centro-permanenza-temporanea-a-cinque-stelle\/' send='true' layout='button_count' show_faces='true' width='450' height='65' action='recommend' colorscheme='light' font='lucida grande'><\/fb:like><span class=\"fb_share\"><fb:like href=\"https:\/\/www.leccecronaca.it\/index.php\/2016\/10\/28\/lo-strano-caso-del-regina-pacis-di-san-foca-centro-permanenza-temporanea-a-cinque-stelle\/\" layout=\"button_count\"><\/fb:like><\/span>","protected":false},"excerpt":{"rendered":"<p>di Giuseppe Puppo______ Da soggiorno per le colonie dei bambini dei tempi che furono, era diventata una struttura fatiscente, riadattata negli anni scorsi a &#8216;centro permanenza temporanea&#8217;, CPT in gergo, quale\u00a0concreta possibilit\u00e0\u00a0destinata ai bisognosi; ma oramai non accoglieva pi\u00f9 nessuno, e come e perch\u00e9 si\u00a0fosse ridotta cos\u00ec, \u00e8 tutta un&#8217; altra storia, che pure sarebbe [&hellip;]<\/p>\n","protected":false},"author":4,"featured_media":101366,"comment_status":"open","ping_status":"closed","sticky":false,"template":"","format":"standard","meta":[],"categories":[69,76],"tags":[],"_links":{"self":[{"href":"https:\/\/www.leccecronaca.it\/index.php\/wp-json\/wp\/v2\/posts\/101365"}],"collection":[{"href":"https:\/\/www.leccecronaca.it\/index.php\/wp-json\/wp\/v2\/posts"}],"about":[{"href":"https:\/\/www.leccecronaca.it\/index.php\/wp-json\/wp\/v2\/types\/post"}],"author":[{"embeddable":true,"href":"https:\/\/www.leccecronaca.it\/index.php\/wp-json\/wp\/v2\/users\/4"}],"replies":[{"embeddable":true,"href":"https:\/\/www.leccecronaca.it\/index.php\/wp-json\/wp\/v2\/comments?post=101365"}],"version-history":[{"count":12,"href":"https:\/\/www.leccecronaca.it\/index.php\/wp-json\/wp\/v2\/posts\/101365\/revisions"}],"predecessor-version":[{"id":101693,"href":"https:\/\/www.leccecronaca.it\/index.php\/wp-json\/wp\/v2\/posts\/101365\/revisions\/101693"}],"wp:featuredmedia":[{"embeddable":true,"href":"https:\/\/www.leccecronaca.it\/index.php\/wp-json\/wp\/v2\/media\/101366"}],"wp:attachment":[{"href":"https:\/\/www.leccecronaca.it\/index.php\/wp-json\/wp\/v2\/media?parent=101365"}],"wp:term":[{"taxonomy":"category","embeddable":true,"href":"https:\/\/www.leccecronaca.it\/index.php\/wp-json\/wp\/v2\/categories?post=101365"},{"taxonomy":"post_tag","embeddable":true,"href":"https:\/\/www.leccecronaca.it\/index.php\/wp-json\/wp\/v2\/tags?post=101365"}],"curies":[{"name":"wp","href":"https:\/\/api.w.org\/{rel}","templated":true}]}}