{"id":101555,"date":"2016-10-30T13:28:13","date_gmt":"2016-10-30T12:28:13","guid":{"rendered":"http:\/\/www.leccecronaca.it\/?p=101555"},"modified":"2016-10-30T17:36:07","modified_gmt":"2016-10-30T16:36:07","slug":"l-ombra-della-sacra-corona-unita-su-un-nuovo-agguato-a-colpi-di-arma-da-fuoco-pregiudicato-di-monteroni-ferito-a-copertino-e-grave-in-ospedale","status":"publish","type":"post","link":"https:\/\/www.leccecronaca.it\/index.php\/2016\/10\/30\/l-ombra-della-sacra-corona-unita-su-un-nuovo-agguato-a-colpi-di-arma-da-fuoco-pregiudicato-di-monteroni-ferito-a-copertino-e-grave-in-ospedale\/","title":{"rendered":"L&#8217; OMBRA DELLA SACRA CORONA UNITA SU UN NUOVO AGGUATO A COLPI DI ARMA DA FUOCO. PREGIUDICATO DI MONTERONI FERITO A COPERTINO, E&#8217; GRAVE IN OSPEDALE"},"content":{"rendered":"<p><img decoding=\"async\" loading=\"lazy\" width=\"1024\" height=\"768\" title=\"24990632_c615c\" class=\"aligncenter size-full wp-image-101559\" alt=\"\" src=\"https:\/\/www.leccecronaca.it\/wordpress\/wp-content\/uploads\/2016\/10\/24990632_c615c.jpg\" srcset=\"https:\/\/www.leccecronaca.it\/wordpress\/wp-content\/uploads\/2016\/10\/24990632_c615c.jpg 1024w, https:\/\/www.leccecronaca.it\/wordpress\/wp-content\/uploads\/2016\/10\/24990632_c615c-300x225.jpg 300w, https:\/\/www.leccecronaca.it\/wordpress\/wp-content\/uploads\/2016\/10\/24990632_c615c-768x576.jpg 768w, https:\/\/www.leccecronaca.it\/wordpress\/wp-content\/uploads\/2016\/10\/24990632_c615c-400x300.jpg 400w\" sizes=\"(max-width: 1024px) 100vw, 1024px\" \/>(e.l.)______A quattro giorni dall&#8217; agguato mortale in cui \u00e8 stato assassinato Augustino Potenza, un nuovo inquietante episodio di violenza, riconducibile agli ambienti della criminalit\u00e0 organizzata. Un&#8217; altra sparatoria vicino alla gente. Un altro regolamento di conti, vecchi, o nuovi, non \u00e8 ancora chiaro, al momento, cos\u00ec come, per quanto ipotizzabile, non ci sono elementi concreti che portino a collegare l&#8217; episodio di Casarano, con quanto uccesso ieri sera a Copertino.<\/p>\n<p>Ma \u00e8 una delle ipotesi su cui gli inquirenti stanno lavorando in queste ore, dal momento che in passato le &#8216;attivit\u00e0&#8217; delle due vittime si sono incrociate.<\/p>\n<p>Ieri sera, verso le 21, due sicari sono arrivati davanti ad un negozio di via Piave, gestito dalla moglie del loro obiettivo. Uno \u00e8 rimasto in auto, pronto a ripartire, l&#8217; altro \u00e8 sceso, ed ha sparato per uccidere, direttamente al petto di\u00a0Roberto Giancane, 43 anni, di Monteroni.<\/p>\n<p>Raggiunto da un\u00a0colpo, \u00e8 stato poi ricoverato nel reparto rianimazione del &#8216;Vito Fazzi&#8217; di Lecce, dove \u00e8 in gravi condizioni.<\/p>\n<p>Un secondo colpo, che sarebbe stato quello di grazia, non \u00e8 partito, perch\u00e9 l&#8217; arma usata dal sicario, una Tokarev 7,62 , si \u00e9 inceppata.<\/p>\n<p>L&#8217; uomo,\u00a0soprannominato &#8220;Nocciolina&#8221;,\u00a0che da anni era ridotto su una sedia a rotelle, da quando usc\u00ec vivo per miracolo, ma invalido, da un altro agguato, ha numerosi precedenti per rapina, estorsione e spaccio di droga. ______<\/p>\n<p>LA RICERCA nei nostri articoli dei giorni scorsi<\/p>\n<p><a href=\"https:\/\/www.leccecronaca.it\/index.php\/2016\/10\/26\/ultimora-boss-della-sacra-corona-unita-assassinato-nel-parcheggio-di-un-supermercato-di-casarano\/\">https:\/\/www.leccecronaca.it\/index.php\/2016\/10\/26\/ultimora-boss-della-sacra-corona-unita-assassinato-nel-parcheggio-di-un-supermercato-di-casarano\/<\/a><\/p>\n<p><a href=\"https:\/\/www.leccecronaca.it\/index.php\/2016\/10\/27\/l-agguato-mortale-di-casarano-aggiornamenti\/\">https:\/\/www.leccecronaca.it\/index.php\/2016\/10\/27\/l-agguato-mortale-di-casarano-aggiornamenti\/<\/a><\/p>\n<p>&nbsp;<\/p>\n<p>&nbsp;<\/p>\n<p>&nbsp;<\/p>\n<fb:like href='https:\/\/www.leccecronaca.it\/index.php\/2016\/10\/30\/l-ombra-della-sacra-corona-unita-su-un-nuovo-agguato-a-colpi-di-arma-da-fuoco-pregiudicato-di-monteroni-ferito-a-copertino-e-grave-in-ospedale\/' send='true' layout='button_count' show_faces='true' width='450' height='65' action='recommend' colorscheme='light' font='lucida grande'><\/fb:like><span class=\"fb_share\"><fb:like href=\"https:\/\/www.leccecronaca.it\/index.php\/2016\/10\/30\/l-ombra-della-sacra-corona-unita-su-un-nuovo-agguato-a-colpi-di-arma-da-fuoco-pregiudicato-di-monteroni-ferito-a-copertino-e-grave-in-ospedale\/\" layout=\"button_count\"><\/fb:like><\/span>","protected":false},"excerpt":{"rendered":"<p>(e.l.)______A quattro giorni dall&#8217; agguato mortale in cui \u00e8 stato assassinato Augustino Potenza, un nuovo inquietante episodio di violenza, riconducibile agli ambienti della criminalit\u00e0 organizzata. Un&#8217; altra sparatoria vicino alla gente. Un altro regolamento di conti, vecchi, o nuovi, non \u00e8 ancora chiaro, al momento, cos\u00ec come, per quanto ipotizzabile, non ci sono elementi concreti [&hellip;]<\/p>\n","protected":false},"author":4,"featured_media":101559,"comment_status":"open","ping_status":"closed","sticky":false,"template":"","format":"standard","meta":[],"categories":[69],"tags":[],"_links":{"self":[{"href":"https:\/\/www.leccecronaca.it\/index.php\/wp-json\/wp\/v2\/posts\/101555"}],"collection":[{"href":"https:\/\/www.leccecronaca.it\/index.php\/wp-json\/wp\/v2\/posts"}],"about":[{"href":"https:\/\/www.leccecronaca.it\/index.php\/wp-json\/wp\/v2\/types\/post"}],"author":[{"embeddable":true,"href":"https:\/\/www.leccecronaca.it\/index.php\/wp-json\/wp\/v2\/users\/4"}],"replies":[{"embeddable":true,"href":"https:\/\/www.leccecronaca.it\/index.php\/wp-json\/wp\/v2\/comments?post=101555"}],"version-history":[{"count":5,"href":"https:\/\/www.leccecronaca.it\/index.php\/wp-json\/wp\/v2\/posts\/101555\/revisions"}],"predecessor-version":[{"id":101581,"href":"https:\/\/www.leccecronaca.it\/index.php\/wp-json\/wp\/v2\/posts\/101555\/revisions\/101581"}],"wp:featuredmedia":[{"embeddable":true,"href":"https:\/\/www.leccecronaca.it\/index.php\/wp-json\/wp\/v2\/media\/101559"}],"wp:attachment":[{"href":"https:\/\/www.leccecronaca.it\/index.php\/wp-json\/wp\/v2\/media?parent=101555"}],"wp:term":[{"taxonomy":"category","embeddable":true,"href":"https:\/\/www.leccecronaca.it\/index.php\/wp-json\/wp\/v2\/categories?post=101555"},{"taxonomy":"post_tag","embeddable":true,"href":"https:\/\/www.leccecronaca.it\/index.php\/wp-json\/wp\/v2\/tags?post=101555"}],"curies":[{"name":"wp","href":"https:\/\/api.w.org\/{rel}","templated":true}]}}