{"id":102098,"date":"2016-11-07T00:09:33","date_gmt":"2016-11-06T23:09:33","guid":{"rendered":"http:\/\/www.leccecronaca.it\/?p=102098"},"modified":"2016-11-06T15:42:25","modified_gmt":"2016-11-06T14:42:25","slug":"incombe-il-pericolo-deflazione","status":"publish","type":"post","link":"https:\/\/www.leccecronaca.it\/index.php\/2016\/11\/07\/incombe-il-pericolo-deflazione\/","title":{"rendered":"INCOMBE IL PERICOLO DEFLAZIONE"},"content":{"rendered":"<p><img decoding=\"async\" loading=\"lazy\" width=\"676\" height=\"418\" title=\"2014_04_30_shutterstock_162896873z-676x450_rsz_crp\" class=\"alignleft size-full wp-image-102099\" alt=\"\" src=\"https:\/\/www.leccecronaca.it\/wordpress\/wp-content\/uploads\/2016\/11\/2014_04_30_shutterstock_162896873z-676x450_rsz_crp.jpg\" srcset=\"https:\/\/www.leccecronaca.it\/wordpress\/wp-content\/uploads\/2016\/11\/2014_04_30_shutterstock_162896873z-676x450_rsz_crp.jpg 676w, https:\/\/www.leccecronaca.it\/wordpress\/wp-content\/uploads\/2016\/11\/2014_04_30_shutterstock_162896873z-676x450_rsz_crp-300x186.jpg 300w\" sizes=\"(max-width: 676px) 100vw, 676px\" \/>di <strong>Stefania Isola______<\/strong><\/p>\n<p>Secondo le stime avremmo dovuto avere un\u2019inflazione all\u20191% per fine anno. Al contrario, ad ottobre, \u00e8 tornata la deflazione.<\/p>\n<p>Questo termine indica una diminuzione del livello generale dei prezzi ed \u00e8 considerato un pericolo.<\/p>\n<p>Per quale motivo? Perch\u00e8, bench\u00e8 tale diminuzione potrebbe fare felice i consumatori, questo evento innesca un circolo vizioso il cui primo effetto \u00e8 che le imprese hanno minori profitti ed hanno, di conseguenza, meno liquidit\u00e0.<\/p>\n<p>Il secondo effetto \u00e8 che, diminuendo i capitali provenienti dall\u2019attivit\u00e0 commerciale, si riduce la produzione e si rinuncia a nuove assunzioni. Di conseguenza aumenta la disoccupazione con l\u2019effetto di far circolare ancora meno denaro. Se le imprese non sono veloci a ridurre il livello produttivo dei loro impianti, avranno del prodotto invenduto.<\/p>\n<p>Come risultato, tagliando la produzione, non assumono (o, peggio, licenziano) e cos\u00ec facendo alimentano ancora di pi\u00f9 la spirale perch\u00e9 si trovano costrette ad abbassare i prezzi dando ulteriore spinta alla deflazione.<\/p>\n<p>Con una domanda di beni di consumo cos\u00ec debole nonostante i prezzi in picchiata, a Natale si rischia una fetta significativa del conto economico. A ottobre, secondo le stime preliminari di Istat, l\u2019indice nazionale dei prezzi al consumo ha registrato una variazione nulla su base mensile ed una diminuzione dello 0,1% rispetto a ottobre 2015 (era +0,1% a settembre).<\/p>\n<p>Questo mese \u00e8 l\u2019ottavo dato tendenziale negativo degli ultimi nove, ma la risalita dal picco negativo di -0,5% di aprile, e dopo il +0,1% di settembre, faceva sperare in un dato migliore.<\/p>\n<p>A pesare \u00e8, soprattutto, l\u2019energia, il cui calo si \u00e8 accentuato lievemente (-3,6% da -3,4% di settembre). Altre spinte alla deflazione derivano dagli andamenti di altre tipologie di prodotto, tra le quali gli alimentari non lavorati (-0,4%,dal +0,4% di settembre) e i servizi ricreativi e culturali (azzeramento della crescita, da +0,6% di settembre).<\/p>\n<p>I prezzi dei beni alimentari, quelli per la cura della casa e della persona registrano una diminuzione dello 0,3% su base annua (la variazione era nulla a settembre).<\/p>\n<p>Nonostante gli aiuti erogati alle banche italiane dalla Bce, gli acquisti di BTP del piano di Quantitative easing, il rischio per l&#8217;Italia non \u00e8 mai completamente rientrato. Questa \u00e8 quanto viene certificato dagli ultimi dati e questa \u00e8 la verit\u00e0 a poche settimane dal referendum costituzionale, che rischia di mandare a pezzi il governo Renzi.<\/p>\n<fb:like href='https:\/\/www.leccecronaca.it\/index.php\/2016\/11\/07\/incombe-il-pericolo-deflazione\/' send='true' layout='button_count' show_faces='true' width='450' height='65' action='recommend' colorscheme='light' font='lucida grande'><\/fb:like><span class=\"fb_share\"><fb:like href=\"https:\/\/www.leccecronaca.it\/index.php\/2016\/11\/07\/incombe-il-pericolo-deflazione\/\" layout=\"button_count\"><\/fb:like><\/span>","protected":false},"excerpt":{"rendered":"<p>di Stefania Isola______ Secondo le stime avremmo dovuto avere un\u2019inflazione all\u20191% per fine anno. Al contrario, ad ottobre, \u00e8 tornata la deflazione. Questo termine indica una diminuzione del livello generale dei prezzi ed \u00e8 considerato un pericolo. Per quale motivo? Perch\u00e8, bench\u00e8 tale diminuzione potrebbe fare felice i consumatori, questo evento innesca un circolo vizioso [&hellip;]<\/p>\n","protected":false},"author":4,"featured_media":102099,"comment_status":"open","ping_status":"closed","sticky":false,"template":"","format":"standard","meta":[],"categories":[1,69,76],"tags":[],"_links":{"self":[{"href":"https:\/\/www.leccecronaca.it\/index.php\/wp-json\/wp\/v2\/posts\/102098"}],"collection":[{"href":"https:\/\/www.leccecronaca.it\/index.php\/wp-json\/wp\/v2\/posts"}],"about":[{"href":"https:\/\/www.leccecronaca.it\/index.php\/wp-json\/wp\/v2\/types\/post"}],"author":[{"embeddable":true,"href":"https:\/\/www.leccecronaca.it\/index.php\/wp-json\/wp\/v2\/users\/4"}],"replies":[{"embeddable":true,"href":"https:\/\/www.leccecronaca.it\/index.php\/wp-json\/wp\/v2\/comments?post=102098"}],"version-history":[{"count":1,"href":"https:\/\/www.leccecronaca.it\/index.php\/wp-json\/wp\/v2\/posts\/102098\/revisions"}],"predecessor-version":[{"id":102100,"href":"https:\/\/www.leccecronaca.it\/index.php\/wp-json\/wp\/v2\/posts\/102098\/revisions\/102100"}],"wp:featuredmedia":[{"embeddable":true,"href":"https:\/\/www.leccecronaca.it\/index.php\/wp-json\/wp\/v2\/media\/102099"}],"wp:attachment":[{"href":"https:\/\/www.leccecronaca.it\/index.php\/wp-json\/wp\/v2\/media?parent=102098"}],"wp:term":[{"taxonomy":"category","embeddable":true,"href":"https:\/\/www.leccecronaca.it\/index.php\/wp-json\/wp\/v2\/categories?post=102098"},{"taxonomy":"post_tag","embeddable":true,"href":"https:\/\/www.leccecronaca.it\/index.php\/wp-json\/wp\/v2\/tags?post=102098"}],"curies":[{"name":"wp","href":"https:\/\/api.w.org\/{rel}","templated":true}]}}