{"id":102103,"date":"2016-11-08T00:08:44","date_gmt":"2016-11-07T23:08:44","guid":{"rendered":"http:\/\/www.leccecronaca.it\/?p=102103"},"modified":"2016-11-06T16:23:07","modified_gmt":"2016-11-06T15:23:07","slug":"diario-del-giorno-dopo-feste-san-teodoro-a-torrepaduli-mercoledi-9","status":"publish","type":"post","link":"https:\/\/www.leccecronaca.it\/index.php\/2016\/11\/08\/diario-del-giorno-dopo-feste-san-teodoro-a-torrepaduli-mercoledi-9\/","title":{"rendered":"DIARIO DEL GIORNO DOPO \/ FESTE \/ SAN TEODORO A TORREPADULI MERCOLEDI&#8217; 9"},"content":{"rendered":"<p><img decoding=\"async\" loading=\"lazy\" width=\"300\" height=\"188\" title=\"received_1083747865046458\" class=\"alignleft size-medium wp-image-102104\" alt=\"\" src=\"https:\/\/www.leccecronaca.it\/wordpress\/wp-content\/uploads\/2016\/11\/received_1083747865046458-300x188.jpg\" \/>Mercoled\u00ec 9 novembre, alle 16.30, a Torrepaduli, iniziano i festeggiamenti del santo\u00a0patrono: San Teodoro.<\/p>\n<p>Solitamente conosciuto per la festa di San Rocco e la danza dei coltelli del 15 agosto Torrepaduli conserva la sua tradizionale festa patronale in onore del santo soldato. Invocato dai contadini come protettore della raccolta delle olive \u00e8 una festa dal sapore medievale. Nel pomeriggio intorno alle 16,30 saranno presenti infatti gli Sbandieratori di Oria e i mangia fuoco ad allietare la festa in piazza dei Carmelitani.<\/p>\n<p>Nella patria della pizzica e del tamburello non potevano mancare certamente i gruppi di pizzica come i Malia e i Koremey che si esibiranno intorno alle 19,30, tutto culminer\u00e0 intorno alle ore 20 con la sagra della castagna.<\/p>\n<p>Ma chi era il santo guerriero? Originario dell\u2019Oriente, arruolato nell\u2019esercito romano, era stato trasferito con la sua legione nei quartieri invernali di Amasea (Anatolia) al tempo dell\u2019imperatore Galerio Massimiano.<\/p>\n<p>Improvvisamente fu promulgato un editto per cui si ordinava ai soldati di sacrificare agli dei; Teodoro che era un cristiano si rifiut\u00f2 nonostante le sollecitazioni del tribuno e dei compagni; gli fu concesso un tempo per ripensarci ma egli ne approfitt\u00f2 per incendiare il tempio di Cibele (Madre degli d\u00e8i) che sorgeva al centro di Amasea presso il fiume Iris.<\/p>\n<p>Ricondotto in tribunale fu torturato con il cavalletto e poi gettato in prigione a morire di fame, l\u00ec ebbe celesti e confortanti visioni, infine fu condannato a bruciare vivo, ci\u00f2 avvenne il 17 febbraio probabilmente fra il 306 e il 311 d.C. Il suo sepolcro stava in una piccola localit\u00e0 Euchaite vicino ad Amasea (odierna Aukhat in Turchia) che nel secolo X fu chiamata anche Teodoropoli.<\/p>\n<p>Le notizie della sua vita ci sono pervenute da un discorso pronunciato da s. Gregorio di Nissa nella basilica che sorgeva gi\u00e0 nel IV sec. ad Euchaite nel Ponto ove era il suo sepolcro. Discorso poi confermato in una \u2018passio\u2019 greca di poco posteriore.<\/p>\n<p>Il suo culto si propag\u00f2 in tutto l\u2019Oriente cristiano e successivamente nell\u2019impero Bizantino. In Occidente la prima traccia di un culto a lui tributato deve considerarsi il mosaico absidale tuttora esistente nella basilica dei santi Cosma e Damiano al Foro Romano.<\/p>\n<p>&nbsp;<\/p>\n<p>&nbsp;<\/p>\n<p>&nbsp;<\/p>\n<p>&nbsp;<\/p>\n<p>&nbsp;<\/p>\n<fb:like href='https:\/\/www.leccecronaca.it\/index.php\/2016\/11\/08\/diario-del-giorno-dopo-feste-san-teodoro-a-torrepaduli-mercoledi-9\/' send='true' layout='button_count' show_faces='true' width='450' height='65' action='recommend' colorscheme='light' font='lucida grande'><\/fb:like><span class=\"fb_share\"><fb:like href=\"https:\/\/www.leccecronaca.it\/index.php\/2016\/11\/08\/diario-del-giorno-dopo-feste-san-teodoro-a-torrepaduli-mercoledi-9\/\" layout=\"button_count\"><\/fb:like><\/span>","protected":false},"excerpt":{"rendered":"<p>Mercoled\u00ec 9 novembre, alle 16.30, a Torrepaduli, iniziano i festeggiamenti del santo\u00a0patrono: San Teodoro. Solitamente conosciuto per la festa di San Rocco e la danza dei coltelli del 15 agosto Torrepaduli conserva la sua tradizionale festa patronale in onore del santo soldato. Invocato dai contadini come protettore della raccolta delle olive \u00e8 una festa dal [&hellip;]<\/p>\n","protected":false},"author":4,"featured_media":102104,"comment_status":"open","ping_status":"closed","sticky":false,"template":"","format":"standard","meta":[],"categories":[75],"tags":[],"_links":{"self":[{"href":"https:\/\/www.leccecronaca.it\/index.php\/wp-json\/wp\/v2\/posts\/102103"}],"collection":[{"href":"https:\/\/www.leccecronaca.it\/index.php\/wp-json\/wp\/v2\/posts"}],"about":[{"href":"https:\/\/www.leccecronaca.it\/index.php\/wp-json\/wp\/v2\/types\/post"}],"author":[{"embeddable":true,"href":"https:\/\/www.leccecronaca.it\/index.php\/wp-json\/wp\/v2\/users\/4"}],"replies":[{"embeddable":true,"href":"https:\/\/www.leccecronaca.it\/index.php\/wp-json\/wp\/v2\/comments?post=102103"}],"version-history":[{"count":3,"href":"https:\/\/www.leccecronaca.it\/index.php\/wp-json\/wp\/v2\/posts\/102103\/revisions"}],"predecessor-version":[{"id":102106,"href":"https:\/\/www.leccecronaca.it\/index.php\/wp-json\/wp\/v2\/posts\/102103\/revisions\/102106"}],"wp:featuredmedia":[{"embeddable":true,"href":"https:\/\/www.leccecronaca.it\/index.php\/wp-json\/wp\/v2\/media\/102104"}],"wp:attachment":[{"href":"https:\/\/www.leccecronaca.it\/index.php\/wp-json\/wp\/v2\/media?parent=102103"}],"wp:term":[{"taxonomy":"category","embeddable":true,"href":"https:\/\/www.leccecronaca.it\/index.php\/wp-json\/wp\/v2\/categories?post=102103"},{"taxonomy":"post_tag","embeddable":true,"href":"https:\/\/www.leccecronaca.it\/index.php\/wp-json\/wp\/v2\/tags?post=102103"}],"curies":[{"name":"wp","href":"https:\/\/api.w.org\/{rel}","templated":true}]}}