{"id":102349,"date":"2016-11-09T19:06:54","date_gmt":"2016-11-09T18:06:54","guid":{"rendered":"http:\/\/www.leccecronaca.it\/?p=102349"},"modified":"2022-10-16T10:35:59","modified_gmt":"2022-10-16T08:35:59","slug":"una-domanda-per-michele-emiliano-presidente-ma-perche-lei-lascio-la-magistratura-e-decise-di-entrare-in-politica-ci-faccia-capire-per-favore","status":"publish","type":"post","link":"https:\/\/www.leccecronaca.it\/index.php\/2016\/11\/09\/una-domanda-per-michele-emiliano-presidente-ma-perche-lei-lascio-la-magistratura-e-decise-di-entrare-in-politica-ci-faccia-capire-per-favore\/","title":{"rendered":"UNA DOMANDA PER MICHELE EMILIANO: &#8220;Presidente, ma come e perch\u00e8 nel 2003 lei lasci\u00f2 la magistratura, e decise di entrare in politica?&#8221;. CI FACCIA CAPIRE, PER FAVORE"},"content":{"rendered":"<p><img decoding=\"async\" loading=\"lazy\" width=\"1024\" height=\"682\" title=\"304577 Partito Democratico. Convenzione nazionale\" class=\"aligncenter size-large wp-image-102350\" alt=\"\" src=\"https:\/\/www.leccecronaca.it\/wordpress\/wp-content\/uploads\/2016\/11\/att_725441-1024x682.jpg\">di <strong>Giuseppe Puppo______<\/strong><\/p>\n<p>L&#8217;&nbsp;autorevole agenzia Ansa nei confronti di Michele Emiliano fa meglio di quel che faceva la mitica Stefani per Benito Mussolini.<\/p>\n<p>Non passa giorno che da Bari non vengano divulgate con enfasi&nbsp;a ponente dell&#8217; Italia intera una o pi\u00f9 perle del presidente di quella fiera del levante di dichiarazioni sull&#8217; universo mondo su cui egli si esercita con passione, su tutto e il contrario di tutto, finendo poi spesso per dire tutto e il contrario di tutto.<\/p>\n<p>Il bello \u00e8 che le spacciano per notizie, mentre invece sono solo un repertorio del &#8216;&#8230;e chi se ne frega?&#8221;.<\/p>\n<p>Solo oggi l&#8217; Ansa ha spacciato tre notizie contenenti &#8216;commenti&#8217; di Michele Emiliano,<\/p>\n<p>Poi, francamente, Michele Emiliano parla troppo, anche su questioni su cui farebbe meglio a stare zitto.<\/p>\n<p>Come per esempio la dichiarazione fatta&nbsp;oggi e con solerzia ripresa dall&#8217; Ansa: &#8220;<em>Non credo sia giusto che dopo tanti anni, essendosi coinvolto tanto profondamente nella vita politica, uno possa rientrare in magistratura&#8221;.<\/em><\/p>\n<p>Ora, proprio il rapporto di Emiliano, magistrato in aspettativa, oppure fuori ruolo, non \u00e8 ancora ben chiaro,&nbsp;con la magistratura \u00e8 tutto ancora da scrivere.<\/p>\n<p>Perch\u00e9 \u00e8 vero che un magistrato pu\u00f2 candidarsi, ma non pu\u00f2 iscriversi a un partito, secondo la normativa vigente. E, come \u00e8 noto, Emiliano non solo si iscrisse al Pd, ma ne divenne segretario regionale, e la cosa gli cost\u00f2 un procedimento disciplinare, avviato nel dicembre 2014, per quanto poi non se ne sia saputo pi\u00f9 nulla.<\/p>\n<p>Ma questo \u00e8 ancora niente, magari sono solamente questioni giuridiche su cui duellano in punta di fioretto tecnici e giureconsulti.<\/p>\n<p>Il problema vero \u00e8 un altro.<\/p>\n<p>Ma non per quando finir\u00e0 la carriera politica. Per come la cominci\u00f2.<\/p>\n<p>***<\/p>\n<p>Dobbiamo fare un passo indietro nella nostra storia recente, fra quelle pi\u00f9 brutte, quando partecipammo al seguito degli Americani alla distruzione della ex Jugoslavia, trascinati in un vero e proprio intervento armato, il primo vero episodio di interventismo bellico &nbsp;del Dopoguerra, nel 1999.<\/p>\n<p>Chi era il capo del governo dell\u2019 epoca? Era Massimo D\u2019 Alema.<\/p>\n<p>Per farsi \u2018perdonare\u2019 , se cos\u00ec si pu\u00f2 dire, comunque per sostenere le ragioni di un esecrabile \u2018intervento umanitario\u2019, cos\u00ec lo fece passare, l\u2019 allora presidente del consiglio var\u00f2 a spron battuto un progetto di donazioni da oltre&nbsp;cento trenta&nbsp;miliardi delle allora lire,&nbsp;e da&nbsp;duemila trecento&nbsp;container di cibo, vestiti, detersivi e altri generi di conforto&nbsp;a&nbsp;favore dei profughi del Kosovo. Profughi che gli stesso aveva contribuito a provocare, con i bombardamenti cui aveva fatto partecipare gli Italiani.<\/p>\n<p>Un gran ben di Dio, che divent\u00f2 ben presto oggetto di sprechi,&nbsp;abbandoni, negligenze, storni, distrazioni, sottrazioni illecite&nbsp;e &nbsp;quant\u2019 altro, come documentarono alcune inchieste giornalistiche e come&nbsp;da accuse&nbsp;della successiva inchiesta della magistratura barese, dove la missione \u2018arcobaleno\u2019, cos\u00ec si chiamava, aveva la base di snodo principale.<\/p>\n<p>I protagonisti di questa poco onorevole pagina di cronaca: dall\u2019ex sottosegretario alla Protezione civile Franco Barberi, al suo luogotenente in Albania, Massimo Simonelli,&nbsp;ad alcuni autorevoli&nbsp;esponenti dell\u2019 allora Ds, Giovanni Lolli, e Quarto Trabacchini, tutti \u2018uomini del presidente\u2019, e tanti altri ancora.<\/p>\n<p>Attenzione alle date, per favore.<\/p>\n<p>Ecco i passaggi&nbsp; dell\u2019 inchiesta principale \u2013 ce ne furono anche altre, legate ad altre singole vicende giudiziarie&nbsp;&#8211;&nbsp;della magistratura barese.<\/p>\n<p>Apertura alle prime notizie di stampa: settembre 1999. Chiusura delle indagini: settembre 2003, con il rinvio a giudizio di&nbsp;diciassette degli indagati, vicini a Massimo D\u2019 Alema, la cui immagine&nbsp;politica corre il rischio pi\u00f9 grosso della sua carriera.<\/p>\n<p>Si va a processo? Macch\u00e9. Il processo non c\u2019\u00e8 mai stato.<\/p>\n<p>Non si \u00e8 mai capito bene il perch\u00e9, l\u2019 iter giudiziario sub\u00ec un, chiamiamolo cos\u00ec, \u2018rallentamento\u2019, durato anni.<\/p>\n<p>Nel febbraio 2011, ci fu un tentativo in extremis di andare a processo, dopo una serie infinita di rinvii, sostituzioni, recusazioni et similia.<\/p>\n<p>Nel maggio 2012, infine, venne dichiarato il non luogo a procedere nei confronti degli imputati per sopravvenuta prescrizione. Cal\u00f2 il sipario:&nbsp;non sapremo&nbsp;mai se ci furono responsabili e colpevoli, ladri di merendine e rapinatori di elemosine.<\/p>\n<p>Bene, cio\u00e8 male, malissimo, ma va beh.<\/p>\n<p>E ora, una domanda: chi \u00e8 il sostituto procuratore della Repubblica di Bari titolare dell\u2019 inchiesta \u2018arcobaleno\u2019?<\/p>\n<p>E\u2019 Michele Emiliano.<\/p>\n<p>E quando Michele Emiliano lascia all\u2019 improvviso la magistratura, almeno formalmente, per iniziare l\u2019 avventura politica che lo porter\u00e0 lontano?<\/p>\n<p>Nel 2003. Quando si sarebbe dovuto occupare, avendo svolto le relative indagini, del processo, \u2018scegliendo\u2019 quel partito contro i cui esponenti di primo piano aveva indagato, fino ad arrivare ai vertici.<\/p>\n<p>Una scelta vincente, che lo porta prima a diventare sindaco di Bari,&nbsp;con la benedizione di D\u2019 Alema, poi segretario regionale del Pd (la stessa carica ricoperta negli anni Ottanta da Massimo D\u2019 Alema) con ci\u00f2 con D\u2019 Alema stringendo un asse solido e diretto, e, infine, presidente della Regione Puglia.<\/p>\n<p>***<\/p>\n<p>Ecco, Michele Emiliano non ha mai chiarito tutto questo.<\/p>\n<p>Nessun cenno di risposta, quando, mesi fa, sollevammo la questione.<\/p>\n<p>E&#8217; ora che lo faccia.<\/p>\n<p>Da oggi, 9 novembre 2016, lasceremo questa domanda IN EVIDENZA fino a quando non avremo una sua presa di posizione specifica nel merito:<\/p>\n<p><strong>E&#8217; giusto che un magistrato entri in politica nel partito su cui stava conducendo un&#8217; inchiesta giudiziaria? Finita poi praticamente nel nulla?<\/strong><\/p>\n<p>Il problema, nel suo caso, non \u00e8&nbsp;per quando finir\u00e0 la carriera politica, ma per quando la cominci\u00f2. _____<\/p>\n<p>L&#8217; ALTRA DOMANDA nel nostro articolo del giorno seguente<\/p>\n<p><a href=\"https:\/\/www.leccecronaca.it\/index.php\/2016\/11\/10\/una-seconda-domanda-per-michele-emiliano-presidente-ma-come-e-perche-lei-fa-pure-l-assessore-alla-sanita-ci-faccia-capire-per-favore\/\">https:\/\/www.leccecronaca.it\/index.php\/2016\/11\/10\/una-seconda-domanda-per-michele-emiliano-presidente-ma-come-e-perche-lei-fa-pure-l-assessore-alla-sanita-ci-faccia-capire-per-favore\/<\/a><\/p>\n<p>&nbsp;<\/p>\n<fb:like href='https:\/\/www.leccecronaca.it\/index.php\/2016\/11\/09\/una-domanda-per-michele-emiliano-presidente-ma-perche-lei-lascio-la-magistratura-e-decise-di-entrare-in-politica-ci-faccia-capire-per-favore\/' send='true' layout='button_count' show_faces='true' width='450' height='65' action='recommend' colorscheme='light' font='lucida grande'><\/fb:like><span class=\"fb_share\"><fb:like href=\"https:\/\/www.leccecronaca.it\/index.php\/2016\/11\/09\/una-domanda-per-michele-emiliano-presidente-ma-perche-lei-lascio-la-magistratura-e-decise-di-entrare-in-politica-ci-faccia-capire-per-favore\/\" layout=\"button_count\"><\/fb:like><\/span>","protected":false},"excerpt":{"rendered":"<p>di Giuseppe Puppo______ L&#8217;&nbsp;autorevole agenzia Ansa nei confronti di Michele Emiliano fa meglio di quel che faceva la mitica Stefani per Benito Mussolini. Non passa giorno che da Bari non vengano divulgate con enfasi&nbsp;a ponente dell&#8217; Italia intera una o pi\u00f9 perle del presidente di quella fiera del levante di dichiarazioni sull&#8217; universo mondo su [&hellip;]<\/p>\n","protected":false},"author":4,"featured_media":102350,"comment_status":"open","ping_status":"closed","sticky":false,"template":"","format":"standard","meta":[],"categories":[69,98,76],"tags":[],"_links":{"self":[{"href":"https:\/\/www.leccecronaca.it\/index.php\/wp-json\/wp\/v2\/posts\/102349"}],"collection":[{"href":"https:\/\/www.leccecronaca.it\/index.php\/wp-json\/wp\/v2\/posts"}],"about":[{"href":"https:\/\/www.leccecronaca.it\/index.php\/wp-json\/wp\/v2\/types\/post"}],"author":[{"embeddable":true,"href":"https:\/\/www.leccecronaca.it\/index.php\/wp-json\/wp\/v2\/users\/4"}],"replies":[{"embeddable":true,"href":"https:\/\/www.leccecronaca.it\/index.php\/wp-json\/wp\/v2\/comments?post=102349"}],"version-history":[{"count":15,"href":"https:\/\/www.leccecronaca.it\/index.php\/wp-json\/wp\/v2\/posts\/102349\/revisions"}],"predecessor-version":[{"id":206305,"href":"https:\/\/www.leccecronaca.it\/index.php\/wp-json\/wp\/v2\/posts\/102349\/revisions\/206305"}],"wp:featuredmedia":[{"embeddable":true,"href":"https:\/\/www.leccecronaca.it\/index.php\/wp-json\/wp\/v2\/media\/102350"}],"wp:attachment":[{"href":"https:\/\/www.leccecronaca.it\/index.php\/wp-json\/wp\/v2\/media?parent=102349"}],"wp:term":[{"taxonomy":"category","embeddable":true,"href":"https:\/\/www.leccecronaca.it\/index.php\/wp-json\/wp\/v2\/categories?post=102349"},{"taxonomy":"post_tag","embeddable":true,"href":"https:\/\/www.leccecronaca.it\/index.php\/wp-json\/wp\/v2\/tags?post=102349"}],"curies":[{"name":"wp","href":"https:\/\/api.w.org\/{rel}","templated":true}]}}