{"id":102395,"date":"2016-11-10T11:21:25","date_gmt":"2016-11-10T10:21:25","guid":{"rendered":"http:\/\/www.leccecronaca.it\/?p=102395"},"modified":"2016-11-10T13:57:45","modified_gmt":"2016-11-10T12:57:45","slug":"mense-scolastiche-a-chilometri-0","status":"publish","type":"post","link":"https:\/\/www.leccecronaca.it\/index.php\/2016\/11\/10\/mense-scolastiche-a-chilometri-0\/","title":{"rendered":"&#8216;MENSE SCOLASTICHE A CHILOMETRI 0&#8221;"},"content":{"rendered":"<p><img decoding=\"async\" loading=\"lazy\" width=\"300\" height=\"190\" title=\"f1_0_scuola-lombardia-oltre-8-milioni-di-pasti-in-mensa-puntare-sul-km-zero\" class=\"alignleft size-medium wp-image-102396\" alt=\"\" src=\"https:\/\/www.leccecronaca.it\/wordpress\/wp-content\/uploads\/2016\/11\/f1_0_scuola-lombardia-oltre-8-milioni-di-pasti-in-mensa-puntare-sul-km-zero-300x190.jpg\" srcset=\"https:\/\/www.leccecronaca.it\/wordpress\/wp-content\/uploads\/2016\/11\/f1_0_scuola-lombardia-oltre-8-milioni-di-pasti-in-mensa-puntare-sul-km-zero-300x190.jpg 300w, https:\/\/www.leccecronaca.it\/wordpress\/wp-content\/uploads\/2016\/11\/f1_0_scuola-lombardia-oltre-8-milioni-di-pasti-in-mensa-puntare-sul-km-zero.jpg 630w\" sizes=\"(max-width: 300px) 100vw, 300px\" \/>Riceviamo e volentieri pubblichiamo. La Coldiretti Lecce ci manda il seguente comunicato______<\/p>\n<p>Cresce l&#8217;allarme dopo i numerosi casi di malesseri e dissenteria che ha colpito i bambini utenti delle mense nelle varie scuole del Salento, da Nard\u00f2, Gallipoli, Corigliano, Galatone. Coldiretti Lecce chiede con forza maggiori controlli e l&#8217;introduzione nei menu di prodotti sani e a chilometro zero.<\/p>\n<p>La Regione Puglia gi\u00e0 nel 2008, con la Legge n. 31 mai applicata, aveva previsto l\u2019obbligo dell\u2019utilizzo nelle mense pubbliche, tramite previsione nei relativi bandi, di prodotti agricoli di origine regionale in misura non inferiore al 50%, il coinvolgimento diretto delle grandi e medie strutture di vendita che operano sul territorio regionale, anche tramite realizzazione di spazi espositivi in esclusiva, oltre all\u2019utilizzo delle imprese esercenti attivit\u00e0 di ristorazione o di vendita al pubblico attraverso il loro inserimento in campagne regionali di immagine, nonch\u00e9 disposizioni in materia di vendita diretta da parte degli imprenditori agricoli e di controlli.<\/p>\n<p>\u201cUna legge che di fatto non \u00e8 mai stata applicata\u201d, dice il presidente di Coldiretti Lecce, Pantaleo Piccinno. \u201cInvece \u00e8 importante dare ai nostri ragazzi merende e pasti a base di ingredienti a \u201ckm0\u201d, sani e di stagione. La scuola \u00e8 infatti un luogo dove si pu\u00f2 educare alla corretta alimentazione facendo recuperare ai ragazzi il gusto ed il sapore di prodotti della loro terra e della loro vita quotidiana\u201d.<\/p>\n<p>\u201cIl nostro appello va ai dirigenti scolastici &#8211; dice il direttore di Coldiretti Lecce, Giuseppe Brillante &#8211; ai quali chiediamo di far una vera e sana battaglia contro l\u2019omologazione dei sapori ma soprattutto ai sindaci affinch\u00e9 nel definire con l\u2019Asl di competenza il menu da somministrare agli alunni inseriscano alimenti di cui si abbia certezza sanitaria ma anche di origine territoriale, ovvero strettamente a Km zero.<\/p>\n<p>E\u2019 necessario &#8211; prosegue Brillante &#8211; abbandonare la logica delle gare di appalto al massimo ribasso. Rispetto alla salute ed all\u2019alimentazione dei ragazzi l\u2019obiettivo da assicurare \u00e8 il miglior rapporto prezzo\/qualit\u00e0 che si realizza privilegiando nelle mense scolastiche i cibi locali che valorizzano le realt\u00e0 produttive territoriali e riducono i troppi passaggi intermedi dietro i quali pi\u00f9 elevato \u00e8 il rischio di frodi e sofisticazioni\u201d.<\/p>\n<p>&nbsp;<\/p>\n<p>&nbsp;<\/p>\n<p>&nbsp;<\/p>\n<fb:like href='https:\/\/www.leccecronaca.it\/index.php\/2016\/11\/10\/mense-scolastiche-a-chilometri-0\/' send='true' layout='button_count' show_faces='true' width='450' height='65' action='recommend' colorscheme='light' font='lucida grande'><\/fb:like><span class=\"fb_share\"><fb:like href=\"https:\/\/www.leccecronaca.it\/index.php\/2016\/11\/10\/mense-scolastiche-a-chilometri-0\/\" layout=\"button_count\"><\/fb:like><\/span>","protected":false},"excerpt":{"rendered":"<p>Riceviamo e volentieri pubblichiamo. La Coldiretti Lecce ci manda il seguente comunicato______ Cresce l&#8217;allarme dopo i numerosi casi di malesseri e dissenteria che ha colpito i bambini utenti delle mense nelle varie scuole del Salento, da Nard\u00f2, Gallipoli, Corigliano, Galatone. Coldiretti Lecce chiede con forza maggiori controlli e l&#8217;introduzione nei menu di prodotti sani e [&hellip;]<\/p>\n","protected":false},"author":4,"featured_media":102396,"comment_status":"open","ping_status":"closed","sticky":false,"template":"","format":"standard","meta":[],"categories":[36],"tags":[],"_links":{"self":[{"href":"https:\/\/www.leccecronaca.it\/index.php\/wp-json\/wp\/v2\/posts\/102395"}],"collection":[{"href":"https:\/\/www.leccecronaca.it\/index.php\/wp-json\/wp\/v2\/posts"}],"about":[{"href":"https:\/\/www.leccecronaca.it\/index.php\/wp-json\/wp\/v2\/types\/post"}],"author":[{"embeddable":true,"href":"https:\/\/www.leccecronaca.it\/index.php\/wp-json\/wp\/v2\/users\/4"}],"replies":[{"embeddable":true,"href":"https:\/\/www.leccecronaca.it\/index.php\/wp-json\/wp\/v2\/comments?post=102395"}],"version-history":[{"count":2,"href":"https:\/\/www.leccecronaca.it\/index.php\/wp-json\/wp\/v2\/posts\/102395\/revisions"}],"predecessor-version":[{"id":102410,"href":"https:\/\/www.leccecronaca.it\/index.php\/wp-json\/wp\/v2\/posts\/102395\/revisions\/102410"}],"wp:featuredmedia":[{"embeddable":true,"href":"https:\/\/www.leccecronaca.it\/index.php\/wp-json\/wp\/v2\/media\/102396"}],"wp:attachment":[{"href":"https:\/\/www.leccecronaca.it\/index.php\/wp-json\/wp\/v2\/media?parent=102395"}],"wp:term":[{"taxonomy":"category","embeddable":true,"href":"https:\/\/www.leccecronaca.it\/index.php\/wp-json\/wp\/v2\/categories?post=102395"},{"taxonomy":"post_tag","embeddable":true,"href":"https:\/\/www.leccecronaca.it\/index.php\/wp-json\/wp\/v2\/tags?post=102395"}],"curies":[{"name":"wp","href":"https:\/\/api.w.org\/{rel}","templated":true}]}}