{"id":102418,"date":"2016-11-10T16:03:01","date_gmt":"2016-11-10T15:03:01","guid":{"rendered":"http:\/\/www.leccecronaca.it\/?p=102418"},"modified":"2022-10-09T17:07:24","modified_gmt":"2022-10-09T15:07:24","slug":"una-seconda-domanda-per-michele-emiliano-presidente-ma-come-e-perche-lei-fa-pure-l-assessore-alla-sanita-ci-faccia-capire-per-favore","status":"publish","type":"post","link":"https:\/\/www.leccecronaca.it\/index.php\/2016\/11\/10\/una-seconda-domanda-per-michele-emiliano-presidente-ma-come-e-perche-lei-fa-pure-l-assessore-alla-sanita-ci-faccia-capire-per-favore\/","title":{"rendered":"UNA SECONDA DOMANDA PER MICHELE EMILIANO: \u201cPresidente, ma come e perch\u00e8 lei fa pure l&#8217; assessore alla sanit\u00e0?\u201d. CI FACCIA CAPIRE, PER FAVORE"},"content":{"rendered":"<p><img decoding=\"async\" loading=\"lazy\" title=\"13238928_10208039702383451_8211135051892196720_n\" class=\"aligncenter size-full wp-image-102427\" alt=\"\" src=\"https:\/\/www.leccecronaca.it\/wordpress\/wp-content\/uploads\/2016\/11\/13238928_10208039702383451_8211135051892196720_n.jpg\" width=\"800\" height=\"591\" srcset=\"https:\/\/www.leccecronaca.it\/wordpress\/wp-content\/uploads\/2016\/11\/13238928_10208039702383451_8211135051892196720_n.jpg 800w, https:\/\/www.leccecronaca.it\/wordpress\/wp-content\/uploads\/2016\/11\/13238928_10208039702383451_8211135051892196720_n-300x222.jpg 300w, https:\/\/www.leccecronaca.it\/wordpress\/wp-content\/uploads\/2016\/11\/13238928_10208039702383451_8211135051892196720_n-768x567.jpg 768w\" sizes=\"(max-width: 800px) 100vw, 800px\" \/>di <strong>Giuseppe Puppo______<\/strong><\/p>\n<p>Reggere una qualunque carica pubblica istituzionale riempie &#8211; o dovrebbe riempire &#8211;&nbsp;la giornata, da mattina a sera, di chi la detiene.<\/p>\n<p>Ce ne sono poi alcune, che riempiono pure la notte. Che richiedono insomma un impegno costante, senza soluzione di continuit\u00e0.<\/p>\n<p>Che presuppongono, se non una competenza tecnica, almeno una competenza specifica a vasto raggio, una conoscenza organica del settore, che il semplice politico non ha e non pu\u00f2 avere.<\/p>\n<p>Fare l&#8217; assessore alla sanit\u00e0 di una Regione, piccola o grande che sia &#8211; e la Puglia \u00e8 grande &#8211; \u00e8 una di queste.<\/p>\n<p>Poi, la Puglia \u00e8 la nuova terra dei fuochi, caratterizzata da drammatiche situazioni di mortalit\u00e0, legate ad aspetti socio-sanitari, soprattutto a Taranto e nel Salento. A maggior ragione.<\/p>\n<p>E ancora, poi.<\/p>\n<p>La sanit\u00e0 prende pi\u00f9 dei tre quarti del bilancio dell&#8217; intero Ente, ma soprattutto gestisce il settore pi\u00f9 delicato della vita degli amministrati, a volte decide della loro vita, o della loro morte.<\/p>\n<p>Perch\u00e9 &#8211; per fare un esempio &#8211; se un&#8217; ambulanza del 118 ha o non ha il medico a bordo, pu\u00f2 risultare decisivo. O se &#8211; per farne un altro &#8211; un pronto soccorso tiene i malati in barella, pu\u00f2 essere fatale.<\/p>\n<p>Ma, al di l\u00e0 della casistica estrema, la sanit\u00e0 \u00e8 chiamata a dare risposte ai cittadini nei loro momenti pi\u00f9 difficili, e dall&#8217; efficacia e dall&#8217; efficienza di queste risposte pu\u00f2 dipendere la loro vita.<\/p>\n<p>Ma, senza drammatizzare, pu\u00f2 dipendere come minimo il loro umore: perch\u00e9 a un cittadino che chiama per prenotare un esame, e glielo fissano dopo sei mesi, o un anno, mentre, pagando, quello stesso esame lo pu\u00f2 fare entro pochi giorni, l&#8217; umore si guasta, per usare un eufemismo.<\/p>\n<p>O si guasta quando va all&#8217; ambulatorio del medico di famiglia, aperto due ore al giorno, cinque giorni alla settimana.<\/p>\n<p>Poi dice che intasano il pronto soccorso&#8230;<\/p>\n<p>Dell&#8217; apertura degli ambulatori da parte dei medici di famiglia dovrebbe occuparsi l&#8217; assessore della Regione, visto che li paga lui.<\/p>\n<p>Dovrebbe. Come della prevenzione. Come della medicina sul territorio. Come delle tossicodipendenze. Come di tante altre cose ancora importantissime, anzi, fondamentali per tutti.<\/p>\n<p>Tutto ci\u00f2 tanto pi\u00f9 in una regione come la Puglia dove l&#8217; intervento del settore privato &#8211; quindi degli interessi privati&nbsp;&nbsp;&#8211; ha assunto toni esorbitanti sul ruolo del settore pubblico.<\/p>\n<p>E dove, se non stai attento, se li lasci fare, se non li segui passo passo &#8211; quindi, con un impegno costante, di ogni ora, con un&#8217; attenzione appositamente dedicata &#8211; molti degli operatori del pubblico e del privato sono pronti a fare gli affari loro, mica quelli della gente.<\/p>\n<p>Per non dire poi della grande mole di problemi complessi che essa deve affrontare, dalle nomine di dirigenti e primari, alla gestione delle emergenze.<\/p>\n<p>Un assessore alla sanit\u00e0 della Regione conta &#8211; e sottende un impegno adeguato &#8211; pi\u00f9 del ministro: perch\u00e9 il ministro d\u00e0 indirizzi, ma \u00e8 l&#8217; assessore che decide.<\/p>\n<p>Un assessore alla sanit\u00e0 conta poi, negli equilibri interni, come il presidente &#8211; e sottende un impegno adeguato &#8211; cui \u00e8 inferiore solamente per visibilit\u00e0 politica, ma cui \u00e8 superiore per potere effettivo, se non altro per l&#8217; enorme quantit\u00e0 di soldi che muove, o pu\u00f2 muovere.<\/p>\n<p>Non \u00e8 questa la sede per dibattere lo &#8216;stato di salute&#8217; della sanit\u00e0 pugliese, come funzioni.<\/p>\n<p>Intendiamo quella di questa amministrazione, che ha preso il posto delle precedenti, caratterizzate da gestioni disastrose, fatte di incapacit\u00e0 e travolte dagli scandali.<\/p>\n<p>Una ragione in pi\u00f9 &#8211; e non ce n&#8217; era bisogno &#8211; per impegnarsi giorno e notte, come certe&nbsp;farmacie sempre aperte, ventiquattro ore su ventiquattro, al servizio dei cittadini, a occuparsi della loro salute psicofisica, e del loro diritto alla salute psicofisica.<\/p>\n<p>Sapete chi \u00e8 l&#8217; assessore alla sanit\u00e0 della Regione Puglia?<\/p>\n<p>E&#8217; Michele Emiliano. E&#8217; lui che ha voluto tenere pure la delega alla sanit\u00e0 della sua giunta.<\/p>\n<p>S\u00ec s\u00ec, Michele Emiliano presidente della Regione, aspirante leader nazionale del Pd, e tante altre cose ancora.<\/p>\n<p>Questa \u00e8 la sede per fare un&#8217; altra domanda che non trova spiegazioni plausibili, anzi non ne trova proprio.<\/p>\n<p>Come fa il Michele Emiliano presidente della Regione, aspirante leader nazionale del Pd, punto di riferimento del Pd pugliese, e tante altre cose ancora, a fare pure l&#8217; assessore alla Sanit\u00e0?<\/p>\n<p>Che senso ha che abbia accentrato su di s\u00e9 pure questa delega?<\/p>\n<p>Anche perch\u00e9 non risulta che egli abbia competenze specifiche, o passioni nel settore.<\/p>\n<p>Anzi, a dirla tutta, l&#8217; unica occasione, prima di adesso, in cui Michele Emiliano si interess\u00f2 di sanit\u00e0 risale al 2008.<\/p>\n<p>Si tratta di una memorabile cena di gala \u2018offerta\u2019 da Giampaolo Tarantini, s\u00ec s\u00ec proprio lui, il faccendiere e altro, dal versante di affari della sanit\u00e0, quella che sarebbe stata da l\u00ec a poco presto travolta da un disastroso scandalo, coinvolti in primis gli esponenti del Pd nella giunta Vendola Frisullo e Tedesco, coi quali per\u00f2 egli era in rapporti conflittuali.<\/p>\n<p>E\u2019 il 28 marzo 2008. Siamo a Bari, ristorante \u2018La Pignata\u2019,&nbsp;il pi\u00f9 raffinato ed esclusivo della citt\u00e0.&nbsp;Ai tavoli, una&nbsp;settantina di persone,&nbsp;conto sui tremila euro, pagato dai sui collaboratori,&nbsp;per l\u2019 organizzazione di&nbsp;Giampaolo Tarantini, con la collaborazione di Roberto De Santis ( s\u00ec s\u00ec pure lui \u00e8 proprio lui, il super manager dalemiano degli affari, nella foto, col cerchietto, in una&nbsp;sua pi\u00f9 unica che rara immagine pubblica): ci sono tutti i manager e gli imprenditori che contano della sanit\u00e0 pugliese. Con la partecipazione straordinaria di Massimo D\u2019 Alema, all\u2019 epoca ministro degli esteri. E \u2013 aggiungi un posto a tavola, che c\u2019\u00e8 un amico, anzi un compagno&nbsp;in pi\u00f9 \u2013 di Michele Emiliano, che \u201c<em>arriv\u00f2 puntualissimo, e and\u00f2 via per ultimo<\/em>\u201c, come tenne a ricordare il gestore.<\/p>\n<p>Ora per\u00f2, a parte questo, rimane il problema di adesso.<\/p>\n<p>Come fa Michele Emiliano a fare anche l&#8217; assessore alla Sanit\u00e0 della Regione Puglia?<\/p>\n<p>Da oggi,&nbsp;10 novembre 2016, lasceremo questa domanda IN EVIDENZA fino a quando non avremo una sua presa di posizione specifica nel merito, nell&#8217; interesse dei cittadini pugliesi, che meriterebbero un politico al servizio del loro diritto alla salute psico-fisica notte e giorno.<\/p>\n<p>Come certe farmacie. _____<br \/>\nL&#8217; ALTRA DOMANDA nel nostro articolo di ieri<\/p>\n<p><a href=\"https:\/\/www.leccecronaca.it\/index.php\/2016\/11\/09\/una-domanda-per-michele-emiliano-presidente-ma-perche-lei-lascio-la-magistratura-e-decise-di-entrare-in-politica-ci-faccia-capire-per-favore\/\">https:\/\/www.leccecronaca.it\/index.php\/2016\/11\/09\/una-domanda-per-michele-emiliano-presidente-ma-perche-lei-lascio-la-magistratura-e-decise-di-entrare-in-politica-ci-faccia-capire-per-favore\/<\/a><\/p>\n<p>&nbsp;<\/p>\n<p>&nbsp;<\/p>\n<p>&nbsp;<\/p>\n<fb:like href='https:\/\/www.leccecronaca.it\/index.php\/2016\/11\/10\/una-seconda-domanda-per-michele-emiliano-presidente-ma-come-e-perche-lei-fa-pure-l-assessore-alla-sanita-ci-faccia-capire-per-favore\/' send='true' layout='button_count' show_faces='true' width='450' height='65' action='recommend' colorscheme='light' font='lucida grande'><\/fb:like><span class=\"fb_share\"><fb:like href=\"https:\/\/www.leccecronaca.it\/index.php\/2016\/11\/10\/una-seconda-domanda-per-michele-emiliano-presidente-ma-come-e-perche-lei-fa-pure-l-assessore-alla-sanita-ci-faccia-capire-per-favore\/\" layout=\"button_count\"><\/fb:like><\/span>","protected":false},"excerpt":{"rendered":"<p>di Giuseppe Puppo______ Reggere una qualunque carica pubblica istituzionale riempie &#8211; o dovrebbe riempire &#8211;&nbsp;la giornata, da mattina a sera, di chi la detiene. Ce ne sono poi alcune, che riempiono pure la notte. Che richiedono insomma un impegno costante, senza soluzione di continuit\u00e0. Che presuppongono, se non una competenza tecnica, almeno una competenza specifica [&hellip;]<\/p>\n","protected":false},"author":4,"featured_media":102427,"comment_status":"open","ping_status":"closed","sticky":false,"template":"","format":"standard","meta":[],"categories":[69,98,76],"tags":[],"_links":{"self":[{"href":"https:\/\/www.leccecronaca.it\/index.php\/wp-json\/wp\/v2\/posts\/102418"}],"collection":[{"href":"https:\/\/www.leccecronaca.it\/index.php\/wp-json\/wp\/v2\/posts"}],"about":[{"href":"https:\/\/www.leccecronaca.it\/index.php\/wp-json\/wp\/v2\/types\/post"}],"author":[{"embeddable":true,"href":"https:\/\/www.leccecronaca.it\/index.php\/wp-json\/wp\/v2\/users\/4"}],"replies":[{"embeddable":true,"href":"https:\/\/www.leccecronaca.it\/index.php\/wp-json\/wp\/v2\/comments?post=102418"}],"version-history":[{"count":15,"href":"https:\/\/www.leccecronaca.it\/index.php\/wp-json\/wp\/v2\/posts\/102418\/revisions"}],"predecessor-version":[{"id":206070,"href":"https:\/\/www.leccecronaca.it\/index.php\/wp-json\/wp\/v2\/posts\/102418\/revisions\/206070"}],"wp:featuredmedia":[{"embeddable":true,"href":"https:\/\/www.leccecronaca.it\/index.php\/wp-json\/wp\/v2\/media\/102427"}],"wp:attachment":[{"href":"https:\/\/www.leccecronaca.it\/index.php\/wp-json\/wp\/v2\/media?parent=102418"}],"wp:term":[{"taxonomy":"category","embeddable":true,"href":"https:\/\/www.leccecronaca.it\/index.php\/wp-json\/wp\/v2\/categories?post=102418"},{"taxonomy":"post_tag","embeddable":true,"href":"https:\/\/www.leccecronaca.it\/index.php\/wp-json\/wp\/v2\/tags?post=102418"}],"curies":[{"name":"wp","href":"https:\/\/api.w.org\/{rel}","templated":true}]}}