{"id":102895,"date":"2016-11-16T06:46:57","date_gmt":"2016-11-16T05:46:57","guid":{"rendered":"http:\/\/www.leccecronaca.it\/?p=102895"},"modified":"2016-11-16T15:07:28","modified_gmt":"2016-11-16T14:07:28","slug":"iniziativa-mondiale-dilluminazione-per-la-giornata-mondiale-della-prematurita-e-la-sesibilizzazione-al-tumore-al-pancreas","status":"publish","type":"post","link":"https:\/\/www.leccecronaca.it\/index.php\/2016\/11\/16\/iniziativa-mondiale-dilluminazione-per-la-giornata-mondiale-della-prematurita-e-la-sesibilizzazione-al-tumore-al-pancreas\/","title":{"rendered":"IL SEDILE ILLUMINATO A LECCE GIOVEDI&#8217; 17 IN OCCASIONE DELLA GIORNATA PER  LA PREMATURITA&#8217;,  E DI SENSIBILIZZAZIONE SUL TUMORE AL PANCREAS"},"content":{"rendered":"<div>\n<p><img decoding=\"async\" loading=\"lazy\" width=\"2000\" height=\"1426\" title=\"LECCE il sedile- piazza sant oronzo\" class=\"aligncenter size-full wp-image-102897\" alt=\"\" src=\"https:\/\/www.leccecronaca.it\/wordpress\/wp-content\/uploads\/2016\/11\/LECCE-il-sedile-piazza-sant-oronzo.jpg\" srcset=\"https:\/\/www.leccecronaca.it\/wordpress\/wp-content\/uploads\/2016\/11\/LECCE-il-sedile-piazza-sant-oronzo.jpg 2000w, https:\/\/www.leccecronaca.it\/wordpress\/wp-content\/uploads\/2016\/11\/LECCE-il-sedile-piazza-sant-oronzo-300x214.jpg 300w, https:\/\/www.leccecronaca.it\/wordpress\/wp-content\/uploads\/2016\/11\/LECCE-il-sedile-piazza-sant-oronzo-1024x730.jpg 1024w, https:\/\/www.leccecronaca.it\/wordpress\/wp-content\/uploads\/2016\/11\/LECCE-il-sedile-piazza-sant-oronzo-768x548.jpg 768w, https:\/\/www.leccecronaca.it\/wordpress\/wp-content\/uploads\/2016\/11\/LECCE-il-sedile-piazza-sant-oronzo-1536x1095.jpg 1536w\" sizes=\"(max-width: 2000px) 100vw, 2000px\" \/>Riceviamo e volentieri pubblichiamo. L&#8217; ufficio stampa del Comune di Lecce ci manda il seguente comunicato______<\/p>\n<p>Uno dei monumenti pi\u00f9 rappresentativi di Lecce s&#8217;illuminer\u00e0 di viola per sostenere due iniziative.<br \/>\nLa giornata mondiale della Prematurit\u00e0<strong>,<\/strong> che cade il 17 novembre di ogni anno, e la campagna di sensibilizzazione \u201cFacciamo luce sul tumore al pancreas\u201d, in programma per il mese di novembre. Domani, il sedile si illuminer\u00e0 di viola per sostenere le iniziative.<br \/>\nOgni anno, il 17 novembre, in occasione della Giornata mondiale della Prematurit\u00e0, organizzazioni di genitori, ordini professionali, organizzazioni non governative, istituzioni pubbliche, rendono omaggio ai bambini nati troppo presto o troppo piccoli e alle loro famiglie. L&#8217;associazione L&#8217;Abbraccio onlus, che opera a Lecce, in collaborazione con la patologia neonatale di Lecce presso il Vito Fazzi e associata di Vivere Onlus Coordinamento nazionale delle Associazioni per la Neonatologia, ha lanciato la proposta di illuminare il Sedile di vuola, sposata dall&#8217;Amministrazione Comunale che, al contempo, ha ricevuto un&#8217;altra proposta, altreattanto importante: sostenere la campagna di sensibilizzazione per la lotta al tumore al pancreas, illuminando un luogho pubblico.<br \/>\nDomani, dunque, il Sedile di Lecce sar\u00e0 illuminato anche per sostenere la terza giornata mondiale per la lotta al tumore al pancreas<strong>. <\/strong>In tutto il mondi si svolgeranno iniziative il cui scopo \u00e8 quello di divulgare informazioni su questo tumore ancora oggi poco conosciuto eppure cos\u00ec aggressivo.<\/p>\n<p>&nbsp;<\/p>\n<p>&nbsp;<\/p>\n<p>&nbsp;<\/p>\n<p>&nbsp;<\/p>\n<\/div>\n<p>&nbsp;<\/p>\n<p>&nbsp;<\/p>\n<fb:like href='https:\/\/www.leccecronaca.it\/index.php\/2016\/11\/16\/iniziativa-mondiale-dilluminazione-per-la-giornata-mondiale-della-prematurita-e-la-sesibilizzazione-al-tumore-al-pancreas\/' send='true' layout='button_count' show_faces='true' width='450' height='65' action='recommend' colorscheme='light' font='lucida grande'><\/fb:like><span class=\"fb_share\"><fb:like href=\"https:\/\/www.leccecronaca.it\/index.php\/2016\/11\/16\/iniziativa-mondiale-dilluminazione-per-la-giornata-mondiale-della-prematurita-e-la-sesibilizzazione-al-tumore-al-pancreas\/\" layout=\"button_count\"><\/fb:like><\/span>","protected":false},"excerpt":{"rendered":"<p>Riceviamo e volentieri pubblichiamo. L&#8217; ufficio stampa del Comune di Lecce ci manda il seguente comunicato______ Uno dei monumenti pi\u00f9 rappresentativi di Lecce s&#8217;illuminer\u00e0 di viola per sostenere due iniziative. La giornata mondiale della Prematurit\u00e0, che cade il 17 novembre di ogni anno, e la campagna di sensibilizzazione \u201cFacciamo luce sul tumore al pancreas\u201d, in [&hellip;]<\/p>\n","protected":false},"author":4,"featured_media":102897,"comment_status":"open","ping_status":"closed","sticky":false,"template":"","format":"standard","meta":[],"categories":[36],"tags":[],"_links":{"self":[{"href":"https:\/\/www.leccecronaca.it\/index.php\/wp-json\/wp\/v2\/posts\/102895"}],"collection":[{"href":"https:\/\/www.leccecronaca.it\/index.php\/wp-json\/wp\/v2\/posts"}],"about":[{"href":"https:\/\/www.leccecronaca.it\/index.php\/wp-json\/wp\/v2\/types\/post"}],"author":[{"embeddable":true,"href":"https:\/\/www.leccecronaca.it\/index.php\/wp-json\/wp\/v2\/users\/4"}],"replies":[{"embeddable":true,"href":"https:\/\/www.leccecronaca.it\/index.php\/wp-json\/wp\/v2\/comments?post=102895"}],"version-history":[{"count":8,"href":"https:\/\/www.leccecronaca.it\/index.php\/wp-json\/wp\/v2\/posts\/102895\/revisions"}],"predecessor-version":[{"id":102934,"href":"https:\/\/www.leccecronaca.it\/index.php\/wp-json\/wp\/v2\/posts\/102895\/revisions\/102934"}],"wp:featuredmedia":[{"embeddable":true,"href":"https:\/\/www.leccecronaca.it\/index.php\/wp-json\/wp\/v2\/media\/102897"}],"wp:attachment":[{"href":"https:\/\/www.leccecronaca.it\/index.php\/wp-json\/wp\/v2\/media?parent=102895"}],"wp:term":[{"taxonomy":"category","embeddable":true,"href":"https:\/\/www.leccecronaca.it\/index.php\/wp-json\/wp\/v2\/categories?post=102895"},{"taxonomy":"post_tag","embeddable":true,"href":"https:\/\/www.leccecronaca.it\/index.php\/wp-json\/wp\/v2\/tags?post=102895"}],"curies":[{"name":"wp","href":"https:\/\/api.w.org\/{rel}","templated":true}]}}