{"id":102937,"date":"2016-11-17T00:07:16","date_gmt":"2016-11-16T23:07:16","guid":{"rendered":"http:\/\/www.leccecronaca.it\/?p=102937"},"modified":"2016-11-16T16:01:41","modified_gmt":"2016-11-16T15:01:41","slug":"diario-del-giorno-prima-il-tam-tam-di-annibale-247","status":"publish","type":"post","link":"https:\/\/www.leccecronaca.it\/index.php\/2016\/11\/17\/diario-del-giorno-prima-il-tam-tam-di-annibale-247\/","title":{"rendered":"DIARIO DEL GIORNO PRIMA \/ IL TAM TAM DI ANNIBALE"},"content":{"rendered":"<p><img decoding=\"async\" loading=\"lazy\" src=\"https:\/\/www.leccecronaca.it\/wordpress\/wp-content\/uploads\/2016\/11\/image-300x181.jpg\" alt=\"\" title=\"image\" width=\"300\" height=\"181\" class=\"alignleft size-medium wp-image-102938\" srcset=\"https:\/\/www.leccecronaca.it\/wordpress\/wp-content\/uploads\/2016\/11\/image-300x181.jpg 300w, https:\/\/www.leccecronaca.it\/wordpress\/wp-content\/uploads\/2016\/11\/image.jpg 648w\" sizes=\"(max-width: 300px) 100vw, 300px\" \/>ITALIA______<br \/>\nROMA &#8211; L&#8217;Italia ha presentato alla Commissione europea la richieste di beneficiare dell&#8217;assistenza del Fondo europeo di solidariet\u00e0 dopo i terremoti di agosto e ottobre. Lo rende noto Jakub Adamowicz, portavoce dell&#8217;esecutivo comunitario per le politiche di coesione. Istanza sar\u00e0 trattata rapidamente, in modo da sostenere gli sforzi per la ricostruzione nel Paese. UE \u00e8 pienamente solidale con l&#8217;autorit\u00e0 e i cittadini italiani, stando a quanto ha affermato il portavoce.<\/p>\n<p>ITALIA______<br \/>\nVIBO VALENTIA &#8211; Tre persone, tra cui un sacerdote di 35 anni, sono state arrestate a Vibo Valentia, poich\u00e9 ritenute responsabili di prostituzione minorile e corruzione di una ragazza. A finire in manette, oltre a don Felice La Rosa, ex parroco di Zungri, vi sono un cittadino bulgaro e un pensionato. Dalle intercettazioni \u00e8 emerso che il bulgaro ha proposto prestazioni sessuali da parte di una quindicenne straniera, chiedendo in cambio di denaro, e che gli altri due hanno accettato l&#8217;offerta.<\/p>\n<p>MONDO______<br \/>\nMOSCA &#8211; I servizi di sicurezza russi hanno arrestato cinque presunti terroristi legati all&#8217;Isis, che progettavano attentati a Mosca e nella Repubblica d&#8217;Inguscezia (Caucaso del nord). Secondo l&#8217;agenzia Interfax, inoltre, nell&#8217;operazione sono stati sequestrati due ordigni artigianali dalla potenza di dieci kg di tritolo, cinque armi da fuoco e molte munizioni.<\/p>\n<fb:like href='https:\/\/www.leccecronaca.it\/index.php\/2016\/11\/17\/diario-del-giorno-prima-il-tam-tam-di-annibale-247\/' send='true' layout='button_count' show_faces='true' width='450' height='65' action='recommend' colorscheme='light' font='lucida grande'><\/fb:like><span class=\"fb_share\"><fb:like href=\"https:\/\/www.leccecronaca.it\/index.php\/2016\/11\/17\/diario-del-giorno-prima-il-tam-tam-di-annibale-247\/\" layout=\"button_count\"><\/fb:like><\/span>","protected":false},"excerpt":{"rendered":"<p>ITALIA______ ROMA &#8211; L&#8217;Italia ha presentato alla Commissione europea la richieste di beneficiare dell&#8217;assistenza del Fondo europeo di solidariet\u00e0 dopo i terremoti di agosto e ottobre. Lo rende noto Jakub Adamowicz, portavoce dell&#8217;esecutivo comunitario per le politiche di coesione. Istanza sar\u00e0 trattata rapidamente, in modo da sostenere gli sforzi per la ricostruzione nel Paese. UE [&hellip;]<\/p>\n","protected":false},"author":4,"featured_media":102938,"comment_status":"open","ping_status":"closed","sticky":false,"template":"","format":"standard","meta":[],"categories":[1,69,76],"tags":[],"_links":{"self":[{"href":"https:\/\/www.leccecronaca.it\/index.php\/wp-json\/wp\/v2\/posts\/102937"}],"collection":[{"href":"https:\/\/www.leccecronaca.it\/index.php\/wp-json\/wp\/v2\/posts"}],"about":[{"href":"https:\/\/www.leccecronaca.it\/index.php\/wp-json\/wp\/v2\/types\/post"}],"author":[{"embeddable":true,"href":"https:\/\/www.leccecronaca.it\/index.php\/wp-json\/wp\/v2\/users\/4"}],"replies":[{"embeddable":true,"href":"https:\/\/www.leccecronaca.it\/index.php\/wp-json\/wp\/v2\/comments?post=102937"}],"version-history":[{"count":1,"href":"https:\/\/www.leccecronaca.it\/index.php\/wp-json\/wp\/v2\/posts\/102937\/revisions"}],"predecessor-version":[{"id":102939,"href":"https:\/\/www.leccecronaca.it\/index.php\/wp-json\/wp\/v2\/posts\/102937\/revisions\/102939"}],"wp:featuredmedia":[{"embeddable":true,"href":"https:\/\/www.leccecronaca.it\/index.php\/wp-json\/wp\/v2\/media\/102938"}],"wp:attachment":[{"href":"https:\/\/www.leccecronaca.it\/index.php\/wp-json\/wp\/v2\/media?parent=102937"}],"wp:term":[{"taxonomy":"category","embeddable":true,"href":"https:\/\/www.leccecronaca.it\/index.php\/wp-json\/wp\/v2\/categories?post=102937"},{"taxonomy":"post_tag","embeddable":true,"href":"https:\/\/www.leccecronaca.it\/index.php\/wp-json\/wp\/v2\/tags?post=102937"}],"curies":[{"name":"wp","href":"https:\/\/api.w.org\/{rel}","templated":true}]}}