{"id":103258,"date":"2016-11-27T00:04:03","date_gmt":"2016-11-26T23:04:03","guid":{"rendered":"http:\/\/www.leccecronaca.it\/?p=103258"},"modified":"2016-11-19T19:03:23","modified_gmt":"2016-11-19T18:03:23","slug":"la-mia-cucina-fusion-gusto-giusto-equipe-propone-torta-al-cioccolato-e-mokaffe","status":"publish","type":"post","link":"https:\/\/www.leccecronaca.it\/index.php\/2016\/11\/27\/la-mia-cucina-fusion-gusto-giusto-equipe-propone-torta-al-cioccolato-e-mokaffe\/","title":{"rendered":"\u201cla mia cucina fusion\u201d \/ \u2018GUSTO GIUSTO equipe\u2019 PROPONE: \u201cTORTA AL CIOCCOLATO E MOKAFFE&#8217;\u201d"},"content":{"rendered":"<p><img decoding=\"async\" loading=\"lazy\" width=\"1024\" height=\"682\" title=\"to\" class=\"aligncenter size-large wp-image-103259\" alt=\"\" src=\"https:\/\/www.leccecronaca.it\/wordpress\/wp-content\/uploads\/2016\/11\/to-1024x682.jpg\" \/>TORTA AL CIOCCOLATO E MOKAFFE&#8217;.\u00a0Per tortiera da 26 centimetri. Un altro dolce domenicale, tributo al nostro sponsor______<\/p>\n<p>3 uova intere &#8211; 100 g burro &#8211; 200 g farina integrale di farro &#8211; 50 g fecola di patate &#8211; 200 g zucchero di canna &#8211; 1 bustina di lievito per dolci &#8211; caff\u00e8 Mokaff\u00e8 &#8211; zucchero a velo &#8211; polvere di caff\u00e8 &#8211; chicchi di caff\u00e8. ______<\/p>\n<p>1. Preparate il caff\u00e8 in una moka per 4 persone.<\/p>\n<p>2. Monta bene le uova intere con lo zucchero.<\/p>\n<p>3. Mischia in una ciotola la farina con la fecola e il lievito.<\/p>\n<p>4. Incorpora le farine poco alla volta.<\/p>\n<p>5. Aggiungi il burro fuso. Versa il caff\u00e8 e mescola bene il tutto. Imburra e infarina una teglia.<\/p>\n<p>6. Versa l\u2019impasto. Cuoci in forno caldo a 180\u00b0 per 40 minuti.<\/p>\n<p>7. Servire con chicchi di caff\u00e8 e una spolverata di zucchero a velo e polvere di caff\u00e8.<\/p>\n<fb:like href='https:\/\/www.leccecronaca.it\/index.php\/2016\/11\/27\/la-mia-cucina-fusion-gusto-giusto-equipe-propone-torta-al-cioccolato-e-mokaffe\/' send='true' layout='button_count' show_faces='true' width='450' height='65' action='recommend' colorscheme='light' font='lucida grande'><\/fb:like><span class=\"fb_share\"><fb:like href=\"https:\/\/www.leccecronaca.it\/index.php\/2016\/11\/27\/la-mia-cucina-fusion-gusto-giusto-equipe-propone-torta-al-cioccolato-e-mokaffe\/\" layout=\"button_count\"><\/fb:like><\/span>","protected":false},"excerpt":{"rendered":"<p>TORTA AL CIOCCOLATO E MOKAFFE&#8217;.\u00a0Per tortiera da 26 centimetri. Un altro dolce domenicale, tributo al nostro sponsor______ 3 uova intere &#8211; 100 g burro &#8211; 200 g farina integrale di farro &#8211; 50 g fecola di patate &#8211; 200 g zucchero di canna &#8211; 1 bustina di lievito per dolci &#8211; caff\u00e8 Mokaff\u00e8 &#8211; zucchero [&hellip;]<\/p>\n","protected":false},"author":4,"featured_media":103259,"comment_status":"open","ping_status":"closed","sticky":false,"template":"","format":"standard","meta":[],"categories":[1],"tags":[],"_links":{"self":[{"href":"https:\/\/www.leccecronaca.it\/index.php\/wp-json\/wp\/v2\/posts\/103258"}],"collection":[{"href":"https:\/\/www.leccecronaca.it\/index.php\/wp-json\/wp\/v2\/posts"}],"about":[{"href":"https:\/\/www.leccecronaca.it\/index.php\/wp-json\/wp\/v2\/types\/post"}],"author":[{"embeddable":true,"href":"https:\/\/www.leccecronaca.it\/index.php\/wp-json\/wp\/v2\/users\/4"}],"replies":[{"embeddable":true,"href":"https:\/\/www.leccecronaca.it\/index.php\/wp-json\/wp\/v2\/comments?post=103258"}],"version-history":[{"count":1,"href":"https:\/\/www.leccecronaca.it\/index.php\/wp-json\/wp\/v2\/posts\/103258\/revisions"}],"predecessor-version":[{"id":103260,"href":"https:\/\/www.leccecronaca.it\/index.php\/wp-json\/wp\/v2\/posts\/103258\/revisions\/103260"}],"wp:featuredmedia":[{"embeddable":true,"href":"https:\/\/www.leccecronaca.it\/index.php\/wp-json\/wp\/v2\/media\/103259"}],"wp:attachment":[{"href":"https:\/\/www.leccecronaca.it\/index.php\/wp-json\/wp\/v2\/media?parent=103258"}],"wp:term":[{"taxonomy":"category","embeddable":true,"href":"https:\/\/www.leccecronaca.it\/index.php\/wp-json\/wp\/v2\/categories?post=103258"},{"taxonomy":"post_tag","embeddable":true,"href":"https:\/\/www.leccecronaca.it\/index.php\/wp-json\/wp\/v2\/tags?post=103258"}],"curies":[{"name":"wp","href":"https:\/\/api.w.org\/{rel}","templated":true}]}}