{"id":103431,"date":"2016-11-21T23:55:09","date_gmt":"2016-11-21T22:55:09","guid":{"rendered":"http:\/\/www.leccecronaca.it\/?p=103431"},"modified":"2016-11-22T09:37:26","modified_gmt":"2016-11-22T08:37:26","slug":"e-morto-carletto-il-grande-supporter-della-squadra-del-lecce","status":"publish","type":"post","link":"https:\/\/www.leccecronaca.it\/index.php\/2016\/11\/21\/e-morto-carletto-il-grande-supporter-della-squadra-del-lecce\/","title":{"rendered":"E&#8217; MORTO CARLETTO, IL GRANDE SUPPORTER DELLA SQUADRA DEL LECCE"},"content":{"rendered":"<p><img decoding=\"async\" loading=\"lazy\" width=\"300\" height=\"284\" title=\"carletto\" class=\"alignleft size-medium wp-image-103432\" alt=\"\" src=\"https:\/\/www.leccecronaca.it\/wordpress\/wp-content\/uploads\/2016\/11\/carletto-300x284.png\" \/>(g.m.)______Carlo Guarascio, per tutti Carletto ci ha lasciati nella giornata di ieri. Era conosciuto dai pi\u00f9 per il tifo sfegatato che faceva per la squadra del Lecce. Con le sue corse a bordo campo agitando la bandiera del Lecce, o quando era ospite delle emittenti locali durante le trasmissioni sportive.<br \/>\nCarletto lo si poteva incontrare dappertutto, magari alle quattro di mattina in qualche piazza della provincia, e poi magari lo rivedevi a mezzogiorno quando andavi a prendere l&#8217;aperitivo, che teneva banco all&#8217;esterno del suo bar in piazza Partigiani a Lecce.<br \/>\nEra un uomo che si era fatto da solo, \u00a0e spesso nelle notti d&#8217;estate passate a bere qualche birra raccontava di quanto difficile fosse stata la sua infanzia e delle difficolt\u00e0 che la madre da sola aveva dovuto affrontare per tirarlo su.<br \/>\nCarletto aveva 80 anni, \u00e8 morto di quella che \u00e8 la malattia del secolo, a chi lo ha conosciuto, ai tifosi del Lecce, mancher\u00e0.<br \/>\nAlla famiglia giungano le condoglianze della redazione.<\/p>\n<p>&nbsp;<\/p>\n<fb:like href='https:\/\/www.leccecronaca.it\/index.php\/2016\/11\/21\/e-morto-carletto-il-grande-supporter-della-squadra-del-lecce\/' send='true' layout='button_count' show_faces='true' width='450' height='65' action='recommend' colorscheme='light' font='lucida grande'><\/fb:like><span class=\"fb_share\"><fb:like href=\"https:\/\/www.leccecronaca.it\/index.php\/2016\/11\/21\/e-morto-carletto-il-grande-supporter-della-squadra-del-lecce\/\" layout=\"button_count\"><\/fb:like><\/span>","protected":false},"excerpt":{"rendered":"<p>(g.m.)______Carlo Guarascio, per tutti Carletto ci ha lasciati nella giornata di ieri. Era conosciuto dai pi\u00f9 per il tifo sfegatato che faceva per la squadra del Lecce. Con le sue corse a bordo campo agitando la bandiera del Lecce, o quando era ospite delle emittenti locali durante le trasmissioni sportive. Carletto lo si poteva incontrare [&hellip;]<\/p>\n","protected":false},"author":4,"featured_media":103432,"comment_status":"open","ping_status":"closed","sticky":false,"template":"","format":"standard","meta":[],"categories":[69],"tags":[],"_links":{"self":[{"href":"https:\/\/www.leccecronaca.it\/index.php\/wp-json\/wp\/v2\/posts\/103431"}],"collection":[{"href":"https:\/\/www.leccecronaca.it\/index.php\/wp-json\/wp\/v2\/posts"}],"about":[{"href":"https:\/\/www.leccecronaca.it\/index.php\/wp-json\/wp\/v2\/types\/post"}],"author":[{"embeddable":true,"href":"https:\/\/www.leccecronaca.it\/index.php\/wp-json\/wp\/v2\/users\/4"}],"replies":[{"embeddable":true,"href":"https:\/\/www.leccecronaca.it\/index.php\/wp-json\/wp\/v2\/comments?post=103431"}],"version-history":[{"count":2,"href":"https:\/\/www.leccecronaca.it\/index.php\/wp-json\/wp\/v2\/posts\/103431\/revisions"}],"predecessor-version":[{"id":103435,"href":"https:\/\/www.leccecronaca.it\/index.php\/wp-json\/wp\/v2\/posts\/103431\/revisions\/103435"}],"wp:featuredmedia":[{"embeddable":true,"href":"https:\/\/www.leccecronaca.it\/index.php\/wp-json\/wp\/v2\/media\/103432"}],"wp:attachment":[{"href":"https:\/\/www.leccecronaca.it\/index.php\/wp-json\/wp\/v2\/media?parent=103431"}],"wp:term":[{"taxonomy":"category","embeddable":true,"href":"https:\/\/www.leccecronaca.it\/index.php\/wp-json\/wp\/v2\/categories?post=103431"},{"taxonomy":"post_tag","embeddable":true,"href":"https:\/\/www.leccecronaca.it\/index.php\/wp-json\/wp\/v2\/tags?post=103431"}],"curies":[{"name":"wp","href":"https:\/\/api.w.org\/{rel}","templated":true}]}}