{"id":103615,"date":"2016-11-23T06:00:16","date_gmt":"2016-11-23T05:00:16","guid":{"rendered":"http:\/\/www.leccecronaca.it\/?p=103615"},"modified":"2016-11-23T20:51:45","modified_gmt":"2016-11-23T19:51:45","slug":"coltiviamo-la-terra-non-le-cave","status":"publish","type":"post","link":"https:\/\/www.leccecronaca.it\/index.php\/2016\/11\/23\/coltiviamo-la-terra-non-le-cave\/","title":{"rendered":"&#8216;COLTIVIAMO LA TERRA, NON LE CAVE!&#8217;"},"content":{"rendered":"<p><img decoding=\"async\" loading=\"lazy\" width=\"300\" height=\"225\" title=\"20479358\" class=\"aligncenter size-medium wp-image-103616\" alt=\"\" src=\"https:\/\/www.leccecronaca.it\/wordpress\/wp-content\/uploads\/2016\/11\/20479358-300x225.jpg\" srcset=\"https:\/\/www.leccecronaca.it\/wordpress\/wp-content\/uploads\/2016\/11\/20479358-300x225.jpg 300w, https:\/\/www.leccecronaca.it\/wordpress\/wp-content\/uploads\/2016\/11\/20479358-1024x768.jpg 1024w, https:\/\/www.leccecronaca.it\/wordpress\/wp-content\/uploads\/2016\/11\/20479358-768x576.jpg 768w, https:\/\/www.leccecronaca.it\/wordpress\/wp-content\/uploads\/2016\/11\/20479358-1536x1152.jpg 1536w, https:\/\/www.leccecronaca.it\/wordpress\/wp-content\/uploads\/2016\/11\/20479358-400x300.jpg 400w, https:\/\/www.leccecronaca.it\/wordpress\/wp-content\/uploads\/2016\/11\/20479358.jpg 1632w\" sizes=\"(max-width: 300px) 100vw, 300px\" \/>Riceviamo e volentieri pubblichiamo. Il presidente dell&#8217; associazione Italia Nostra &#8211; Sezione Sud Salento &#8211; Marcello Secl\u00ec ci scrive______<\/p>\n<p>La Sezione Sud Salento di Italia Nostra e il Comune di Alezio hanno organizzato l\u2019incontro pubblico che si terra venerd\u00ec 25 novembre alle ore 18 presso la sede municipale di Alezio riguardante il progetto per l\u2019apertura di una cava in Localit\u00e0 \u201cArpa\u201d presentato dalla Societ\u00e0 \u201cGeoambiente\u201d srl.<\/p>\n<p>All\u2019incontro, dopo i saluti del Sindaco di Alezio Vincenzo Romano e del Presidente di Italia Nostra Sezione Sud Salento Marcello Secl\u00ec, sono previsti gli interventi di Antonio De Giorgi (Ingegnere e Componente del Direttivo di Italia Nostra), di Stefano Margiotta (Docente di geologia dell\u2019Universit\u00e0 del Salento) e di Bruno Vaglio (agronomo e paesaggista). Le conclusioni dell\u2019incontro sono affidate al Giulio Sparascio Presidente della Confederazione Italia Agricoltori di Lecce. Condurr\u00e0 l\u2019incontro la giornalista Valeria Blanco.<\/p>\n<p>Su tale progetto il Consiglio comunale di Alezio e la Sezione Sud Salento di Italia Nostra hanno gi\u00e0 espresso con propri documenti forti perplessit\u00e0 sulla sostenibilit\u00e0 ambientale della cava che si intende realizzare che prevede lo sfruttamento per 13 anni di un\u2019area di 50.000 mq di suolo fertile che verrebbe scavato fino ad una profondit\u00e0 di 21 metri. Le ragioni di opposizione a tale progetto sono correlate alla indubbia valenza agricola del territorio interessato, agli effetti deterrenti che tale attivit\u00e0 andr\u00e0 a determinare sulle attivit\u00e0 agrituristiche presenti sul territorio di Alezio e dei Comuni limitrofi e alle criticit\u00e0 che tale attivit\u00e0 determiner\u00e0 in termini di rumori, polveri nell\u2019aria e aumento del traffico pesante sulle strade comunali e provinciali interessate dall\u2019attraversamento di mezzi pesanti.<\/p>\n<p>L\u2019incontro si prefigge di informare la cittadinanza e di coinvolgere le forze politiche, le associazioni, gli agricoltori, gli operatori turistici della zona e per riscontrare la validit\u00e0 di tali considerazioni critiche e adottare gli opportuni provvedimenti nelle sedi in cui tale progetto dovr\u00e0 essere o meno approvato.<\/p>\n<p>&nbsp;<\/p>\n<p>&nbsp;<\/p>\n<fb:like href='https:\/\/www.leccecronaca.it\/index.php\/2016\/11\/23\/coltiviamo-la-terra-non-le-cave\/' send='true' layout='button_count' show_faces='true' width='450' height='65' action='recommend' colorscheme='light' font='lucida grande'><\/fb:like><span class=\"fb_share\"><fb:like href=\"https:\/\/www.leccecronaca.it\/index.php\/2016\/11\/23\/coltiviamo-la-terra-non-le-cave\/\" layout=\"button_count\"><\/fb:like><\/span>","protected":false},"excerpt":{"rendered":"<p>Riceviamo e volentieri pubblichiamo. Il presidente dell&#8217; associazione Italia Nostra &#8211; Sezione Sud Salento &#8211; Marcello Secl\u00ec ci scrive______ La Sezione Sud Salento di Italia Nostra e il Comune di Alezio hanno organizzato l\u2019incontro pubblico che si terra venerd\u00ec 25 novembre alle ore 18 presso la sede municipale di Alezio riguardante il progetto per l\u2019apertura [&hellip;]<\/p>\n","protected":false},"author":4,"featured_media":103616,"comment_status":"open","ping_status":"closed","sticky":false,"template":"","format":"standard","meta":[],"categories":[36],"tags":[],"_links":{"self":[{"href":"https:\/\/www.leccecronaca.it\/index.php\/wp-json\/wp\/v2\/posts\/103615"}],"collection":[{"href":"https:\/\/www.leccecronaca.it\/index.php\/wp-json\/wp\/v2\/posts"}],"about":[{"href":"https:\/\/www.leccecronaca.it\/index.php\/wp-json\/wp\/v2\/types\/post"}],"author":[{"embeddable":true,"href":"https:\/\/www.leccecronaca.it\/index.php\/wp-json\/wp\/v2\/users\/4"}],"replies":[{"embeddable":true,"href":"https:\/\/www.leccecronaca.it\/index.php\/wp-json\/wp\/v2\/comments?post=103615"}],"version-history":[{"count":2,"href":"https:\/\/www.leccecronaca.it\/index.php\/wp-json\/wp\/v2\/posts\/103615\/revisions"}],"predecessor-version":[{"id":103618,"href":"https:\/\/www.leccecronaca.it\/index.php\/wp-json\/wp\/v2\/posts\/103615\/revisions\/103618"}],"wp:featuredmedia":[{"embeddable":true,"href":"https:\/\/www.leccecronaca.it\/index.php\/wp-json\/wp\/v2\/media\/103616"}],"wp:attachment":[{"href":"https:\/\/www.leccecronaca.it\/index.php\/wp-json\/wp\/v2\/media?parent=103615"}],"wp:term":[{"taxonomy":"category","embeddable":true,"href":"https:\/\/www.leccecronaca.it\/index.php\/wp-json\/wp\/v2\/categories?post=103615"},{"taxonomy":"post_tag","embeddable":true,"href":"https:\/\/www.leccecronaca.it\/index.php\/wp-json\/wp\/v2\/tags?post=103615"}],"curies":[{"name":"wp","href":"https:\/\/api.w.org\/{rel}","templated":true}]}}