{"id":103755,"date":"2016-11-24T21:55:05","date_gmt":"2016-11-24T20:55:05","guid":{"rendered":"http:\/\/www.leccecronaca.it\/?p=103755"},"modified":"2016-11-26T21:46:42","modified_gmt":"2016-11-26T20:46:42","slug":"lastoria-giovane-musicsta-salentina-coltiva-il-suo-talento-e-lo-mette-al-servizio-degli-altri","status":"publish","type":"post","link":"https:\/\/www.leccecronaca.it\/index.php\/2016\/11\/24\/lastoria-giovane-musicsta-salentina-coltiva-il-suo-talento-e-lo-mette-al-servizio-degli-altri\/","title":{"rendered":"LA STORIA \/ VERA LONGO, GIOVANE MUSICISTA SALENTINA CHE COLTIVA IL SUO TALENTO, E LO DONA PURE AGLI ALTRI"},"content":{"rendered":"<p><img decoding=\"async\" loading=\"lazy\" width=\"675\" height=\"675\" title=\"11218201_10203501607260773_3748134866473102057_n\" class=\"aligncenter size-full wp-image-103757\" alt=\"\" src=\"https:\/\/www.leccecronaca.it\/wordpress\/wp-content\/uploads\/2016\/11\/11218201_10203501607260773_3748134866473102057_n.jpg\" srcset=\"https:\/\/www.leccecronaca.it\/wordpress\/wp-content\/uploads\/2016\/11\/11218201_10203501607260773_3748134866473102057_n.jpg 675w, https:\/\/www.leccecronaca.it\/wordpress\/wp-content\/uploads\/2016\/11\/11218201_10203501607260773_3748134866473102057_n-300x300.jpg 300w, https:\/\/www.leccecronaca.it\/wordpress\/wp-content\/uploads\/2016\/11\/11218201_10203501607260773_3748134866473102057_n-150x150.jpg 150w, https:\/\/www.leccecronaca.it\/wordpress\/wp-content\/uploads\/2016\/11\/11218201_10203501607260773_3748134866473102057_n-60x60.jpg 60w\" sizes=\"(max-width: 675px) 100vw, 675px\" \/>di <strong>Antonella Elefante______<\/strong><\/p>\n<p>La musica aiuta a superare momenti difficili, \u00e8 usata come compagna di viaggio, \u00e8 un modo per conoscere nuove persone che condividono l&#8217;amore per la stessa.<\/p>\n<p>Talvolta, pu\u00f2 diventare un lavoro, senza alcuna pretesa.<\/p>\n<p>\u00c8 quello che \u00e8 accaduto alla violinista Vera Andrea Longo, 22 anni. Giovane e talentuosa artista leccese, fa parte della nuova generazione di musicisti che vive le nuove esperienze musicali internazionali che la Puglia offre.<\/p>\n<p>Laureata in violino al conservatorio Tito Schipa di Lecce e studentessa di Giurisprudenza presso L\u2019Universit\u00e0 del Salento, \u00e8 violinista e cantante della Giovane Orchestra del Salento. Collabora, inoltre, con l&#8217;orchestra sinfonica del Tito Schipa di Lecce e tra le produzioni teatrali troviamo \u201cOdisseo\u201d, cui ha preso parte come violinista coprotagonista.<\/p>\n<p>Un curriculum di tutto rispetto, insomma, quello della violinista che, seppur stia proseguendo in parallelo al suo percorso musicale un altro obiettivo universitario, che la vede impegnata per una buona parte della giornata, e che, al momento, non presupponeva l\u2019insegnamento, quando si \u00e8 presentata l&#8217;occasione di trasmettere il suo sapere ad altri pi\u00f9 giovani di lei, non si \u00e8 tirata indietro.<\/p>\n<p>\u201c<em>Sono stata contattata dal direttore della World Music Academy (WMA), il Maestro Vincenzo Gagliani, il quale mi ha parlato del progetto e ci\u00f2 mi ha incuriosita molto. Ho subito percepito l&#8217;originalit\u00e0, l&#8217;entusiasmo e l&#8217;energia che permea lo stesso e non ho resistito all&#8217; idea di entrare a far parte di questa bellissima realt\u00e0<\/em>\u201d, ha raccontato Vera a leccecronaca.it, felicissima di contribuire alla formazione di nuovi talenti.<\/p>\n<p>Seppur debba fare dei sacrifici per spostarsi dalla citt\u00e0 barocca alla WMA, che si trova a\u00a0San Vito dei Normanni, Vera \u00e8 contentissima di potersi confrontare con altri artisti e professionisti che fanno parte di questo centro sperimentale di formazione e produzione sulla musica world, e, al tempo stesso,di far studiare i futuri musicisti.<\/p>\n<p>Il suo corso, come quello degli altri docenti, propone una formazione di base e di perfezionamento ad allievi dai\u00a0cinque anni in su, con un approccio originalmente trasversale ai generi musicali.<\/p>\n<p>La storia di Vera \u00e8 interessante per il semplice motivo che \u00e8 un\u2019artista che studia e fa studiare.\u00a0 Non \u00e8 da tutti mettersi a disposizione degli altri, n\u00e9, per questo,\u00a0di fare sacrifici.<\/p>\n<p>L&#8217; esempio di Vera\u00a0merita di essere conosciuto e di\u00a0essere preso in considerazione da tutti, non solo da chi ama la musica.<\/p>\n<p>Bisogna studiare e metterci passione e determinazione in ci\u00f2 che si fa, sempre! E poi donarlo agli altri.<\/p>\n<fb:like href='https:\/\/www.leccecronaca.it\/index.php\/2016\/11\/24\/lastoria-giovane-musicsta-salentina-coltiva-il-suo-talento-e-lo-mette-al-servizio-degli-altri\/' send='true' layout='button_count' show_faces='true' width='450' height='65' action='recommend' colorscheme='light' font='lucida grande'><\/fb:like><span class=\"fb_share\"><fb:like href=\"https:\/\/www.leccecronaca.it\/index.php\/2016\/11\/24\/lastoria-giovane-musicsta-salentina-coltiva-il-suo-talento-e-lo-mette-al-servizio-degli-altri\/\" layout=\"button_count\"><\/fb:like><\/span>","protected":false},"excerpt":{"rendered":"<p>di Antonella Elefante______ La musica aiuta a superare momenti difficili, \u00e8 usata come compagna di viaggio, \u00e8 un modo per conoscere nuove persone che condividono l&#8217;amore per la stessa. Talvolta, pu\u00f2 diventare un lavoro, senza alcuna pretesa. \u00c8 quello che \u00e8 accaduto alla violinista Vera Andrea Longo, 22 anni. Giovane e talentuosa artista leccese, fa [&hellip;]<\/p>\n","protected":false},"author":4,"featured_media":103757,"comment_status":"open","ping_status":"closed","sticky":false,"template":"","format":"standard","meta":[],"categories":[69,31],"tags":[],"_links":{"self":[{"href":"https:\/\/www.leccecronaca.it\/index.php\/wp-json\/wp\/v2\/posts\/103755"}],"collection":[{"href":"https:\/\/www.leccecronaca.it\/index.php\/wp-json\/wp\/v2\/posts"}],"about":[{"href":"https:\/\/www.leccecronaca.it\/index.php\/wp-json\/wp\/v2\/types\/post"}],"author":[{"embeddable":true,"href":"https:\/\/www.leccecronaca.it\/index.php\/wp-json\/wp\/v2\/users\/4"}],"replies":[{"embeddable":true,"href":"https:\/\/www.leccecronaca.it\/index.php\/wp-json\/wp\/v2\/comments?post=103755"}],"version-history":[{"count":8,"href":"https:\/\/www.leccecronaca.it\/index.php\/wp-json\/wp\/v2\/posts\/103755\/revisions"}],"predecessor-version":[{"id":103763,"href":"https:\/\/www.leccecronaca.it\/index.php\/wp-json\/wp\/v2\/posts\/103755\/revisions\/103763"}],"wp:featuredmedia":[{"embeddable":true,"href":"https:\/\/www.leccecronaca.it\/index.php\/wp-json\/wp\/v2\/media\/103757"}],"wp:attachment":[{"href":"https:\/\/www.leccecronaca.it\/index.php\/wp-json\/wp\/v2\/media?parent=103755"}],"wp:term":[{"taxonomy":"category","embeddable":true,"href":"https:\/\/www.leccecronaca.it\/index.php\/wp-json\/wp\/v2\/categories?post=103755"},{"taxonomy":"post_tag","embeddable":true,"href":"https:\/\/www.leccecronaca.it\/index.php\/wp-json\/wp\/v2\/tags?post=103755"}],"curies":[{"name":"wp","href":"https:\/\/api.w.org\/{rel}","templated":true}]}}