{"id":103776,"date":"2016-11-25T10:40:47","date_gmt":"2016-11-25T09:40:47","guid":{"rendered":"http:\/\/www.leccecronaca.it\/?p=103776"},"modified":"2016-11-25T14:36:12","modified_gmt":"2016-11-25T13:36:12","slug":"la-questione-sanitaria-dell-ilva-di-taranto","status":"publish","type":"post","link":"https:\/\/www.leccecronaca.it\/index.php\/2016\/11\/25\/la-questione-sanitaria-dell-ilva-di-taranto\/","title":{"rendered":"LA QUESTIONE SANITARIA DELL&#8217; ILVA DI TARANTO"},"content":{"rendered":"<p><img decoding=\"async\" loading=\"lazy\" width=\"720\" height=\"478\" title=\"12347976_10153479650663141_2028083243740003634_n\" class=\"aligncenter size-full wp-image-103777\" alt=\"\" src=\"https:\/\/www.leccecronaca.it\/wordpress\/wp-content\/uploads\/2016\/11\/12347976_10153479650663141_2028083243740003634_n.jpg\" srcset=\"https:\/\/www.leccecronaca.it\/wordpress\/wp-content\/uploads\/2016\/11\/12347976_10153479650663141_2028083243740003634_n.jpg 720w, https:\/\/www.leccecronaca.it\/wordpress\/wp-content\/uploads\/2016\/11\/12347976_10153479650663141_2028083243740003634_n-300x199.jpg 300w\" sizes=\"(max-width: 720px) 100vw, 720px\" \/>Riceviamo e volentieri pubblichiamo. Paolo Pagliaro, dell&#8217; ufficio nazionale di presidenza di Foza Italia, ci scrive______<\/p>\n<p>Per Renzi, i 50 milioni di euro per la sanit\u00e0 tarantina nella legge di Stabilit\u00e0 sono una &#8220;proposta localistica&#8221;. Eppure, ricordiamo le dichiarazioni rese durante le sue passerelle nel capoluogo ionico, quando sosteneva che l&#8217;Ilva e la questione ambientale e sanitaria di Taranto fossero di interesse nazionale. Qualcosa \u00e8 cambiato.<\/p>\n<p>Non c&#8217;\u00e8 bisogno di nascondere un legittimo sospetto, ovvero che si tratti di un dispetto politico nei confronti di Michele Emiliano. E trovo francamente disgustoso che si abbandoni un territorio che ha dati epidemiologici da paura per regolare i conti nel Pd. Taranto non \u00e8 terra di conquista elettorale.<\/p>\n<p>\u00c8 una terra che ha subito l&#8217;inquinamento di Stato per anni e ci sono troppi genitori che piangono la perdita di un figlio e tante persone che hanno perso i loro cari per i veleni dello stabilimento. Ma che Renzi non sia sensibile a queste ragioni, distanti e configgenti con quelle dei poteri forti che lo sostengono, \u00e8 una verit\u00e0 amara che ormai non ci sorprende pi\u00f9.<\/p>\n<p>&nbsp;<\/p>\n<p>&nbsp;<\/p>\n<p>&nbsp;<\/p>\n<p>&nbsp;<\/p>\n<p>&nbsp;<\/p>\n<fb:like href='https:\/\/www.leccecronaca.it\/index.php\/2016\/11\/25\/la-questione-sanitaria-dell-ilva-di-taranto\/' send='true' layout='button_count' show_faces='true' width='450' height='65' action='recommend' colorscheme='light' font='lucida grande'><\/fb:like><span class=\"fb_share\"><fb:like href=\"https:\/\/www.leccecronaca.it\/index.php\/2016\/11\/25\/la-questione-sanitaria-dell-ilva-di-taranto\/\" layout=\"button_count\"><\/fb:like><\/span>","protected":false},"excerpt":{"rendered":"<p>Riceviamo e volentieri pubblichiamo. Paolo Pagliaro, dell&#8217; ufficio nazionale di presidenza di Foza Italia, ci scrive______ Per Renzi, i 50 milioni di euro per la sanit\u00e0 tarantina nella legge di Stabilit\u00e0 sono una &#8220;proposta localistica&#8221;. Eppure, ricordiamo le dichiarazioni rese durante le sue passerelle nel capoluogo ionico, quando sosteneva che l&#8217;Ilva e la questione ambientale [&hellip;]<\/p>\n","protected":false},"author":4,"featured_media":103777,"comment_status":"open","ping_status":"closed","sticky":false,"template":"","format":"standard","meta":[],"categories":[36],"tags":[],"_links":{"self":[{"href":"https:\/\/www.leccecronaca.it\/index.php\/wp-json\/wp\/v2\/posts\/103776"}],"collection":[{"href":"https:\/\/www.leccecronaca.it\/index.php\/wp-json\/wp\/v2\/posts"}],"about":[{"href":"https:\/\/www.leccecronaca.it\/index.php\/wp-json\/wp\/v2\/types\/post"}],"author":[{"embeddable":true,"href":"https:\/\/www.leccecronaca.it\/index.php\/wp-json\/wp\/v2\/users\/4"}],"replies":[{"embeddable":true,"href":"https:\/\/www.leccecronaca.it\/index.php\/wp-json\/wp\/v2\/comments?post=103776"}],"version-history":[{"count":3,"href":"https:\/\/www.leccecronaca.it\/index.php\/wp-json\/wp\/v2\/posts\/103776\/revisions"}],"predecessor-version":[{"id":103779,"href":"https:\/\/www.leccecronaca.it\/index.php\/wp-json\/wp\/v2\/posts\/103776\/revisions\/103779"}],"wp:featuredmedia":[{"embeddable":true,"href":"https:\/\/www.leccecronaca.it\/index.php\/wp-json\/wp\/v2\/media\/103777"}],"wp:attachment":[{"href":"https:\/\/www.leccecronaca.it\/index.php\/wp-json\/wp\/v2\/media?parent=103776"}],"wp:term":[{"taxonomy":"category","embeddable":true,"href":"https:\/\/www.leccecronaca.it\/index.php\/wp-json\/wp\/v2\/categories?post=103776"},{"taxonomy":"post_tag","embeddable":true,"href":"https:\/\/www.leccecronaca.it\/index.php\/wp-json\/wp\/v2\/tags?post=103776"}],"curies":[{"name":"wp","href":"https:\/\/api.w.org\/{rel}","templated":true}]}}