{"id":103782,"date":"2016-11-25T11:28:37","date_gmt":"2016-11-25T10:28:37","guid":{"rendered":"http:\/\/www.leccecronaca.it\/?p=103782"},"modified":"2016-11-25T11:28:37","modified_gmt":"2016-11-25T10:28:37","slug":"il-male-oscuro-del-salento-conferenza-dibattito-ad-acquarica-del-capo-sabato-26","status":"publish","type":"post","link":"https:\/\/www.leccecronaca.it\/index.php\/2016\/11\/25\/il-male-oscuro-del-salento-conferenza-dibattito-ad-acquarica-del-capo-sabato-26\/","title":{"rendered":"IL MALE OSCURO DEL SALENTO \/ CONFERENZA &#8211; DIBATTITO AD ACQUARICA DEL CAPO SABATO 26"},"content":{"rendered":"<p><img decoding=\"async\" loading=\"lazy\" width=\"960\" height=\"719\" title=\"15208019_10209690562774224_782737578_n\" class=\"aligncenter size-full wp-image-103783\" alt=\"\" src=\"https:\/\/www.leccecronaca.it\/wordpress\/wp-content\/uploads\/2016\/11\/15208019_10209690562774224_782737578_n.jpg\" srcset=\"https:\/\/www.leccecronaca.it\/wordpress\/wp-content\/uploads\/2016\/11\/15208019_10209690562774224_782737578_n.jpg 960w, https:\/\/www.leccecronaca.it\/wordpress\/wp-content\/uploads\/2016\/11\/15208019_10209690562774224_782737578_n-300x225.jpg 300w, https:\/\/www.leccecronaca.it\/wordpress\/wp-content\/uploads\/2016\/11\/15208019_10209690562774224_782737578_n-768x575.jpg 768w, https:\/\/www.leccecronaca.it\/wordpress\/wp-content\/uploads\/2016\/11\/15208019_10209690562774224_782737578_n-400x300.jpg 400w\" sizes=\"(max-width: 960px) 100vw, 960px\" \/>Riceviamo e volentieri pubblichiamo. La responsabile di NovAr\u00eca Tiziana Cicolella ci scrive______<\/p>\n<p>&#8220;Fitofarmaci e Glifosate: il male oscuro del Salento\u201d \u00e8 il titolo della conferenza in programma sabato 26 novembre, alle ore 18, ad Acquarica del Capo, presso la sala del Castello Medievale.<\/p>\n<p>Organizzata dal gruppo locale NovAr\u00eca, canale d\u2019informazione libera su FB (https:\/\/www.facebook.com\/NovAriainforma\/), il convegno vedr\u00e0 la partecipazione dell\u2019oncologo Giuseppe Serravezza, responsabile medico-scientifico della LILT di Lecce, ed il ricercatore Pietro Perrino, gi\u00e0 direttore dell\u2019Istituto del Germoplasma del Cnr di Bari presso il Consiglio Nazionale delle Ricerche.<\/p>\n<p>L\u2019incontro, moderato dal giornalista Giancarlo Colella, prende spunto dall\u2019allarme sviluppatosi in questi ultimi anni in riferimento all\u2019utilizzo di sostanze chimiche e, in particolare, del tanto contestato \u201cGlifosato\u201d, per il diserbo dei terreni nel Salento.<\/p>\n<p>A questo si aggiunge il filone d\u2019indagine che sta seguendo la Procura di Lecce: &#8220;Questo filone di indagine sull\u2019 uso dei prodotti chimici \u00e8 molto complesso, perch\u00e9, al di l\u00e0 della loro influenza sugli ulivi, sicuramente si innesca un intervento della Xylella \u2013 ha dichiarato il pm Cataldo Motta \u2013 Abbiamo notato che alcuni alberi presentano il fenomeno del cos\u00ec detto disseccamento rapido pur non avendo il batterio; e altri che, pur avendo il batterio, non hanno il disseccamento. Adesso vogliamo accertare il loro consumo abnorme in provincia di Lecce, e capirne il perch\u00e9&#8221;<\/p>\n<p>L\u2019iniziativa \u2013 che in alcun modo presta il fianco a sterili polemiche &#8211; intende sensibilizzare le istituzioni e i cittadini sui danni provocati dall\u2019abuso di sostanze chimiche nelle pratiche agricole e si intende favorire un modello di agricoltura e di gestione complessiva del territorio che faccia a meno dell\u2019immissione nell\u2019ambiente di prodotti notoriamente dannosi alla salute umana e alle stesse piante.<\/p>\n<p>In un momento storico in cui si assiste a una recrudescenza di patologie tumorali nel Salento, limitare quelle che sono le fonti di rischio \u00e8 un\u2019operazione necessaria; i pesticidi, come sar\u00e0 evidenziato nel corso della conferenza, sono uno dei fattori di rischio pi\u00f9 pericolosi, considerata la subdola presenza negli alimenti, nelle acque e nell\u2019aria. E\u2019 ormai scientificamente provato che l\u2019esposizione cronica ai pesticidi chimici sintetici, anche a dosi infinitesimali, \u00e8 associata a diverse forme di tumore, malattie neonatali, cronico-degenerative in generale e a un netto calo della fertilit\u00e0 maschile.<\/p>\n<p>&nbsp;<\/p>\n<fb:like href='https:\/\/www.leccecronaca.it\/index.php\/2016\/11\/25\/il-male-oscuro-del-salento-conferenza-dibattito-ad-acquarica-del-capo-sabato-26\/' send='true' layout='button_count' show_faces='true' width='450' height='65' action='recommend' colorscheme='light' font='lucida grande'><\/fb:like><span class=\"fb_share\"><fb:like href=\"https:\/\/www.leccecronaca.it\/index.php\/2016\/11\/25\/il-male-oscuro-del-salento-conferenza-dibattito-ad-acquarica-del-capo-sabato-26\/\" layout=\"button_count\"><\/fb:like><\/span>","protected":false},"excerpt":{"rendered":"<p>Riceviamo e volentieri pubblichiamo. La responsabile di NovAr\u00eca Tiziana Cicolella ci scrive______ &#8220;Fitofarmaci e Glifosate: il male oscuro del Salento\u201d \u00e8 il titolo della conferenza in programma sabato 26 novembre, alle ore 18, ad Acquarica del Capo, presso la sala del Castello Medievale. Organizzata dal gruppo locale NovAr\u00eca, canale d\u2019informazione libera su FB (https:\/\/www.facebook.com\/NovAriainforma\/), il [&hellip;]<\/p>\n","protected":false},"author":4,"featured_media":103783,"comment_status":"open","ping_status":"closed","sticky":false,"template":"","format":"standard","meta":[],"categories":[36],"tags":[],"_links":{"self":[{"href":"https:\/\/www.leccecronaca.it\/index.php\/wp-json\/wp\/v2\/posts\/103782"}],"collection":[{"href":"https:\/\/www.leccecronaca.it\/index.php\/wp-json\/wp\/v2\/posts"}],"about":[{"href":"https:\/\/www.leccecronaca.it\/index.php\/wp-json\/wp\/v2\/types\/post"}],"author":[{"embeddable":true,"href":"https:\/\/www.leccecronaca.it\/index.php\/wp-json\/wp\/v2\/users\/4"}],"replies":[{"embeddable":true,"href":"https:\/\/www.leccecronaca.it\/index.php\/wp-json\/wp\/v2\/comments?post=103782"}],"version-history":[{"count":1,"href":"https:\/\/www.leccecronaca.it\/index.php\/wp-json\/wp\/v2\/posts\/103782\/revisions"}],"predecessor-version":[{"id":103784,"href":"https:\/\/www.leccecronaca.it\/index.php\/wp-json\/wp\/v2\/posts\/103782\/revisions\/103784"}],"wp:featuredmedia":[{"embeddable":true,"href":"https:\/\/www.leccecronaca.it\/index.php\/wp-json\/wp\/v2\/media\/103783"}],"wp:attachment":[{"href":"https:\/\/www.leccecronaca.it\/index.php\/wp-json\/wp\/v2\/media?parent=103782"}],"wp:term":[{"taxonomy":"category","embeddable":true,"href":"https:\/\/www.leccecronaca.it\/index.php\/wp-json\/wp\/v2\/categories?post=103782"},{"taxonomy":"post_tag","embeddable":true,"href":"https:\/\/www.leccecronaca.it\/index.php\/wp-json\/wp\/v2\/tags?post=103782"}],"curies":[{"name":"wp","href":"https:\/\/api.w.org\/{rel}","templated":true}]}}