{"id":104703,"date":"2016-12-05T00:34:23","date_gmt":"2016-12-04T23:34:23","guid":{"rendered":"http:\/\/www.leccecronaca.it\/?p=104703"},"modified":"2016-12-05T00:36:22","modified_gmt":"2016-12-04T23:36:22","slug":"ultimora-matteo-renzi-si-dimette-in-diretta-tv-l-esperienza-del-mio-governo-finisce-qui-andro-a-rassegnare-le-dimissioni","status":"publish","type":"post","link":"https:\/\/www.leccecronaca.it\/index.php\/2016\/12\/05\/ultimora-matteo-renzi-si-dimette-in-diretta-tv-l-esperienza-del-mio-governo-finisce-qui-andro-a-rassegnare-le-dimissioni\/","title":{"rendered":"ULTIM&#8217;ORA \/ MATTEO RENZI SI DIMETTE IN DIRETTA TV: &#8220;Mi assumo tutte le responsabilit\u00e0. L&#8217; esperienza del mio governo finisce qui. Andr\u00f2 a rassegnare le dimissioni&#8221;"},"content":{"rendered":"<p><img decoding=\"async\" loading=\"lazy\" width=\"558\" height=\"387\" title=\"image\" class=\"aligncenter size-full wp-image-104704\" alt=\"\" src=\"https:\/\/www.leccecronaca.it\/wordpress\/wp-content\/uploads\/2016\/12\/image.jpg\" srcset=\"https:\/\/www.leccecronaca.it\/wordpress\/wp-content\/uploads\/2016\/12\/image.jpg 558w, https:\/\/www.leccecronaca.it\/wordpress\/wp-content\/uploads\/2016\/12\/image-300x208.jpg 300w\" sizes=\"(max-width: 558px) 100vw, 558px\" \/>(Rdl)______Alle 00.30 il presidente del consiglio ha fatto un discorso in diretta davanti alle televisioni. Pur rivendicando le proprie ragioni e, a suo dire, la bont\u00e0 della sua riforma, si \u00e8 assunto la responsabilit\u00e0 della sconfitta. Ha annunciato che\u00a0nel pomeriggio riunir\u00e0 il consiglio dei ministri, e poi in serata salir\u00e0 al Colle per rassegnare le dimissioni.<\/p>\n<fb:like href='https:\/\/www.leccecronaca.it\/index.php\/2016\/12\/05\/ultimora-matteo-renzi-si-dimette-in-diretta-tv-l-esperienza-del-mio-governo-finisce-qui-andro-a-rassegnare-le-dimissioni\/' send='true' layout='button_count' show_faces='true' width='450' height='65' action='recommend' colorscheme='light' font='lucida grande'><\/fb:like><span class=\"fb_share\"><fb:like href=\"https:\/\/www.leccecronaca.it\/index.php\/2016\/12\/05\/ultimora-matteo-renzi-si-dimette-in-diretta-tv-l-esperienza-del-mio-governo-finisce-qui-andro-a-rassegnare-le-dimissioni\/\" layout=\"button_count\"><\/fb:like><\/span>","protected":false},"excerpt":{"rendered":"<p>(Rdl)______Alle 00.30 il presidente del consiglio ha fatto un discorso in diretta davanti alle televisioni. Pur rivendicando le proprie ragioni e, a suo dire, la bont\u00e0 della sua riforma, si \u00e8 assunto la responsabilit\u00e0 della sconfitta. Ha annunciato che\u00a0nel pomeriggio riunir\u00e0 il consiglio dei ministri, e poi in serata salir\u00e0 al Colle per rassegnare le [&hellip;]<\/p>\n","protected":false},"author":4,"featured_media":104704,"comment_status":"open","ping_status":"closed","sticky":false,"template":"","format":"standard","meta":[],"categories":[69,76],"tags":[],"_links":{"self":[{"href":"https:\/\/www.leccecronaca.it\/index.php\/wp-json\/wp\/v2\/posts\/104703"}],"collection":[{"href":"https:\/\/www.leccecronaca.it\/index.php\/wp-json\/wp\/v2\/posts"}],"about":[{"href":"https:\/\/www.leccecronaca.it\/index.php\/wp-json\/wp\/v2\/types\/post"}],"author":[{"embeddable":true,"href":"https:\/\/www.leccecronaca.it\/index.php\/wp-json\/wp\/v2\/users\/4"}],"replies":[{"embeddable":true,"href":"https:\/\/www.leccecronaca.it\/index.php\/wp-json\/wp\/v2\/comments?post=104703"}],"version-history":[{"count":5,"href":"https:\/\/www.leccecronaca.it\/index.php\/wp-json\/wp\/v2\/posts\/104703\/revisions"}],"predecessor-version":[{"id":104709,"href":"https:\/\/www.leccecronaca.it\/index.php\/wp-json\/wp\/v2\/posts\/104703\/revisions\/104709"}],"wp:featuredmedia":[{"embeddable":true,"href":"https:\/\/www.leccecronaca.it\/index.php\/wp-json\/wp\/v2\/media\/104704"}],"wp:attachment":[{"href":"https:\/\/www.leccecronaca.it\/index.php\/wp-json\/wp\/v2\/media?parent=104703"}],"wp:term":[{"taxonomy":"category","embeddable":true,"href":"https:\/\/www.leccecronaca.it\/index.php\/wp-json\/wp\/v2\/categories?post=104703"},{"taxonomy":"post_tag","embeddable":true,"href":"https:\/\/www.leccecronaca.it\/index.php\/wp-json\/wp\/v2\/tags?post=104703"}],"curies":[{"name":"wp","href":"https:\/\/api.w.org\/{rel}","templated":true}]}}