{"id":104967,"date":"2016-12-08T00:09:23","date_gmt":"2016-12-07T23:09:23","guid":{"rendered":"http:\/\/www.leccecronaca.it\/?p=104967"},"modified":"2016-12-08T08:39:52","modified_gmt":"2016-12-08T07:39:52","slug":"un-incontro-per-denunciare-i-casi-di-malagiustizia-in-cui-sono-coinvoti-italiani-all-estero","status":"publish","type":"post","link":"https:\/\/www.leccecronaca.it\/index.php\/2016\/12\/08\/un-incontro-per-denunciare-i-casi-di-malagiustizia-in-cui-sono-coinvoti-italiani-all-estero\/","title":{"rendered":"UN INCONTRO PER DENUNCIARE I CASI DI MALAGIUSTIZIA IN CUI SONO COINVOLTI ITALIANI ALL&#8217; ESTERO"},"content":{"rendered":"<p><img decoding=\"async\" loading=\"lazy\" width=\"960\" height=\"959\" title=\"14364676_10208610712717530_4335661745385026527_n\" class=\"alignleft size-full wp-image-104968\" alt=\"\" src=\"https:\/\/www.leccecronaca.it\/wordpress\/wp-content\/uploads\/2016\/12\/14364676_10208610712717530_4335661745385026527_n.jpg\" srcset=\"https:\/\/www.leccecronaca.it\/wordpress\/wp-content\/uploads\/2016\/12\/14364676_10208610712717530_4335661745385026527_n.jpg 960w, https:\/\/www.leccecronaca.it\/wordpress\/wp-content\/uploads\/2016\/12\/14364676_10208610712717530_4335661745385026527_n-300x300.jpg 300w, https:\/\/www.leccecronaca.it\/wordpress\/wp-content\/uploads\/2016\/12\/14364676_10208610712717530_4335661745385026527_n-150x150.jpg 150w, https:\/\/www.leccecronaca.it\/wordpress\/wp-content\/uploads\/2016\/12\/14364676_10208610712717530_4335661745385026527_n-768x767.jpg 768w, https:\/\/www.leccecronaca.it\/wordpress\/wp-content\/uploads\/2016\/12\/14364676_10208610712717530_4335661745385026527_n-60x60.jpg 60w\" sizes=\"(max-width: 960px) 100vw, 960px\" \/>(c.i.)______Prigionieri del silenzio si fanno sentire. Casi di malagiustizia all&#8217;estero raccontati a Lecce.<\/p>\n<p>La detenzione degli italiani all&#8217;estero ha messo a nudo le inefficienze delle istituzioni italiane nei confronti dei nostri connazionali, i quali spesso, quando incappano nella macchina giudiziaria di altri Stati, vengono privati dei diritti fondamentali degli esseri umani.<\/p>\n<p>Ne \u00e8 prova lampante il caso di Simone Renda, il bancario leccese morto in Messico nel marzo 2007 per non essere stato assistito a livello medico quando fu trattenuto in prigione. Il 15 dicembre sar\u00e0 pronunciata la sentenza per gli otto imputati, i quali rispondono anche della violazione della Convenzione Onu.<\/p>\n<p>Altri casi di malagiustizia all&#8217;estero nei confronti di italiani e di inefficienza delle nostre istituzioni sono raccontati nel libro di Katia Anedda (nella foto)\u00a0&#8220;Prigionieri dimenticati&#8221; edito da Historica, testo che sar\u00e0 presentato venerd\u00ec 9 dicembre, alle 19.30, nell&#8217;ex conservatorio di Sant&#8217;Anna, a Lecce, in via Libertini, civico 17\/b.<\/p>\n<p>Interverr\u00e0 l&#8217;avvocato Stefano Gallotta, che si occupa della difesa dei diritti dei soggetti pi\u00f9 deboli per conto dell&#8217;associazione Codici Lecce.<\/p>\n<p>L&#8217;autrice, che ha vissuto in prima persona il dramma di Carlo Parlanti, detenuto in California sulla base di accuse di violenza sessuale mai provate, dialogher\u00e0 sui casi esposti nel libro con il giornalista Francesco Buja, che si \u00e8 occupato, gi\u00e0 una decina di anni fa, di questo caso<\/p>\n<p>&nbsp;<\/p>\n<p>&nbsp;<\/p>\n<fb:like href='https:\/\/www.leccecronaca.it\/index.php\/2016\/12\/08\/un-incontro-per-denunciare-i-casi-di-malagiustizia-in-cui-sono-coinvoti-italiani-all-estero\/' send='true' layout='button_count' show_faces='true' width='450' height='65' action='recommend' colorscheme='light' font='lucida grande'><\/fb:like><span class=\"fb_share\"><fb:like href=\"https:\/\/www.leccecronaca.it\/index.php\/2016\/12\/08\/un-incontro-per-denunciare-i-casi-di-malagiustizia-in-cui-sono-coinvoti-italiani-all-estero\/\" layout=\"button_count\"><\/fb:like><\/span>","protected":false},"excerpt":{"rendered":"<p>(c.i.)______Prigionieri del silenzio si fanno sentire. Casi di malagiustizia all&#8217;estero raccontati a Lecce. La detenzione degli italiani all&#8217;estero ha messo a nudo le inefficienze delle istituzioni italiane nei confronti dei nostri connazionali, i quali spesso, quando incappano nella macchina giudiziaria di altri Stati, vengono privati dei diritti fondamentali degli esseri umani. Ne \u00e8 prova lampante [&hellip;]<\/p>\n","protected":false},"author":4,"featured_media":104968,"comment_status":"open","ping_status":"closed","sticky":false,"template":"","format":"standard","meta":[],"categories":[69],"tags":[],"_links":{"self":[{"href":"https:\/\/www.leccecronaca.it\/index.php\/wp-json\/wp\/v2\/posts\/104967"}],"collection":[{"href":"https:\/\/www.leccecronaca.it\/index.php\/wp-json\/wp\/v2\/posts"}],"about":[{"href":"https:\/\/www.leccecronaca.it\/index.php\/wp-json\/wp\/v2\/types\/post"}],"author":[{"embeddable":true,"href":"https:\/\/www.leccecronaca.it\/index.php\/wp-json\/wp\/v2\/users\/4"}],"replies":[{"embeddable":true,"href":"https:\/\/www.leccecronaca.it\/index.php\/wp-json\/wp\/v2\/comments?post=104967"}],"version-history":[{"count":3,"href":"https:\/\/www.leccecronaca.it\/index.php\/wp-json\/wp\/v2\/posts\/104967\/revisions"}],"predecessor-version":[{"id":104970,"href":"https:\/\/www.leccecronaca.it\/index.php\/wp-json\/wp\/v2\/posts\/104967\/revisions\/104970"}],"wp:featuredmedia":[{"embeddable":true,"href":"https:\/\/www.leccecronaca.it\/index.php\/wp-json\/wp\/v2\/media\/104968"}],"wp:attachment":[{"href":"https:\/\/www.leccecronaca.it\/index.php\/wp-json\/wp\/v2\/media?parent=104967"}],"wp:term":[{"taxonomy":"category","embeddable":true,"href":"https:\/\/www.leccecronaca.it\/index.php\/wp-json\/wp\/v2\/categories?post=104967"},{"taxonomy":"post_tag","embeddable":true,"href":"https:\/\/www.leccecronaca.it\/index.php\/wp-json\/wp\/v2\/tags?post=104967"}],"curies":[{"name":"wp","href":"https:\/\/api.w.org\/{rel}","templated":true}]}}