{"id":104977,"date":"2016-12-07T20:46:32","date_gmt":"2016-12-07T19:46:32","guid":{"rendered":"http:\/\/www.leccecronaca.it\/?p=104977"},"modified":"2016-12-09T12:30:17","modified_gmt":"2016-12-09T11:30:17","slug":"siglato-un-importante-protocollo-di-intesa-fra-procura-della-repubblica-e-asl-di-lecce-magistrati-e-operatori-sanitari-insieme-contro-la-violenza-sulle-donne","status":"publish","type":"post","link":"https:\/\/www.leccecronaca.it\/index.php\/2016\/12\/07\/siglato-un-importante-protocollo-di-intesa-fra-procura-della-repubblica-e-asl-di-lecce-magistrati-e-operatori-sanitari-insieme-contro-la-violenza-sulle-donne\/","title":{"rendered":"SIGLATO UN IMPORTANTE PROTOCOLLO DI INTESA FRA PROCURA DELLA REPUBBLICA E ASL DI LECCE. MAGISTRATI E OPERATORI SANITARI INSIEME, PER CONTRASTARE MEGLIO LA VIOLENZA SULLE DONNE"},"content":{"rendered":"<p><img decoding=\"async\" loading=\"lazy\" width=\"1024\" height=\"694\" title=\"IMG_4227\" class=\"alignleft size-large wp-image-104978\" alt=\"\" src=\"https:\/\/www.leccecronaca.it\/wordpress\/wp-content\/uploads\/2016\/12\/IMG_4227-1024x694.jpg\" srcset=\"https:\/\/www.leccecronaca.it\/wordpress\/wp-content\/uploads\/2016\/12\/IMG_4227-1024x694.jpg 1024w, https:\/\/www.leccecronaca.it\/wordpress\/wp-content\/uploads\/2016\/12\/IMG_4227-300x203.jpg 300w, https:\/\/www.leccecronaca.it\/wordpress\/wp-content\/uploads\/2016\/12\/IMG_4227-768x521.jpg 768w, https:\/\/www.leccecronaca.it\/wordpress\/wp-content\/uploads\/2016\/12\/IMG_4227-1536x1041.jpg 1536w, https:\/\/www.leccecronaca.it\/wordpress\/wp-content\/uploads\/2016\/12\/IMG_4227-2048x1388.jpg 2048w\" sizes=\"(max-width: 1024px) 100vw, 1024px\" \/>di <strong>Antonella Elefante______<\/strong><\/p>\n<p>I casi di violenza sulle donne e, in particolar modo, di femminicidio sono sempre pi\u00f9 frequenti e pi\u00f9 numerosi.<\/p>\n<p>A tal proposito \u00e8 stato siglato oggi pomeriggio un Protocollo d\u2019intesa dal direttore generale della ASL Lecce, Silvana Melli, dal procuratore della Repubblica, Cataldo Motta, dal procuratore aggiunto Valeria Mignone e dal medico legale Alberto Tortorella, responsabile dell\u2019Unit\u00e0 Operativa Rischio Clinico.<\/p>\n<p>Esso nasce dalla necessit\u00e0, soprattutto per la procura, di essere supportata da procedure che siano ineccepibili. Dal canto loro, non essendo del mestiere, gli operatori sanitari hanno la necessit\u00e0 di un Protocollo che dia linee guida precise per rendere il percorso di reperimento dei referti pi\u00f9 accessibile.<\/p>\n<p>Il Protocollo \u00e8 alla base di ulteriori situazioni di rete che devono combattere e cercare di debellare la violenza sulle donne, diventato uno dei fenomeni di violazione dei diritti umani.<\/p>\n<p><em>\u201dCi sar\u00e0 sicuramente un intervento all\u2019interno della rete aziendale di maggiore coinvolgimento e integrazione con la neuropsichiatria infantile, con il dipartimento della tossicodipendenza o dipendenze patologiche in generale e con il Dipartimento Salute Mentale perch\u00e9, molto spesso, l\u2019accusante pu\u00f2 essere anche un soggetto che necessita di essere preso in carico da queste strutture.<\/em><\/p>\n<p><em>L\u2019accordo con i Centri Antiviolenza \u00e8 importante e deve essere sempre successivo, in quanto la Procura ha il compito di andare a fondo sulle responsabilit\u00e0 e trovare chi ha manifestato violenza ma, allo stesso modo, \u00e8 importante mettere in sicurezza il soggetto<\/em>\u201d, ha dichiarato Silvana Melli.<\/p>\n<p>Il Procuratore Cataldo Motta ha sottolinea che <em>\u201cin questo protocollo c\u2019\u00e8 una regolamentazione accurata, attenta e significativa, con una visione non disgiunta dalle esigenze di tipo giudiziario sottese alla materia della violenza sulle donne\u201d.<\/em><\/p>\n<p>\u201cRitengo questo Protocollo\u201d &#8211;\u00a0ha detto Valeria Mignone &#8211;\u00a0\u201cparticolarmente significativo proprio per il valore che esso ha, ossia riuscire a descrivere l\u2019approccio corretto, dal punto di vista scientifico ed investigativo, per obiettivizzare la violenza\u201d.<\/p>\n<p>Per rendere ancora pi\u00f9 obiettive le prove e non modificabili dalla vittima, nel kit in dotazione \u00e8 presente una macchina fotografica, che aiuter\u00e0 chi porter\u00e0 a termine le indagini a evitare false testimonianze. Saranno prove indelebili.<\/p>\n<p>Il Protocollo, inoltre, ha accelerato l\u2019attivazione del codice rosa.<\/p>\n<p>Esso, per il momento, \u00e8 presente al Pronto Soccorso dell\u2019Ospedale di Gallipoli ed \u00e8 il primo percorso, con relativa stanza allestita con arredamento diverso, proprio per donne e bambini vittime di violenza. Le vittime, da Protocollo, saranno accompagnate da un\u2019infermiera e un medico di sesso femminile.<\/p>\n<p>Inoltre esso sar\u00e0 applicato anche nelle Unit\u00e0 operative di Ostetricia-Ginecologia, nella Guardia Medica, negli Ambulatori Aziendali e sar\u00e0 adottata da tutti i livelli di responsabilit\u00e0 degli stessi.<\/p>\n<p>Tutte le vittime che racconteranno casi di violenza devono essere trattate in base alle norme previste dal Protocollo, che prevede l\u2019utilizzo di guanti e, in caso di bambini, l\u2019affiancamento dello psicologo e del pediatra. In seguito a tale accordo, ruolo fondamentale ricoprono i medici di base e i pediatri.<\/p>\n<p>Alberto Tortorella ha infatti dichiarato: <em>\u201cLa diagnosi del sospetto di violenza non pu\u00f2 che nascere sul territorio, primo fra tutti il medico di base, perch\u00e9 ci possono essere vari segnali che sono difficili da cogliere e, pertanto, ci vuole tanta sensibilizzazione. Non sempre la vittima di violenza \u00e8 disposta a raccontare e racconta con sincerit\u00e0, per una serie di motivi<\/em>\u201d.<\/p>\n<p>Insomma, si tratta di accordo molto importante, non solo per i principi su cui si basa, ma anche perch\u00e9 conferma che oggi vi \u00e8 maggiore sensibilit\u00e0 riguardo l\u2019 argomento.<\/p>\n<p>Inoltre, a reprimerla, la violenza va fermata, e le vittime vanno tutelate e aiutate gi\u00e0 al primo segnale, che pu\u00f2 essere anche il silenzio o, peggio ancora, una bugia in presenza di segni evidenti sul corpo.<\/p>\n<fb:like href='https:\/\/www.leccecronaca.it\/index.php\/2016\/12\/07\/siglato-un-importante-protocollo-di-intesa-fra-procura-della-repubblica-e-asl-di-lecce-magistrati-e-operatori-sanitari-insieme-contro-la-violenza-sulle-donne\/' send='true' layout='button_count' show_faces='true' width='450' height='65' action='recommend' colorscheme='light' font='lucida grande'><\/fb:like><span class=\"fb_share\"><fb:like href=\"https:\/\/www.leccecronaca.it\/index.php\/2016\/12\/07\/siglato-un-importante-protocollo-di-intesa-fra-procura-della-repubblica-e-asl-di-lecce-magistrati-e-operatori-sanitari-insieme-contro-la-violenza-sulle-donne\/\" layout=\"button_count\"><\/fb:like><\/span>","protected":false},"excerpt":{"rendered":"<p>di Antonella Elefante______ I casi di violenza sulle donne e, in particolar modo, di femminicidio sono sempre pi\u00f9 frequenti e pi\u00f9 numerosi. A tal proposito \u00e8 stato siglato oggi pomeriggio un Protocollo d\u2019intesa dal direttore generale della ASL Lecce, Silvana Melli, dal procuratore della Repubblica, Cataldo Motta, dal procuratore aggiunto Valeria Mignone e dal medico [&hellip;]<\/p>\n","protected":false},"author":4,"featured_media":104978,"comment_status":"open","ping_status":"closed","sticky":false,"template":"","format":"standard","meta":[],"categories":[69],"tags":[],"_links":{"self":[{"href":"https:\/\/www.leccecronaca.it\/index.php\/wp-json\/wp\/v2\/posts\/104977"}],"collection":[{"href":"https:\/\/www.leccecronaca.it\/index.php\/wp-json\/wp\/v2\/posts"}],"about":[{"href":"https:\/\/www.leccecronaca.it\/index.php\/wp-json\/wp\/v2\/types\/post"}],"author":[{"embeddable":true,"href":"https:\/\/www.leccecronaca.it\/index.php\/wp-json\/wp\/v2\/users\/4"}],"replies":[{"embeddable":true,"href":"https:\/\/www.leccecronaca.it\/index.php\/wp-json\/wp\/v2\/comments?post=104977"}],"version-history":[{"count":8,"href":"https:\/\/www.leccecronaca.it\/index.php\/wp-json\/wp\/v2\/posts\/104977\/revisions"}],"predecessor-version":[{"id":105051,"href":"https:\/\/www.leccecronaca.it\/index.php\/wp-json\/wp\/v2\/posts\/104977\/revisions\/105051"}],"wp:featuredmedia":[{"embeddable":true,"href":"https:\/\/www.leccecronaca.it\/index.php\/wp-json\/wp\/v2\/media\/104978"}],"wp:attachment":[{"href":"https:\/\/www.leccecronaca.it\/index.php\/wp-json\/wp\/v2\/media?parent=104977"}],"wp:term":[{"taxonomy":"category","embeddable":true,"href":"https:\/\/www.leccecronaca.it\/index.php\/wp-json\/wp\/v2\/categories?post=104977"},{"taxonomy":"post_tag","embeddable":true,"href":"https:\/\/www.leccecronaca.it\/index.php\/wp-json\/wp\/v2\/tags?post=104977"}],"curies":[{"name":"wp","href":"https:\/\/api.w.org\/{rel}","templated":true}]}}