{"id":105422,"date":"2016-12-13T00:07:26","date_gmt":"2016-12-12T23:07:26","guid":{"rendered":"http:\/\/www.leccecronaca.it\/?p=105422"},"modified":"2016-12-12T20:05:57","modified_gmt":"2016-12-12T19:05:57","slug":"diario-del-giorno-prima-il-tam-tam-di-annibale-269","status":"publish","type":"post","link":"https:\/\/www.leccecronaca.it\/index.php\/2016\/12\/13\/diario-del-giorno-prima-il-tam-tam-di-annibale-269\/","title":{"rendered":"DIARIO DEL GIORNO PRIMA \/ IL TAM TAM DI ANNIBALE"},"content":{"rendered":"<p><img decoding=\"async\" loading=\"lazy\" src=\"https:\/\/www.leccecronaca.it\/wordpress\/wp-content\/uploads\/2016\/12\/640x344_1481567700218.ministri-300x161.jpg\" alt=\"\" title=\"640x344_1481567700218.ministri\" width=\"300\" height=\"161\" class=\"alignleft size-medium wp-image-105424\" srcset=\"https:\/\/www.leccecronaca.it\/wordpress\/wp-content\/uploads\/2016\/12\/640x344_1481567700218.ministri-300x161.jpg 300w, https:\/\/www.leccecronaca.it\/wordpress\/wp-content\/uploads\/2016\/12\/640x344_1481567700218.ministri.jpg 640w\" sizes=\"(max-width: 300px) 100vw, 300px\" \/>ITALIA______<br \/>\nROMA &#8211; Nuovo governo, Gentiloni: &#8220;Non mi nascondo le difficolt\u00e0 politiche&#8221; Verdini e Zanetti: non voteremo la fiducia a un governo fotocopia \u200bChi \u00e8 Paolo Gentiloni, profilo del premier incaricato Governo, Gentiloni \u00e8 arrivato al Quirinale con la lista dei ministri Renzi: il nostro disegno bocciato dagli elettori. S\u00ec a congresso, non temo voto Renzi: &#8220;Torno a casa per davvero. Mille giorni fantastici&#8221; 12 dicembre 2016Il presidente del Consiglio incaricato, Paolo Gentiloni, dopo aver sciolto la riserva dal presidente della Repubblica, Sergio Mattarella, ha letto l&#8217;elenco dei ministri del nuovo governo. \u00c8 il terzo della 17a legislatura repubblicana, nata con le elezioni del febbraio 2013, dopo quelli di Enrico Letta e Matteo Renzi. Tra i ministri con portafoglio, dieci su tredici sono confermati* nel medesimo dicastero, lo stesso per due dei cinque senza portafoglio. Istituiti i ministeri senza portafoglio per la Coesione territoriale e lo Sport.<\/p>\n<p>ITALIA______<br \/>\nAOSTA &#8211; E&#8217; Aosta la provincia italiana con la migliore qualit\u00e0 della vita, Vibo Valentia la peggiore: \u00e8 questo il quadro delineato dall&#8217;indagine annuale del Sole24Ore, che l&#8217;anno scorso vedeva al primo posto Bolzano e all&#8217;ultimo Reggio Calabria. L&#8217;indagine, giunta alla 27\/a edizione, ogni anno mette a confronto la vivibilit\u00e0 nelle province italiane su un&#8217;ampia serie di indicatori (aggiornati al 2015 e al 2016) articolati in sei settori d&#8217;indagine: affari, lavoro e innovazione; reddito, risparmi e consumi; ambiente, servizi e welfare; demografia, famiglia, integrazione; giustizia, sicurezza, reati; cultura, tempo libero e partecipazione. Roma si posiziona al 13\u00b0 posto, spinta dal valore del patrimonio immobiliare e dai flussi turistici legati al Giubileo. La provincia della Capitale recupera cos\u00ec tre posizioni rispetto al piazzamento dello scorso anno.<\/p>\n<p>MONDO______<br \/>\nDAMASCO &#8211; Intensi raid sarebbero in corso sulle postazioni dell&#8217;Isis dentro e fuori Palmira, nella Siria centrale. Lo riferiscono fonti dal terreno citate da media vicini al governo di Damasco. L&#8217;area nota per ospitare il sito archeologico d&#8217;epoca romana e patrimonio dell&#8217;Unesco \u00e8 stata investita nel fine settimane da un&#8217;offensiva jihadista. Le truppe governative si sono ritirate. Intanto i\u00a0 ribelli hanno lasciato l&#8217;intero territorio della citt\u00e0 di Aleppo, riferisce l&#8217;Osservatorio siriano per i diritti dell&#8217;Uomo. &#8220;C&#8217;\u00e8 un crollo totale dei ribelli&#8230; La battaglia di Aleppo \u00e8 alla fine&#8221; ha detto il direttore dell&#8217;osservatorio\u00a0 Abdel Rahmane.\u00a0 I ribelli si sono ritirati da sei nuovi importanti quartieri di Aleppo a fronte dell&#8217;avanzata dell&#8217;esercito e non ne rimane che una piccola &#8220;sacca di resistenza&#8221; nella seconda citt\u00e0 della Siria, ha riportato l&#8217;Osservatorio.<\/p>\n<fb:like href='https:\/\/www.leccecronaca.it\/index.php\/2016\/12\/13\/diario-del-giorno-prima-il-tam-tam-di-annibale-269\/' send='true' layout='button_count' show_faces='true' width='450' height='65' action='recommend' colorscheme='light' font='lucida grande'><\/fb:like><span class=\"fb_share\"><fb:like href=\"https:\/\/www.leccecronaca.it\/index.php\/2016\/12\/13\/diario-del-giorno-prima-il-tam-tam-di-annibale-269\/\" layout=\"button_count\"><\/fb:like><\/span>","protected":false},"excerpt":{"rendered":"<p>ITALIA______ ROMA &#8211; Nuovo governo, Gentiloni: &#8220;Non mi nascondo le difficolt\u00e0 politiche&#8221; Verdini e Zanetti: non voteremo la fiducia a un governo fotocopia \u200bChi \u00e8 Paolo Gentiloni, profilo del premier incaricato Governo, Gentiloni \u00e8 arrivato al Quirinale con la lista dei ministri Renzi: il nostro disegno bocciato dagli elettori. S\u00ec a congresso, non temo voto [&hellip;]<\/p>\n","protected":false},"author":4,"featured_media":105424,"comment_status":"open","ping_status":"closed","sticky":false,"template":"","format":"standard","meta":[],"categories":[1,69,76],"tags":[],"_links":{"self":[{"href":"https:\/\/www.leccecronaca.it\/index.php\/wp-json\/wp\/v2\/posts\/105422"}],"collection":[{"href":"https:\/\/www.leccecronaca.it\/index.php\/wp-json\/wp\/v2\/posts"}],"about":[{"href":"https:\/\/www.leccecronaca.it\/index.php\/wp-json\/wp\/v2\/types\/post"}],"author":[{"embeddable":true,"href":"https:\/\/www.leccecronaca.it\/index.php\/wp-json\/wp\/v2\/users\/4"}],"replies":[{"embeddable":true,"href":"https:\/\/www.leccecronaca.it\/index.php\/wp-json\/wp\/v2\/comments?post=105422"}],"version-history":[{"count":1,"href":"https:\/\/www.leccecronaca.it\/index.php\/wp-json\/wp\/v2\/posts\/105422\/revisions"}],"predecessor-version":[{"id":105426,"href":"https:\/\/www.leccecronaca.it\/index.php\/wp-json\/wp\/v2\/posts\/105422\/revisions\/105426"}],"wp:featuredmedia":[{"embeddable":true,"href":"https:\/\/www.leccecronaca.it\/index.php\/wp-json\/wp\/v2\/media\/105424"}],"wp:attachment":[{"href":"https:\/\/www.leccecronaca.it\/index.php\/wp-json\/wp\/v2\/media?parent=105422"}],"wp:term":[{"taxonomy":"category","embeddable":true,"href":"https:\/\/www.leccecronaca.it\/index.php\/wp-json\/wp\/v2\/categories?post=105422"},{"taxonomy":"post_tag","embeddable":true,"href":"https:\/\/www.leccecronaca.it\/index.php\/wp-json\/wp\/v2\/tags?post=105422"}],"curies":[{"name":"wp","href":"https:\/\/api.w.org\/{rel}","templated":true}]}}