{"id":106094,"date":"2016-12-20T18:33:23","date_gmt":"2016-12-20T17:33:23","guid":{"rendered":"http:\/\/www.leccecronaca.it\/?p=106094"},"modified":"2016-12-20T18:56:53","modified_gmt":"2016-12-20T17:56:53","slug":"mappe-immaginarie-una-mostra-a-san-cesario","status":"publish","type":"post","link":"https:\/\/www.leccecronaca.it\/index.php\/2016\/12\/20\/mappe-immaginarie-una-mostra-a-san-cesario\/","title":{"rendered":"MAPPE IMMAGINARIE \/ UNA MOSTRA A SAN CESARIO"},"content":{"rendered":"<p><img decoding=\"async\" loading=\"lazy\" width=\"289\" height=\"300\" title=\"15585469_1418704908140128_8685716283452797774_o\" class=\"aligncenter size-medium wp-image-106097\" alt=\"\" src=\"https:\/\/www.leccecronaca.it\/wordpress\/wp-content\/uploads\/2016\/12\/15585469_1418704908140128_8685716283452797774_o1-289x300.jpg\" srcset=\"https:\/\/www.leccecronaca.it\/wordpress\/wp-content\/uploads\/2016\/12\/15585469_1418704908140128_8685716283452797774_o1-289x300.jpg 289w, https:\/\/www.leccecronaca.it\/wordpress\/wp-content\/uploads\/2016\/12\/15585469_1418704908140128_8685716283452797774_o1-768x797.jpg 768w, https:\/\/www.leccecronaca.it\/wordpress\/wp-content\/uploads\/2016\/12\/15585469_1418704908140128_8685716283452797774_o1.jpg 925w\" sizes=\"(max-width: 289px) 100vw, 289px\" \/>(e.l.)_______<\/p>\n<p>Un mondo immaginario, un disegno che prende forma attraverso un tratto continuo, libero, che scorre sulla carta e diventa disegno. \u00a0E\u2019 cos\u00ec che parte la\u00a0 mostra di Alessandra Apos, salentina di nascita, romana d\u2019adozione, architetto e designer, in mostra a San Cesario di Lecce.<br \/>\nSi potr\u00e0 visitare gratuitamente dal 21 dicembre 2016 al 6 gennaio 2017, nella storica Distilleria De Giorgi, in via Ferrovia, 73, con orario di apertura 17:30 \u2013 20:30.<\/p>\n<p><img decoding=\"async\" loading=\"lazy\" width=\"251\" height=\"300\" title=\"15590505_1418339874843298_6816387118708351630_n\" class=\"aligncenter size-medium wp-image-106099\" alt=\"\" src=\"https:\/\/www.leccecronaca.it\/wordpress\/wp-content\/uploads\/2016\/12\/15590505_1418339874843298_6816387118708351630_n-251x300.jpg\" srcset=\"https:\/\/www.leccecronaca.it\/wordpress\/wp-content\/uploads\/2016\/12\/15590505_1418339874843298_6816387118708351630_n-251x300.jpg 251w, https:\/\/www.leccecronaca.it\/wordpress\/wp-content\/uploads\/2016\/12\/15590505_1418339874843298_6816387118708351630_n-768x917.jpg 768w, https:\/\/www.leccecronaca.it\/wordpress\/wp-content\/uploads\/2016\/12\/15590505_1418339874843298_6816387118708351630_n.jpg 804w\" sizes=\"(max-width: 251px) 100vw, 251px\" \/>Sono mappe di citt\u00e0 immaginarie, animate da personaggi e animali (soprattutto gatti). Un disegno che non \u00e8 definito a priori, che svela la sua composizione solo alla fine ed \u00e8 da l\u00ec che si riparte alla scoperta di un mondo fantastico; un mondo in cui comincia l\u2019interazione, \u201ccome a voler ricomporre l\u2019ordine nel caos\u201d ed ognuno vede il suo mondo!<br \/>\nUna collezione di mappe e trame disegnate da sempre in intimit\u00e0 e raccolte negli ultimi anni.<\/p>\n<p>In esposizione ci saranno 15 disegni su cartoncini bianchi e neri e una collezione di ceramiche dalla linea geometrica. Prodotti unici realizzati in collaborazione con il maestro ceramista Andrea Margiotta e ideate insieme al designer Andrea Persano.<\/p>\n<p><img decoding=\"async\" loading=\"lazy\" width=\"300\" height=\"168\" title=\"15338742_1407577569252862_1387345128000531926_n\" class=\"aligncenter size-medium wp-image-106101\" alt=\"\" src=\"https:\/\/www.leccecronaca.it\/wordpress\/wp-content\/uploads\/2016\/12\/15338742_1407577569252862_1387345128000531926_n-300x168.jpg\" \/>Una prima mostra personale che coincide con un ritorno alle origini, nella terra natia, luogo dove i primi disegni sono nati. Un progetto di ricerca sperimentale che fa parte di aposmaps, un\u2019 esplorazione di un segno-disegno-trama, connubio tra arte e design.<\/p>\n<fb:like href='https:\/\/www.leccecronaca.it\/index.php\/2016\/12\/20\/mappe-immaginarie-una-mostra-a-san-cesario\/' send='true' layout='button_count' show_faces='true' width='450' height='65' action='recommend' colorscheme='light' font='lucida grande'><\/fb:like><span class=\"fb_share\"><fb:like href=\"https:\/\/www.leccecronaca.it\/index.php\/2016\/12\/20\/mappe-immaginarie-una-mostra-a-san-cesario\/\" layout=\"button_count\"><\/fb:like><\/span>","protected":false},"excerpt":{"rendered":"<p>(e.l.)_______ Un mondo immaginario, un disegno che prende forma attraverso un tratto continuo, libero, che scorre sulla carta e diventa disegno. \u00a0E\u2019 cos\u00ec che parte la\u00a0 mostra di Alessandra Apos, salentina di nascita, romana d\u2019adozione, architetto e designer, in mostra a San Cesario di Lecce. Si potr\u00e0 visitare gratuitamente dal 21 dicembre 2016 al 6 [&hellip;]<\/p>\n","protected":false},"author":4,"featured_media":0,"comment_status":"open","ping_status":"closed","sticky":false,"template":"","format":"standard","meta":[],"categories":[31,75],"tags":[],"_links":{"self":[{"href":"https:\/\/www.leccecronaca.it\/index.php\/wp-json\/wp\/v2\/posts\/106094"}],"collection":[{"href":"https:\/\/www.leccecronaca.it\/index.php\/wp-json\/wp\/v2\/posts"}],"about":[{"href":"https:\/\/www.leccecronaca.it\/index.php\/wp-json\/wp\/v2\/types\/post"}],"author":[{"embeddable":true,"href":"https:\/\/www.leccecronaca.it\/index.php\/wp-json\/wp\/v2\/users\/4"}],"replies":[{"embeddable":true,"href":"https:\/\/www.leccecronaca.it\/index.php\/wp-json\/wp\/v2\/comments?post=106094"}],"version-history":[{"count":8,"href":"https:\/\/www.leccecronaca.it\/index.php\/wp-json\/wp\/v2\/posts\/106094\/revisions"}],"predecessor-version":[{"id":106105,"href":"https:\/\/www.leccecronaca.it\/index.php\/wp-json\/wp\/v2\/posts\/106094\/revisions\/106105"}],"wp:attachment":[{"href":"https:\/\/www.leccecronaca.it\/index.php\/wp-json\/wp\/v2\/media?parent=106094"}],"wp:term":[{"taxonomy":"category","embeddable":true,"href":"https:\/\/www.leccecronaca.it\/index.php\/wp-json\/wp\/v2\/categories?post=106094"},{"taxonomy":"post_tag","embeddable":true,"href":"https:\/\/www.leccecronaca.it\/index.php\/wp-json\/wp\/v2\/tags?post=106094"}],"curies":[{"name":"wp","href":"https:\/\/api.w.org\/{rel}","templated":true}]}}