{"id":106218,"date":"2016-12-22T14:35:06","date_gmt":"2016-12-22T13:35:06","guid":{"rendered":"http:\/\/www.leccecronaca.it\/?p=106218"},"modified":"2016-12-22T14:46:16","modified_gmt":"2016-12-22T13:46:16","slug":"106218","status":"publish","type":"post","link":"https:\/\/www.leccecronaca.it\/index.php\/2016\/12\/22\/106218\/","title":{"rendered":"FLAVIO FASANO ESTROMESSO DAL COMUNE DI GALLIPOLI"},"content":{"rendered":"<p><img decoding=\"async\" loading=\"lazy\" width=\"960\" height=\"960\" title=\"13669648_1641028386225102_1810098593720652278_n\" class=\"aligncenter size-full wp-image-106235\" alt=\"\" src=\"https:\/\/www.leccecronaca.it\/wordpress\/wp-content\/uploads\/2016\/12\/13669648_1641028386225102_1810098593720652278_n.jpg\" srcset=\"https:\/\/www.leccecronaca.it\/wordpress\/wp-content\/uploads\/2016\/12\/13669648_1641028386225102_1810098593720652278_n.jpg 960w, https:\/\/www.leccecronaca.it\/wordpress\/wp-content\/uploads\/2016\/12\/13669648_1641028386225102_1810098593720652278_n-300x300.jpg 300w, https:\/\/www.leccecronaca.it\/wordpress\/wp-content\/uploads\/2016\/12\/13669648_1641028386225102_1810098593720652278_n-150x150.jpg 150w, https:\/\/www.leccecronaca.it\/wordpress\/wp-content\/uploads\/2016\/12\/13669648_1641028386225102_1810098593720652278_n-768x768.jpg 768w, https:\/\/www.leccecronaca.it\/wordpress\/wp-content\/uploads\/2016\/12\/13669648_1641028386225102_1810098593720652278_n-60x60.jpg 60w\" sizes=\"(max-width: 960px) 100vw, 960px\" \/>(g.p.)______Arrestato nel 2010, era stato condannato in primo grado a tre anni e sei mesi, lo scorso gennaio, per turbativa d\u2019asta, falso, corruzione, concussione e abuso di ufficio,\u00a0reati commessi, secondo la sentenza del Tribunale di Lecce,\u00a0quando era\u00a0assessore provinciale, negli appalti relativi alla\u00a0cartellonistica stradale, e la riconversione\u00a0della sede del Nautico di Gallipoli.<\/p>\n<p>Ma Flavio Fasano, 57 anni, avvocato, politico di lungo corso, gi\u00e0\u00a0pure ex sindaco della cittadina jonica,\u00a0a giugno si era presentato a sindaco di Gallipoli, alla guida di una parte del Pd, appoggiata da Forza Italia, contro l&#8217; altra parte, guidata da Stefano Minerva.<\/p>\n<p>Era arrivato al ballottaggio, aveva perso contro il giovane compagno-rvale, ma aveva ottenuto un posto in consiglio comunale.<\/p>\n<p>Da l\u00ec l&#8217; applicazione delle misure vigenti nei confronti dei condannati che si presentano o siano eletti nelle Istituzioni, quindi una successiva sospensione dell&#8217; applicazione; quindi un reclamo del Prefetto contro la sospensione, quindi, questa mattina, l&#8217; accoglimento del reclamo del Prefetto, e la decadenza. Definitiva? Finito? Macch\u00e9.<\/p>\n<p>Lui annuncia ancora battaglia, dando appuntamento per il prossimo 20 gennaio, quando, giudice della prima sezione del Tribunale leccese, Piera Portaluri, ci sar\u00e0 una nuova tappa di quest&#8217; altra storia infinita, con decisione di merito. E intanto, annunciando un comizio pr &#8216;stasera alle 18.30 nel centro storico,\u00a0proclama: &#8220;<em>Ai concittadini, ai soci di Gallipoli futura e al gruppi consigliare, ribadisco la mia presenza politica, anche al di fuori del consiglio comunale, perch\u00e9 da uomo libero e forte mi batter\u00f2, cos\u00ec come ho fatto finora, contro l\u2019arroganza del potere<\/em>\u201d, e poi parla di &#8220;<em>Odio vile che si mette in maschera e si fa chiamare giustizia<\/em>&#8220;.<\/p>\n<p>&#8220;<em>L&#8217; arroganza del potere<\/em>&#8220;, l&#8217; &#8220;<em>odio vile<\/em>&#8220;, sarebbero l&#8217; applicare una legge dello Stato, la 190\/2012, la cos\u00ec detta legge Severino, &#8220;Disposizioni per la prevenzione e la repressione della corruzione e dell&#8217;illegalit\u00e0 nella pubblica amministrazione&#8221;, in base alla quale non si sarebbe potuto o dovuto nemmeno candidare.<\/p>\n<p>&nbsp;<\/p>\n<fb:like href='https:\/\/www.leccecronaca.it\/index.php\/2016\/12\/22\/106218\/' send='true' layout='button_count' show_faces='true' width='450' height='65' action='recommend' colorscheme='light' font='lucida grande'><\/fb:like><span class=\"fb_share\"><fb:like href=\"https:\/\/www.leccecronaca.it\/index.php\/2016\/12\/22\/106218\/\" layout=\"button_count\"><\/fb:like><\/span>","protected":false},"excerpt":{"rendered":"<p>(g.p.)______Arrestato nel 2010, era stato condannato in primo grado a tre anni e sei mesi, lo scorso gennaio, per turbativa d\u2019asta, falso, corruzione, concussione e abuso di ufficio,\u00a0reati commessi, secondo la sentenza del Tribunale di Lecce,\u00a0quando era\u00a0assessore provinciale, negli appalti relativi alla\u00a0cartellonistica stradale, e la riconversione\u00a0della sede del Nautico di Gallipoli. Ma Flavio Fasano, 57 [&hellip;]<\/p>\n","protected":false},"author":4,"featured_media":106235,"comment_status":"open","ping_status":"closed","sticky":false,"template":"","format":"standard","meta":[],"categories":[76],"tags":[],"_links":{"self":[{"href":"https:\/\/www.leccecronaca.it\/index.php\/wp-json\/wp\/v2\/posts\/106218"}],"collection":[{"href":"https:\/\/www.leccecronaca.it\/index.php\/wp-json\/wp\/v2\/posts"}],"about":[{"href":"https:\/\/www.leccecronaca.it\/index.php\/wp-json\/wp\/v2\/types\/post"}],"author":[{"embeddable":true,"href":"https:\/\/www.leccecronaca.it\/index.php\/wp-json\/wp\/v2\/users\/4"}],"replies":[{"embeddable":true,"href":"https:\/\/www.leccecronaca.it\/index.php\/wp-json\/wp\/v2\/comments?post=106218"}],"version-history":[{"count":5,"href":"https:\/\/www.leccecronaca.it\/index.php\/wp-json\/wp\/v2\/posts\/106218\/revisions"}],"predecessor-version":[{"id":106237,"href":"https:\/\/www.leccecronaca.it\/index.php\/wp-json\/wp\/v2\/posts\/106218\/revisions\/106237"}],"wp:featuredmedia":[{"embeddable":true,"href":"https:\/\/www.leccecronaca.it\/index.php\/wp-json\/wp\/v2\/media\/106235"}],"wp:attachment":[{"href":"https:\/\/www.leccecronaca.it\/index.php\/wp-json\/wp\/v2\/media?parent=106218"}],"wp:term":[{"taxonomy":"category","embeddable":true,"href":"https:\/\/www.leccecronaca.it\/index.php\/wp-json\/wp\/v2\/categories?post=106218"},{"taxonomy":"post_tag","embeddable":true,"href":"https:\/\/www.leccecronaca.it\/index.php\/wp-json\/wp\/v2\/tags?post=106218"}],"curies":[{"name":"wp","href":"https:\/\/api.w.org\/{rel}","templated":true}]}}