{"id":107312,"date":"2017-01-05T14:51:54","date_gmt":"2017-01-05T13:51:54","guid":{"rendered":"http:\/\/www.leccecronaca.it\/?p=107312"},"modified":"2017-01-05T14:51:54","modified_gmt":"2017-01-05T13:51:54","slug":"il-grande-freddo-sul-salento","status":"publish","type":"post","link":"https:\/\/www.leccecronaca.it\/index.php\/2017\/01\/05\/il-grande-freddo-sul-salento\/","title":{"rendered":"IL GRANDE FREDDO SUL SALENTO"},"content":{"rendered":"<p><img decoding=\"async\" loading=\"lazy\" width=\"680\" height=\"380\" title=\"clochard\" class=\"aligncenter size-full wp-image-107313\" alt=\"\" src=\"https:\/\/www.leccecronaca.it\/wordpress\/wp-content\/uploads\/2017\/01\/clochard.jpg\" srcset=\"https:\/\/www.leccecronaca.it\/wordpress\/wp-content\/uploads\/2017\/01\/clochard.jpg 680w, https:\/\/www.leccecronaca.it\/wordpress\/wp-content\/uploads\/2017\/01\/clochard-300x168.jpg 300w\" sizes=\"(max-width: 680px) 100vw, 680px\" \/>(Rdl)______L&#8217; assessore all&#8217; ambiente del Comune di Lecce, Andrea Guido ha diffuso una nota in cui comunica che\u201c abbiamo attivato immediatamente tutti gli operatori leccesi chiedendo loro, oltre ai soliti interventi in supporto alla Polizia Locale inerenti la gestione del traffico e della viabilit\u00e0, anche di monitorare e controllare costantemente tutti i luoghi frequentanti dai senzatetto e dalle persone indigenti. Sono loro che mi preoccupano di pi\u00f9 in queste ore&#8221;.<\/p>\n<p>E cos\u00ec prosegue: &#8220;Ora che le minime scenderanno sotto lo zero bisogner\u00e0 davvero mettercela tutta per evitare il peggio. I cartoni e le coperte potrebbero non bastare pi\u00f9. L\u2019aria gelida si infila negli angoli, anche in quelli pi\u00f9 riparati.<\/p>\n<p>La nostra macchina dell\u2019assistenza e della solidariet\u00e0 \u00e8 accesa, collaudata ed efficiente. Ma potrebbe non bastare.<\/p>\n<p>Invito quindi tutti i leccesi a dare una mano a chi in questi giorni di gelo non ha un tetto, un piatto caldo o un posto dove potersi riparare. Guardiamoci intorno durante il prossimo weekend, togliamoci i paraocchi.<\/p>\n<p>Si tratta di nostri fratelli e concittadini, non meritano la nostra indifferenza. Delle volte bevande calde e coperte o sacchi a pelo e vestiti pesanti possono alleviare una situazione drammatica\u201d.<\/p>\n<p>Da buon animalista per\u00f2 vi chiedo anche di prestare attenzione anche ai cani o gatti che vivono all\u2019aperto, poich\u00e9 devono avere un luogo asciutto e senza correnti dove dormire e rifugiarsi. I soggetti anziani o malati, i cani di taglia piccola, vanno maggiormente protetti dalle intemperie e non devono essere lasciati all\u2019aperto, soprattutto di notte. Basta veramente poco per aiutare un animale in difficolt\u00e0.<\/p>\n<p>I cani e i gatti presenti sul territorio sono veramente tanti, non dimentichiamoci mai di mettere una ciotola di cibo e di acqua a loro disposizione fuori dalle nostre abitazioni\u201d.<\/p>\n<p>&nbsp;<\/p>\n<fb:like href='https:\/\/www.leccecronaca.it\/index.php\/2017\/01\/05\/il-grande-freddo-sul-salento\/' send='true' layout='button_count' show_faces='true' width='450' height='65' action='recommend' colorscheme='light' font='lucida grande'><\/fb:like><span class=\"fb_share\"><fb:like href=\"https:\/\/www.leccecronaca.it\/index.php\/2017\/01\/05\/il-grande-freddo-sul-salento\/\" layout=\"button_count\"><\/fb:like><\/span>","protected":false},"excerpt":{"rendered":"<p>(Rdl)______L&#8217; assessore all&#8217; ambiente del Comune di Lecce, Andrea Guido ha diffuso una nota in cui comunica che\u201c abbiamo attivato immediatamente tutti gli operatori leccesi chiedendo loro, oltre ai soliti interventi in supporto alla Polizia Locale inerenti la gestione del traffico e della viabilit\u00e0, anche di monitorare e controllare costantemente tutti i luoghi frequentanti dai [&hellip;]<\/p>\n","protected":false},"author":4,"featured_media":107313,"comment_status":"open","ping_status":"closed","sticky":false,"template":"","format":"standard","meta":[],"categories":[69],"tags":[],"_links":{"self":[{"href":"https:\/\/www.leccecronaca.it\/index.php\/wp-json\/wp\/v2\/posts\/107312"}],"collection":[{"href":"https:\/\/www.leccecronaca.it\/index.php\/wp-json\/wp\/v2\/posts"}],"about":[{"href":"https:\/\/www.leccecronaca.it\/index.php\/wp-json\/wp\/v2\/types\/post"}],"author":[{"embeddable":true,"href":"https:\/\/www.leccecronaca.it\/index.php\/wp-json\/wp\/v2\/users\/4"}],"replies":[{"embeddable":true,"href":"https:\/\/www.leccecronaca.it\/index.php\/wp-json\/wp\/v2\/comments?post=107312"}],"version-history":[{"count":2,"href":"https:\/\/www.leccecronaca.it\/index.php\/wp-json\/wp\/v2\/posts\/107312\/revisions"}],"predecessor-version":[{"id":107315,"href":"https:\/\/www.leccecronaca.it\/index.php\/wp-json\/wp\/v2\/posts\/107312\/revisions\/107315"}],"wp:featuredmedia":[{"embeddable":true,"href":"https:\/\/www.leccecronaca.it\/index.php\/wp-json\/wp\/v2\/media\/107313"}],"wp:attachment":[{"href":"https:\/\/www.leccecronaca.it\/index.php\/wp-json\/wp\/v2\/media?parent=107312"}],"wp:term":[{"taxonomy":"category","embeddable":true,"href":"https:\/\/www.leccecronaca.it\/index.php\/wp-json\/wp\/v2\/categories?post=107312"},{"taxonomy":"post_tag","embeddable":true,"href":"https:\/\/www.leccecronaca.it\/index.php\/wp-json\/wp\/v2\/tags?post=107312"}],"curies":[{"name":"wp","href":"https:\/\/api.w.org\/{rel}","templated":true}]}}