{"id":107687,"date":"2017-01-09T12:59:36","date_gmt":"2017-01-09T11:59:36","guid":{"rendered":"http:\/\/www.leccecronaca.it\/?p=107687"},"modified":"2017-01-11T11:58:27","modified_gmt":"2017-01-11T10:58:27","slug":"la-lady-degli-ulivi-e-andata-avanti-col-suo-progetto-di-resort-per-milionari-fra-gli-ulivi-monumentali-di-nardo-anzi-e-andata-oltre","status":"publish","type":"post","link":"https:\/\/www.leccecronaca.it\/index.php\/2017\/01\/09\/la-lady-degli-ulivi-e-andata-avanti-col-suo-progetto-di-resort-per-milionari-fra-gli-ulivi-monumentali-di-nardo-anzi-e-andata-oltre\/","title":{"rendered":"LA LADY DELLE COSTRUZIONI FRA GLI ULIVI E&#8217; ANDATA AVANTI COL SUO PROGETTO DI RESORT PER MILIONARI A NARDO&#8217;, ANZI, E&#8217; ANDATA OLTRE"},"content":{"rendered":"<p><img decoding=\"async\" loading=\"lazy\" width=\"1024\" height=\"682\" title=\"Alison-Deighton\" class=\"aligncenter size-full wp-image-107688\" alt=\"\" src=\"https:\/\/www.leccecronaca.it\/wordpress\/wp-content\/uploads\/2017\/01\/Alison-Deighton.jpg\" srcset=\"https:\/\/www.leccecronaca.it\/wordpress\/wp-content\/uploads\/2017\/01\/Alison-Deighton.jpg 1024w, https:\/\/www.leccecronaca.it\/wordpress\/wp-content\/uploads\/2017\/01\/Alison-Deighton-300x200.jpg 300w, https:\/\/www.leccecronaca.it\/wordpress\/wp-content\/uploads\/2017\/01\/Alison-Deighton-768x512.jpg 768w\" sizes=\"(max-width: 1024px) 100vw, 1024px\" \/>(g.p.)______In un comunicato giunto in mattinata in redazione, Lady Alison Deighton, amministratore unico di OASI Sarparea srl, &#8220;nostra signora del resort fra gli ulivi&#8221;, come l&#8217; avevamo ribattezzata noi, annuncia che &#8220;\u00e8 lieta di invitarLa alla Conferenza Stampa di presentazione del Piano Urbanistico Esecutivo relativo all\u2019intervento da realizzare in Nard\u00f2 &#8211; localit\u00e0 Sarparea, frazione di S. Isidoro, che si terr\u00e0 il giorno 16 gennaio 2017 alle ore 11.00 presso l\u2019Oasi Quattro Colonne a S. Maria al Bagno.<\/p>\n<p>Alla presenza degli investitori e dei progettisti sar\u00e0 illustrato il Piano urbanistico esecutivo &#8211; relativo al piano adottato con Delibera del Consiglio Comunale di Nard\u00f2 n. 106\/09 \u2013 che sar\u00e0 depositato nei prossimi giorni al Comune di Nard\u00f2.<\/p>\n<p>Nel ringraziarVi anticipatamente per l\u2019attenzione rivolta al progetto, si porgono cordiali saluti&#8221;.______<\/p>\n<p>Dunque, il previsto insediamento a fini speculativi di turismo d&#8217; alto bordo internazionale, in un altro dei posti pi\u00f9 belli e caratteristici del Salento, \u00e8 andato avanti, sulla base di una precedente autorizzazione avuta dalla Regione Puglia e dalla passata amministrazione comunale.<\/p>\n<p>Raggiunti telefonicamente, sempre\u00a0nella mattinata di oggi, al Comune di Nard\u00f2, retto adesso dalla nuova giunta del Sindaco Pippi Mellone, di &#8216;Andare oltre&#8217;, e ricordiamolo volentieri, senza aggiungere altro,\u00a0la citt\u00e0 di Renata Fonte, confermano di\u00a0non aver avuto la documentazione sulla natura dell&#8217; insediamento, e si riservano ogni valutazione di merito.<\/p>\n<p>Intanto, chi voglia approfondire la questione, trover\u00e0<\/p>\n<p>LA DOCUMENTAZIONE nei nostri articoli dei mesi scorsi<\/p>\n<p><a href=\"https:\/\/www.leccecronaca.it\/index.php\/2016\/08\/02\/nostra-signora-del-resort-nell-oasi-degli-ulivi\/\">https:\/\/www.leccecronaca.it\/index.php\/2016\/08\/02\/nostra-signora-del-resort-nell-oasi-degli-ulivi\/<\/a><\/p>\n<p><a href=\"https:\/\/www.leccecronaca.it\/index.php\/2016\/08\/05\/aggiornamento-gli-sviluppi-del-caso-nostra-signora-del-resort-nell-oasi-degli-ulivi\/\">https:\/\/www.leccecronaca.it\/index.php\/2016\/08\/05\/aggiornamento-gli-sviluppi-del-caso-nostra-signora-del-resort-nell-oasi-degli-ulivi\/<\/a><\/p>\n<p>&nbsp;<\/p>\n<p>&nbsp;<\/p>\n<fb:like href='https:\/\/www.leccecronaca.it\/index.php\/2017\/01\/09\/la-lady-degli-ulivi-e-andata-avanti-col-suo-progetto-di-resort-per-milionari-fra-gli-ulivi-monumentali-di-nardo-anzi-e-andata-oltre\/' send='true' layout='button_count' show_faces='true' width='450' height='65' action='recommend' colorscheme='light' font='lucida grande'><\/fb:like><span class=\"fb_share\"><fb:like href=\"https:\/\/www.leccecronaca.it\/index.php\/2017\/01\/09\/la-lady-degli-ulivi-e-andata-avanti-col-suo-progetto-di-resort-per-milionari-fra-gli-ulivi-monumentali-di-nardo-anzi-e-andata-oltre\/\" layout=\"button_count\"><\/fb:like><\/span>","protected":false},"excerpt":{"rendered":"<p>(g.p.)______In un comunicato giunto in mattinata in redazione, Lady Alison Deighton, amministratore unico di OASI Sarparea srl, &#8220;nostra signora del resort fra gli ulivi&#8221;, come l&#8217; avevamo ribattezzata noi, annuncia che &#8220;\u00e8 lieta di invitarLa alla Conferenza Stampa di presentazione del Piano Urbanistico Esecutivo relativo all\u2019intervento da realizzare in Nard\u00f2 &#8211; localit\u00e0 Sarparea, frazione di [&hellip;]<\/p>\n","protected":false},"author":4,"featured_media":107688,"comment_status":"open","ping_status":"closed","sticky":false,"template":"","format":"standard","meta":[],"categories":[69],"tags":[],"_links":{"self":[{"href":"https:\/\/www.leccecronaca.it\/index.php\/wp-json\/wp\/v2\/posts\/107687"}],"collection":[{"href":"https:\/\/www.leccecronaca.it\/index.php\/wp-json\/wp\/v2\/posts"}],"about":[{"href":"https:\/\/www.leccecronaca.it\/index.php\/wp-json\/wp\/v2\/types\/post"}],"author":[{"embeddable":true,"href":"https:\/\/www.leccecronaca.it\/index.php\/wp-json\/wp\/v2\/users\/4"}],"replies":[{"embeddable":true,"href":"https:\/\/www.leccecronaca.it\/index.php\/wp-json\/wp\/v2\/comments?post=107687"}],"version-history":[{"count":13,"href":"https:\/\/www.leccecronaca.it\/index.php\/wp-json\/wp\/v2\/posts\/107687\/revisions"}],"predecessor-version":[{"id":107851,"href":"https:\/\/www.leccecronaca.it\/index.php\/wp-json\/wp\/v2\/posts\/107687\/revisions\/107851"}],"wp:featuredmedia":[{"embeddable":true,"href":"https:\/\/www.leccecronaca.it\/index.php\/wp-json\/wp\/v2\/media\/107688"}],"wp:attachment":[{"href":"https:\/\/www.leccecronaca.it\/index.php\/wp-json\/wp\/v2\/media?parent=107687"}],"wp:term":[{"taxonomy":"category","embeddable":true,"href":"https:\/\/www.leccecronaca.it\/index.php\/wp-json\/wp\/v2\/categories?post=107687"},{"taxonomy":"post_tag","embeddable":true,"href":"https:\/\/www.leccecronaca.it\/index.php\/wp-json\/wp\/v2\/tags?post=107687"}],"curies":[{"name":"wp","href":"https:\/\/api.w.org\/{rel}","templated":true}]}}