{"id":107707,"date":"2017-01-09T18:47:16","date_gmt":"2017-01-09T17:47:16","guid":{"rendered":"http:\/\/www.leccecronaca.it\/?p=107707"},"modified":"2017-01-09T18:48:57","modified_gmt":"2017-01-09T17:48:57","slug":"lecce-ripresa-la-peparazione-anche-se-la-prossima-partita-sara-sabato-21-le-novita-del-mercato-invernale","status":"publish","type":"post","link":"https:\/\/www.leccecronaca.it\/index.php\/2017\/01\/09\/lecce-ripresa-la-peparazione-anche-se-la-prossima-partita-sara-sabato-21-le-novita-del-mercato-invernale\/","title":{"rendered":"LECCE \/ RIPRESA LA PREPARAZIONE, ANCHE SE LA PROSSIMA PARTITA SARA&#8217; SABATO 21. LE NOVITA&#8217; DI MERCATO"},"content":{"rendered":"<p><img decoding=\"async\" loading=\"lazy\" width=\"960\" height=\"540\" title=\"RI\" class=\"aligncenter size-full wp-image-107708\" alt=\"\" src=\"https:\/\/www.leccecronaca.it\/wordpress\/wp-content\/uploads\/2017\/01\/RI.jpg\" srcset=\"https:\/\/www.leccecronaca.it\/wordpress\/wp-content\/uploads\/2017\/01\/RI.jpg 960w, https:\/\/www.leccecronaca.it\/wordpress\/wp-content\/uploads\/2017\/01\/RI-300x169.jpg 300w, https:\/\/www.leccecronaca.it\/wordpress\/wp-content\/uploads\/2017\/01\/RI-768x432.jpg 768w\" sizes=\"(max-width: 960px) 100vw, 960px\" \/>(a.e.)______Dopo un breve periodo di riposo, l\u2019U.S. Lecce ha ripreso proprio questa mattina la preparazione in vista della prossima partita del campionato di Lega Pro Girone C, fissata per il 21 gennaio.<\/p>\n<p>Dopo il freddo, il gelo e la neve di questi giorni, Padalino questa mattina ha dovuto spostare l\u2019allenamento nella palestra \u201cVia del Mare\u201d, per una ripresa leggera dopo le feste, in quanto l\u2019erba dello stadio era ed \u00e8 in condizioni disastrose (foto).<\/p>\n<p>Quando tutta la neve si sar\u00e0 sciolta, spetter\u00e0 ai tecnici capire come rimediare il danno.<\/p>\n<p>I giocatori intanto si preparando come meglio possono, per essere quanto pi\u00f9 preparati possibile e portare a casa punti preziosi nella partita contro il Melfi.<\/p>\n<p>\u201c<em>Credo che questa sosta sia positiva, perch\u00e9 questi giorni di vacanza ci hanno permesso di staccare. In questo periodo di inattivit\u00e0, comunque, avevamo un nostro programma di allenamenti, per cui non credo ci saranno problemi. Un anno a Lecce? \u00c8 stato un anno pieno di emozioni, giocare a Lecce, fare gol ed esultare sotto la Curva Nord ti regala emozioni intense<\/em>\u201d &#8211;\u00a0ha dichiarato l\u2019attaccante giallorosso Salvatore Caturano.<\/p>\n<p>Intanto in questo periodo ci sono delle novit\u00e0 riguardanti la squadra. Alla partita contro Melfi non prender\u00e0 parte Cosenza, in quanto espulso nell\u2019ultima partita del 2016, contro l\u2019Akgras.<\/p>\n<p>\u00c8 arrivato il nuovo anno, siamo a gennaio, e in termini calcistici questo vuol dire riaprire il calcio-mercato. Infatti l\u2019U.S Lecce ha dichiarato di aver ceduto, a titolo temporaneo, il diritto alle prestazioni sportive del difensore Simone Cassano al FBC Gravina, che disputa il campionato di serie D con la quale, nel giugno 2017, finir\u00e0 tale cessione.<\/p>\n<p>Anche l\u2019attaccante Andrea Capristo \u00e8 stato ceduto, a titolo temporaneo. Giocher\u00e0 ora anche lui in serie D, nella Folgore Catarese.<\/p>\n<p>Nessun acquisto per ora ma non \u00e8 detto che non ci siano acquisti, viste le due cessioni.<\/p>\n<p>Anche lo stesso Caturano dichiara: <em>\u201c\u00c8 normale che nel mercato di gennaio si aggiustino delle cose, come far\u00e0 il Lecce. Ci giocheremo questo rush finale con grande carica. A me non piacciono i proclami lavoriamo in silenzio cercando di fare i fatti concentrandoci sul lavoro che svolgiamo quotidianamente\u201d.<\/em><\/p>\n<p>La squadra, dunque, nonostante il freddo e la neve, non si fermer\u00e0. Continuer\u00e0, anzi, ancora pi\u00f9 motivata e diretta al raggiungimento dell\u2019obiettivo finale che \u00e8 la promozione diretta.<\/p>\n<p>&nbsp;<\/p>\n<p>&nbsp;<\/p>\n<fb:like href='https:\/\/www.leccecronaca.it\/index.php\/2017\/01\/09\/lecce-ripresa-la-peparazione-anche-se-la-prossima-partita-sara-sabato-21-le-novita-del-mercato-invernale\/' send='true' layout='button_count' show_faces='true' width='450' height='65' action='recommend' colorscheme='light' font='lucida grande'><\/fb:like><span class=\"fb_share\"><fb:like href=\"https:\/\/www.leccecronaca.it\/index.php\/2017\/01\/09\/lecce-ripresa-la-peparazione-anche-se-la-prossima-partita-sara-sabato-21-le-novita-del-mercato-invernale\/\" layout=\"button_count\"><\/fb:like><\/span>","protected":false},"excerpt":{"rendered":"<p>(a.e.)______Dopo un breve periodo di riposo, l\u2019U.S. Lecce ha ripreso proprio questa mattina la preparazione in vista della prossima partita del campionato di Lega Pro Girone C, fissata per il 21 gennaio. Dopo il freddo, il gelo e la neve di questi giorni, Padalino questa mattina ha dovuto spostare l\u2019allenamento nella palestra \u201cVia del Mare\u201d, [&hellip;]<\/p>\n","protected":false},"author":4,"featured_media":107708,"comment_status":"open","ping_status":"closed","sticky":false,"template":"","format":"standard","meta":[],"categories":[28],"tags":[],"_links":{"self":[{"href":"https:\/\/www.leccecronaca.it\/index.php\/wp-json\/wp\/v2\/posts\/107707"}],"collection":[{"href":"https:\/\/www.leccecronaca.it\/index.php\/wp-json\/wp\/v2\/posts"}],"about":[{"href":"https:\/\/www.leccecronaca.it\/index.php\/wp-json\/wp\/v2\/types\/post"}],"author":[{"embeddable":true,"href":"https:\/\/www.leccecronaca.it\/index.php\/wp-json\/wp\/v2\/users\/4"}],"replies":[{"embeddable":true,"href":"https:\/\/www.leccecronaca.it\/index.php\/wp-json\/wp\/v2\/comments?post=107707"}],"version-history":[{"count":5,"href":"https:\/\/www.leccecronaca.it\/index.php\/wp-json\/wp\/v2\/posts\/107707\/revisions"}],"predecessor-version":[{"id":107713,"href":"https:\/\/www.leccecronaca.it\/index.php\/wp-json\/wp\/v2\/posts\/107707\/revisions\/107713"}],"wp:featuredmedia":[{"embeddable":true,"href":"https:\/\/www.leccecronaca.it\/index.php\/wp-json\/wp\/v2\/media\/107708"}],"wp:attachment":[{"href":"https:\/\/www.leccecronaca.it\/index.php\/wp-json\/wp\/v2\/media?parent=107707"}],"wp:term":[{"taxonomy":"category","embeddable":true,"href":"https:\/\/www.leccecronaca.it\/index.php\/wp-json\/wp\/v2\/categories?post=107707"},{"taxonomy":"post_tag","embeddable":true,"href":"https:\/\/www.leccecronaca.it\/index.php\/wp-json\/wp\/v2\/tags?post=107707"}],"curies":[{"name":"wp","href":"https:\/\/api.w.org\/{rel}","templated":true}]}}