{"id":107999,"date":"2017-01-12T19:32:49","date_gmt":"2017-01-12T18:32:49","guid":{"rendered":"http:\/\/www.leccecronaca.it\/?p=107999"},"modified":"2017-01-12T20:20:25","modified_gmt":"2017-01-12T19:20:25","slug":"convegno-alla-camera-dei-deputati-a-fine-mese-e-legge-di-iniziativa-popolare-usciamo-dalla-nato-quanto-meno-iniziamo-una-seria-ridiscussione-le-iniziative-dell-on-manlio-di-stefano-del-movimen","status":"publish","type":"post","link":"https:\/\/www.leccecronaca.it\/index.php\/2017\/01\/12\/convegno-alla-camera-dei-deputati-a-fine-mese-e-legge-di-iniziativa-popolare-usciamo-dalla-nato-quanto-meno-iniziamo-una-seria-ridiscussione-le-iniziative-dell-on-manlio-di-stefano-del-movimen\/","title":{"rendered":"CONVEGNO ALLA CAMERA DEI DEPUTATI A FINE MESE, E LEGGE DI INIZIATIVA POPOLARE: USCIAMO DALLA NATO. QUANTO MENO, INIZIAMO UNA SERIA RIDISCUSSIONE. LE INIZIATIVE DELL&#8217; ON. MANLIO DI STEFANO DEL M5S"},"content":{"rendered":"<p><img decoding=\"async\" loading=\"lazy\" width=\"610\" height=\"365\" title=\"mdistefano_m5s\" class=\"aligncenter size-full wp-image-108000\" alt=\"\" src=\"https:\/\/www.leccecronaca.it\/wordpress\/wp-content\/uploads\/2017\/01\/mdistefano_m5s.jpg\" srcset=\"https:\/\/www.leccecronaca.it\/wordpress\/wp-content\/uploads\/2017\/01\/mdistefano_m5s.jpg 610w, https:\/\/www.leccecronaca.it\/wordpress\/wp-content\/uploads\/2017\/01\/mdistefano_m5s-300x180.jpg 300w\" sizes=\"(max-width: 610px) 100vw, 610px\" \/>(g.p.)______Apriamo il dibattito? S\u00ec, finalmente! E dentro le Istituzioni. Era ora. E&#8217; la prima volta nella Storia dell&#8217; Italia Repubblicana.\u00a0 Le iniziative sono del deputato, o meglio, portavoce, come dicono i pentastellati, Manlio Di Stefano, 35 anni, siciliano di Palermo, \u00a0trasferito a Milano, ingegnere informatico, capogruppo del M5S in Commissione Esteri della Camera. Ecco come le ha spiegate egli stesso oggi, in un post sul blog di Beppe Grillo,\u00a0che sta trovando in queste ore vasta eco mediatica\u00a0______<\/p>\n<p>Dal 1999 ad oggi, le guerre d&#8217;aggressione della Nato hanno prodotto decine di migliaia di morti, feriti, mutilati, sfollati, territori devastati, smembrati, economie fallite, destabilizzazioni estese a intere regioni. L&#8217;emergenza di chi fugge dalle guerre dell&#8217;Alleanza atlantica oggi mette persino in discussione l&#8217;esistenza stessa dell&#8217;Ue.<\/p>\n<p>Sorta sul concetto di &#8220;difesa collettiva&#8221;, la Nato, con l\u2019implosione dell\u2019Unione Sovietica, ha di fatto perso il motivo alla base della sua stessa esistenza. Dal 1991 l&#8217;organizzazione si \u00e8 presto trasformata in strumento di aggressione per il perseguimento di due obiettivi strategici degli Stati Uniti: mantenere il dominio militare in Europa e controllare qualsiasi possibile rinascita della Russia.<\/p>\n<p>Jugoslavia, Afghanistan, Iraq, Somalia, Sudan, Libia, Siria, Ucraina. Paesi d\u2019interesse atlantista, e per questo travolti da una valanga di menzogne mortifere, per giustificare bombardamenti che hanno prodotto morte, macerie e milioni di profughi.<\/p>\n<p>L&#8217;esito delle crisi di Ucraina e Siria determiner\u00e0 il futuro assetto geopolitico e il nuovo equilibrio di potere nello scacchiere internazionale. Il Pentagono e il vice presidente Usa Joe Biden hanno annunciato questa settimana che gli Stati Uniti sono pronti ad un intervento in Siria congiunto con la Turchia (Paese Nato ormai fuori controllo) per armare e sostenere i cosiddetti \u201cribelli moderati\u201d. Si tratta di un intervento contrario al diritto internazionale.<\/p>\n<p>La crisi ucraina \u00e8 l&#8217;ultimo capitolo di questa tragica saga. Il pi\u00f9 pericoloso. Il colpo di stato del febbraio 2014 a Kiev si inserisce, infatti, nella progressiva e pericolosa espansione della Nato ad Est, operata a partire dagli anni \u201990 e presentata al grande pubblico come una benigna diffusione di democrazia e ricerca di stabilit\u00e0. In realt\u00e0, \u00e8 semplicemente il modo pi\u00f9 rapido per portare a termine la strategia ultima statunitense, vale a dire imporre all\u2019Ue la Nato economica, il TTIP &#8211; acronimo di Transatlantic Trade and Investment Partnership, vale a dire l&#8217;immensa area di libero scambio che i due blocchi stanno negoziando nel segreto quasi assoluto. Dopo l&#8217;invito formale al Montenegro nel dicembre del 2015, il prossimo paese nella lista, il trentesimo, a finire nella ragnatela dell&#8217;Alleanza dovrebbe essere nei piani proprio l&#8217;Ucraina. Si tratta di uno scenario dai contorni potenzialmente apocalittici, con Mosca che ha pi\u00f9 volte ribadito che reagirebbe con ritorsioni belliche all&#8217;arrivo della Nato ai suoi confini.<\/p>\n<p>Nel voler forzare l&#8217;ingresso dell&#8217;Ucraina nella Nato, in poche parole, gli Stati Uniti stanno giocando con scenari di terza guerra mondiale. Con un approccio irresponsabile fatto di militarizzazione dell&#8217;est europeo &#8211; dal 2017 Ucraina, Polonia e Lituania costituiranno una brigata congiunta di 4mila uomini effettivi &#8211; e di sanzioni economiche alla Russia che hanno gi\u00e0 messo in ginocchio il settore agro-alimentare europeo (l&#8217;Italia ha perdite complessive per un miliardo di euro l&#8217;anno), ci sono alcuni interrogativi che come Paese dobbiamo porci.<\/p>\n<p>&#8211; Per quanto tempo dobbiamo violare la nostra Costituzione e i trattati internazionali fondamentali come il Trattato di non proliferazione nucleare per fornire a quest&#8217;alleanza la possibilit\u00e0 di usufruire di decine di basi sul nostro territorio con 90 testate nucleari annesse?<\/p>\n<p>&#8211; Per quanto tempo dovremo devastare l&#8217;ambiente di intere regioni e la salute dei cittadini che vivono nei pressi di basi o poligoni NATO?<\/p>\n<p>&#8211; Perch\u00e9 un&#8217;organizzazione concepita come un&#8217;Alleanza militare meramente difensiva si \u00e8 trasformata negli anni in uno strumento di morte e aggressione?<\/p>\n<p>&#8211; Esiste un modo che consenta all&#8217;Italia di sottrarsi a future guerre di invasione, come nel caso della Libia?<\/p>\n<p>&nbsp;<\/p>\n<p>La partecipazione alla Nato pone oggi l&#8217;Italia di fronte a un bivio cruciale. Come MoVimento 5 Stelle chiediamo che nel Paese si apra una riflessione seria sull&#8217;argomento e per questo vi invitiamo tutti al convegno &#8220;Se non fosse NATO&#8221; che si terr\u00e0 venerd\u00ec 29 gennaio alla Nuova Aula dei Gruppi parlamentari, a Roma, con la partecipazione di:<\/p>\n<p>Mairead Corrigan \u2013 Premio Nobel per la Pace<\/p>\n<p>Andr\u00e9 Vltchek \u2013 Reporter di guerra e autore, con N. Chomsky, di &#8220;Terrorismo Occidentale&#8221;<\/p>\n<p>Claudio Giangiacomo &#8211; Redattore della pdl di iniziativa popolare su basi e trattati militari<\/p>\n<p>Alessandro Di Battista &#8211; Deputato M5S Commissione Affari Esteri<\/p>\n<p>Luca Frusone &#8211; Deputato M5S Commissione Difesa<\/p>\n<p>Elio Teresi &#8211; Movimento &#8220;No Muos&#8221;<\/p>\n<p>Valter Lorenzi &#8211; Rete Disarmiamoli \/ Comitato &#8220;No camp Darby&#8221;<\/p>\n<p>Mariella Cao &#8211; Comitato sardo &#8220;Gettiamo le Basi&#8221;<\/p>\n<p>Enrico Marchesini &#8211; Movimento &#8220;No Dal Molin&#8221;<\/p>\n<p>&nbsp;<\/p>\n<p>&nbsp;<\/p>\n<p>&nbsp;<\/p>\n<fb:like href='https:\/\/www.leccecronaca.it\/index.php\/2017\/01\/12\/convegno-alla-camera-dei-deputati-a-fine-mese-e-legge-di-iniziativa-popolare-usciamo-dalla-nato-quanto-meno-iniziamo-una-seria-ridiscussione-le-iniziative-dell-on-manlio-di-stefano-del-movimen\/' send='true' layout='button_count' show_faces='true' width='450' height='65' action='recommend' colorscheme='light' font='lucida grande'><\/fb:like><span class=\"fb_share\"><fb:like href=\"https:\/\/www.leccecronaca.it\/index.php\/2017\/01\/12\/convegno-alla-camera-dei-deputati-a-fine-mese-e-legge-di-iniziativa-popolare-usciamo-dalla-nato-quanto-meno-iniziamo-una-seria-ridiscussione-le-iniziative-dell-on-manlio-di-stefano-del-movimen\/\" layout=\"button_count\"><\/fb:like><\/span>","protected":false},"excerpt":{"rendered":"<p>(g.p.)______Apriamo il dibattito? S\u00ec, finalmente! E dentro le Istituzioni. Era ora. E&#8217; la prima volta nella Storia dell&#8217; Italia Repubblicana.\u00a0 Le iniziative sono del deputato, o meglio, portavoce, come dicono i pentastellati, Manlio Di Stefano, 35 anni, siciliano di Palermo, \u00a0trasferito a Milano, ingegnere informatico, capogruppo del M5S in Commissione Esteri della Camera. Ecco come [&hellip;]<\/p>\n","protected":false},"author":4,"featured_media":108000,"comment_status":"open","ping_status":"closed","sticky":false,"template":"","format":"standard","meta":[],"categories":[69,76],"tags":[],"_links":{"self":[{"href":"https:\/\/www.leccecronaca.it\/index.php\/wp-json\/wp\/v2\/posts\/107999"}],"collection":[{"href":"https:\/\/www.leccecronaca.it\/index.php\/wp-json\/wp\/v2\/posts"}],"about":[{"href":"https:\/\/www.leccecronaca.it\/index.php\/wp-json\/wp\/v2\/types\/post"}],"author":[{"embeddable":true,"href":"https:\/\/www.leccecronaca.it\/index.php\/wp-json\/wp\/v2\/users\/4"}],"replies":[{"embeddable":true,"href":"https:\/\/www.leccecronaca.it\/index.php\/wp-json\/wp\/v2\/comments?post=107999"}],"version-history":[{"count":4,"href":"https:\/\/www.leccecronaca.it\/index.php\/wp-json\/wp\/v2\/posts\/107999\/revisions"}],"predecessor-version":[{"id":108002,"href":"https:\/\/www.leccecronaca.it\/index.php\/wp-json\/wp\/v2\/posts\/107999\/revisions\/108002"}],"wp:featuredmedia":[{"embeddable":true,"href":"https:\/\/www.leccecronaca.it\/index.php\/wp-json\/wp\/v2\/media\/108000"}],"wp:attachment":[{"href":"https:\/\/www.leccecronaca.it\/index.php\/wp-json\/wp\/v2\/media?parent=107999"}],"wp:term":[{"taxonomy":"category","embeddable":true,"href":"https:\/\/www.leccecronaca.it\/index.php\/wp-json\/wp\/v2\/categories?post=107999"},{"taxonomy":"post_tag","embeddable":true,"href":"https:\/\/www.leccecronaca.it\/index.php\/wp-json\/wp\/v2\/tags?post=107999"}],"curies":[{"name":"wp","href":"https:\/\/api.w.org\/{rel}","templated":true}]}}