{"id":108452,"date":"2017-01-18T16:04:56","date_gmt":"2017-01-18T15:04:56","guid":{"rendered":"http:\/\/www.leccecronaca.it\/?p=108452"},"modified":"2017-01-18T16:05:32","modified_gmt":"2017-01-18T15:05:32","slug":"manifestazione-domani-a-brindisi-contro-il-gasdotto-tap","status":"publish","type":"post","link":"https:\/\/www.leccecronaca.it\/index.php\/2017\/01\/18\/manifestazione-domani-a-brindisi-contro-il-gasdotto-tap\/","title":{"rendered":"PROTESTA GIOVEDI&#8217; A BRINDISI CONTRO IL GASDOTTO TAP"},"content":{"rendered":"<p><img decoding=\"async\" loading=\"lazy\" width=\"648\" height=\"275\" title=\"image\" class=\"aligncenter size-full wp-image-108453\" alt=\"\" src=\"https:\/\/www.leccecronaca.it\/wordpress\/wp-content\/uploads\/2017\/01\/image.jpg\" srcset=\"https:\/\/www.leccecronaca.it\/wordpress\/wp-content\/uploads\/2017\/01\/image.jpg 648w, https:\/\/www.leccecronaca.it\/wordpress\/wp-content\/uploads\/2017\/01\/image-300x127.jpg 300w\" sizes=\"(max-width: 648px) 100vw, 648px\" \/>(Rdl)______Manifestazione di protesta domani pomeriggio, gioved\u00ec 19, alle 14.00,\u00a0a Brindisi, in\u00a0corso Garibaldi, indetta dai Cobas, in concomitanza del convegno organizzato dalla Confindustria locale dal tema &#8220;Opportunit\u00e0 di business in Azerbaigian&#8221;.<\/p>\n<p>Eccone le motivazioni illustrate dal comunicato dell&#8217; organizzazione sindacale firmato da Roberto Aprile______<\/p>\n<p>Il Sindacato Cobas si chiede come sia possibile ospitare rappresentanti istituzionali di un paese dove la parola democrazia \u00e8 stata completamente cancellata da molto tempo.<\/p>\n<p>L&#8217;Azerbaigian \u00e8 un paese che vive un terribile clima di repressione governativo attuato nei confronti della opposizione , dei giornalisti ; di chiunque si pronunci contro il governo delle lobby energetiche e delle materie prime.<\/p>\n<p>Amnesty international ha documentato migliaia di casi di persone incarcerate senza alcuna prova , di elezioni dove l\u2019opposizione decide di non partecipare per il particolare clima di violenza presente nel paese , di osservatori dell&#8217;Osce rimandati indietro sempre in occasione delle finte elezioni .<\/p>\n<p>Questo convegno sulla possibilit\u00e0 di business in Azerbaigian secondo noi \u00e8 un palese tentativo di tastare il territorio Brindisino in vista di una possibile discesa a Brindisi dell\u2019approdo della Tap.<\/p>\n<p>Ricordiamo che il gas portato dal Tap non sar\u00e0 utilizzato n\u00e9 a Brindisi n\u00e9 in Italia.<\/p>\n<p>L\u2019Italia si appresta a diventare l&#8217;Hub , la piattaforma logistica , dell&#8217;intera Europa in tema di gas.<\/p>\n<p>Le fantasie di Emiliano sul possibile trasferimento a Brindisi dell&#8217;approdo del Tap e il relativo utilizzo a Cerano sono fantasie e un pericoloso specchietto per le allodole.<\/p>\n<p>L&#8217;anti economicit\u00e0 della trasformazione a gas di quella centrale porta direttamente ad una sua impossibile attuazione.<\/p>\n<p>L\u2019unico modo per utilizzare quel gas sarebbe possibile solo smantellando quella esistente e costruendone una ex novo.<\/p>\n<p>In Italia sono decine le centrali a gas ferme perch\u00e9 non c\u2019\u00e8 bisogno del loro funzionamento.<\/p>\n<p>Addirittura \u00e8 possibile la dismissione in tempi brevi della centrale di Cerano visto il disinteresse dell\u2019Enel negli interventi di manutenzione degli impianti,seguendo cos\u00ec la strada delle centrali a carbone di propriet\u00e0 dell\u2019Enel gi\u00e0 chiuse<\/p>\n<p>Il Cobas invita tutti a partecipare per evitare una altra possibile fregatura per questa citt\u00e0 che ne ha gi\u00e0 subite tante, vedi l\u2019ultimo taglio di migliaia di posti di lavoro nel settore aeronautico.<\/p>\n<p>&nbsp;<\/p>\n<p>&nbsp;<\/p>\n<fb:like href='https:\/\/www.leccecronaca.it\/index.php\/2017\/01\/18\/manifestazione-domani-a-brindisi-contro-il-gasdotto-tap\/' send='true' layout='button_count' show_faces='true' width='450' height='65' action='recommend' colorscheme='light' font='lucida grande'><\/fb:like><span class=\"fb_share\"><fb:like href=\"https:\/\/www.leccecronaca.it\/index.php\/2017\/01\/18\/manifestazione-domani-a-brindisi-contro-il-gasdotto-tap\/\" layout=\"button_count\"><\/fb:like><\/span>","protected":false},"excerpt":{"rendered":"<p>(Rdl)______Manifestazione di protesta domani pomeriggio, gioved\u00ec 19, alle 14.00,\u00a0a Brindisi, in\u00a0corso Garibaldi, indetta dai Cobas, in concomitanza del convegno organizzato dalla Confindustria locale dal tema &#8220;Opportunit\u00e0 di business in Azerbaigian&#8221;. Eccone le motivazioni illustrate dal comunicato dell&#8217; organizzazione sindacale firmato da Roberto Aprile______ Il Sindacato Cobas si chiede come sia possibile ospitare rappresentanti istituzionali di [&hellip;]<\/p>\n","protected":false},"author":4,"featured_media":108453,"comment_status":"open","ping_status":"closed","sticky":false,"template":"","format":"standard","meta":[],"categories":[69],"tags":[],"_links":{"self":[{"href":"https:\/\/www.leccecronaca.it\/index.php\/wp-json\/wp\/v2\/posts\/108452"}],"collection":[{"href":"https:\/\/www.leccecronaca.it\/index.php\/wp-json\/wp\/v2\/posts"}],"about":[{"href":"https:\/\/www.leccecronaca.it\/index.php\/wp-json\/wp\/v2\/types\/post"}],"author":[{"embeddable":true,"href":"https:\/\/www.leccecronaca.it\/index.php\/wp-json\/wp\/v2\/users\/4"}],"replies":[{"embeddable":true,"href":"https:\/\/www.leccecronaca.it\/index.php\/wp-json\/wp\/v2\/comments?post=108452"}],"version-history":[{"count":3,"href":"https:\/\/www.leccecronaca.it\/index.php\/wp-json\/wp\/v2\/posts\/108452\/revisions"}],"predecessor-version":[{"id":108456,"href":"https:\/\/www.leccecronaca.it\/index.php\/wp-json\/wp\/v2\/posts\/108452\/revisions\/108456"}],"wp:featuredmedia":[{"embeddable":true,"href":"https:\/\/www.leccecronaca.it\/index.php\/wp-json\/wp\/v2\/media\/108453"}],"wp:attachment":[{"href":"https:\/\/www.leccecronaca.it\/index.php\/wp-json\/wp\/v2\/media?parent=108452"}],"wp:term":[{"taxonomy":"category","embeddable":true,"href":"https:\/\/www.leccecronaca.it\/index.php\/wp-json\/wp\/v2\/categories?post=108452"},{"taxonomy":"post_tag","embeddable":true,"href":"https:\/\/www.leccecronaca.it\/index.php\/wp-json\/wp\/v2\/tags?post=108452"}],"curies":[{"name":"wp","href":"https:\/\/api.w.org\/{rel}","templated":true}]}}