{"id":109823,"date":"2017-02-04T14:50:29","date_gmt":"2017-02-04T13:50:29","guid":{"rendered":"http:\/\/www.leccecronaca.it\/?p=109823"},"modified":"2017-02-06T11:53:14","modified_gmt":"2017-02-06T10:53:14","slug":"ed-ecco-alla-fine-il-candato-a-sindaco-del-pd-e-l-ex-dissidente-carlo-salvemini-figlio-d-arte-e-politico-di-lungo-corso","status":"publish","type":"post","link":"https:\/\/www.leccecronaca.it\/index.php\/2017\/02\/04\/ed-ecco-alla-fine-il-candato-a-sindaco-del-pd-e-l-ex-dissidente-carlo-salvemini-figlio-d-arte-e-politico-di-lungo-corso\/","title":{"rendered":"DYNASTY \/ IL CANDATO A SINDACO DEL PD E&#8217; IL &#8216;DISSIDENTE&#8217; CARLO SALVEMINI, FIGLIO D&#8217; ARTE E POLITICO DI LUNGO CORSO, CHE PROVA A SEGUIRE LE ORME PATERNE"},"content":{"rendered":"<p><img decoding=\"async\" loading=\"lazy\" width=\"960\" height=\"720\" title=\"casa\" class=\"aligncenter size-full wp-image-109825\" alt=\"\" src=\"https:\/\/www.leccecronaca.it\/wordpress\/wp-content\/uploads\/2017\/02\/casa.jpg\" srcset=\"https:\/\/www.leccecronaca.it\/wordpress\/wp-content\/uploads\/2017\/02\/casa.jpg 960w, https:\/\/www.leccecronaca.it\/wordpress\/wp-content\/uploads\/2017\/02\/casa-300x225.jpg 300w, https:\/\/www.leccecronaca.it\/wordpress\/wp-content\/uploads\/2017\/02\/casa-768x576.jpg 768w, https:\/\/www.leccecronaca.it\/wordpress\/wp-content\/uploads\/2017\/02\/casa-400x300.jpg 400w\" sizes=\"(max-width: 960px) 100vw, 960px\" \/>(Rdl)______Un pensiero in meno, fra i tanti che assillano il presidente della Regione Puglia Michele Emiliano, da tempo pesantemente all&#8217; opera nella questione. Ora anche il centro sinistra, dopo lunghi mesi di &#8216;incomprensioni&#8217;, veti incrociati, gran rifiuti e\u00a0trattative, senza primarie, ma con l&#8217; indicazione calata dall&#8217; alto su un nome che potesse, se non accontentare, almeno tenere insieme\u00a0quante pi\u00f9 possibile delle varie anime, partiti, partitini \u00a0e correnti che lo animano, ha il suo candidato a sindaco di Lecce per le prossime amministrative.<\/p>\n<p>E&#8217; Carlo Salvemini, 47 anni, figlio d&#8217; arte, essendo stato suo padre Stefano fino al 1999 sindaco della citt\u00e0;\u00a0si occupa\u00a0una societ\u00e0 cooperativa editoriale, ma \u00e8 da sempre in politica, candidato degli ex Ds al comune, poi vendoliano alle regionali, infine consigliere comunale con la lista &#8216;Lecce bene Comune&#8217; (autonoma e in disaccordo col Pd) in questa legislatura, e attualmente divisa in due tronconi, in disaccordo fra di loro.<\/p>\n<p>Pochi minuti fa, dopo una &#8216;conferenza &#8211; stampa&#8217; con politici e militanti, lo stesso Carlo Salvemini,\u00a0ha spiegato tutto, con fin troppa dovizia di particolari, con un lunghissimo post su Facebook, che, comunque, riproduciamo qui di seguito integralmente. Buona lettura!______<\/p>\n<p><em>Si parte.<\/em><\/p>\n<p><em>PERCHE\u2019 MI SONO PRESO UNA SETTIMANA DI RIFLESSIONE<\/em><\/p>\n<p><em>E\u2019 stata una decisione difficile da prendere.<\/em><br \/>\n<em> Perch\u00e9 come \u00e8 noto avevo annunciato da tempo che consideravo concluso il mio impegno in consiglio comunale. <\/em><br \/>\n<em> Perch\u00e9 la proposta che mi ha raggiunto \u00e8 arrivata dopo un percorso tormentato, segnato da tante polemiche all\u2019interno delle forze politiche e dei movimenti impegnati alla ricerca di un candidato sindaco.<\/em><br \/>\n<em> La vita ti costringe a volte a scelte non previste, ti impone cambiamenti di prospettiva, ti suggerisce possibile ripensamenti.<\/em><br \/>\n<em> Decidere di uscire dal consiglio comunale \u00e8 un conto.<\/em><br \/>\n<em> Respingere al mittente una candidatura a sindaco un altro. Soprattutto quando hai consapevolezza che quella comunit\u00e0 politica nella quale ti sei sempre riconosciuto, per la quale ti sei speso e impegnato, alla quale ha dedicato energia e passione ti chiede aiuto in un momento di difficolt\u00e0.<\/em><br \/>\n<em> Come ho impiegato questi giorni?<\/em><br \/>\n<em> Ad osservare reazioni: di assenso, di perplessit\u00e0, di incoraggiamento.<\/em><br \/>\n<em> Ad ascoltare i consigli: usa la testa, agisci di pancia, rifletti, buttati.<\/em><br \/>\n<em> A rispondere ai tanti messaggi che mi sono giunti.<\/em><br \/>\n<em> A leggere le motivazioni dei sottoscrittori l\u2019appello.<\/em><br \/>\n<em> A confrontarmi con familiari e amici pi\u00f9 stretti.<\/em><br \/>\n<em> A dialogare con chi nei partiti e nei movimenti mi ha proposto alla citt\u00e0.<\/em><\/p>\n<p><em>Per me \u00e8 stato fondamentale mettere a fuoco un punto decisivo.<\/em><br \/>\n<em> Mi si chiede di candidarmi per e salvare la faccia con i nostri elettori visibilmente e comprensibilmente irritati e scoraggiati?<\/em><br \/>\n<em> Oppure attorno a me c\u2019\u00e8 la volont\u00e0 credibile di impegnarsi tutti in una sfida collettiva per dare un\u2019alternativa di governo a Lecce e che non delega alle sole spalle del singolo il compito di provarci?<\/em><br \/>\n<em> Ho messo insieme tutti i pezzi; ho usato testa e cuore; ho pesato le voci pro e quelle contro, le riflessioni politiche e le emozioni private, gli incoraggiamenti pubblici e le attestazioni private.<\/em><br \/>\n<em> E oggi sono qui:<\/em><br \/>\n<em> E\u2019 una sfida, lo so <\/em><br \/>\n<em> E\u2019 una candidatura che giunge al termine di un percorso confuso, lo so. <\/em><br \/>\n<em> Ma so anche di non volere deludere le attese e le speranze che si sono accese in queste settimane: non importa sapere se sono tante o poche, sufficienti o meno per affrontare una impegno difficile. So che sono manifestazioni sincere di stima, rispetto, considerazione che valgono pi\u00f9 di ogni altro argomento e sufficienti, ai miei occhi, per darmi la spinta necessaria a superare gli ostacoli che ci sono.<\/em><br \/>\n<em> Accetto la proposta di candidarmi Sindaco della nostra citt\u00e0.<\/em><\/p>\n<p><em>PERCHE\u2019 SIAMO QUI<\/em><\/p>\n<p><em>Per suggestionare i leccesi potevamo scegliere spazi e luoghi evocativi di una priorit\u00e0 programmatica, di un\u2019emergenza, di una sfida da raccogliere e vincere. <\/em><br \/>\n<em> La chiamano \u201cnarrazione\u201d, la capacit\u00e0 di proporre un racconto emozionante.<\/em><br \/>\n<em> Io i luoghi simboli di Lecce li conosco tutti perch\u00e9 questa non \u00e8 solo la citt\u00e0 nella quale vivo ma quella che amministratore cerco ogni giorno di migliorare. Non ho bisogno di richiamarli o evocarli con una foto o una visita.<\/em><br \/>\n<em> Ho ritenuto che fosse un dovere farla qui, al Palazzo di Citt\u00e0. <\/em><br \/>\n<em> Per due ragioni, semplici ma fondamentali.<\/em><br \/>\n<em> La prima.<\/em><br \/>\n<em> Qualunque progetto di cambiamento che ambisca a migliorare la qualit\u00e0 della vita di una comunit\u00e0, di innalzare il benessere economico sociale ambientale culturale deve porsi l\u2019obiettivo del governo, che \u00e8 lo strumento attraverso il quale i progetti, le idee possono diventare azioni politiche capaci di incedere sulla vita delle persone. <\/em><br \/>\n<em> Per fare politica e non testimonianza, per non essere prigionieri dell&#8217;analisi &#8220;dobbiamo diventare il cambiamento che vogliamo vedere&#8221;. Avendo chiaro l&#8217;obiettivo finale del consenso, del governo, della vittoria. Senza il quale ogni ambizione &#8211; la pi\u00f9 virtuosa e nobile &#8211; \u00e8 semplicemente un&#8217;aspirazione velleitaria. <\/em><br \/>\n<em> In una citt\u00e0 tutto parte da qui, dal municipio. E qui noi vogliamo e dobbiamo diventare maggioranza.<\/em><\/p>\n<p><em>La seconda.<\/em><br \/>\n<em> Non ho accettato di candidarmi per esclusivo senso di responsabilit\u00e0, civica e politica. Ma perch\u00e9 avverto l\u2019obbligo di impegnarmi per vincere le elezioni. E darci la possibilit\u00e0 di realizzare le politiche che abbiamo in questi anni suggerito, proposto, evocato. Non siamo stati solo opposizione in questi anni: quella che ha consentito di rendere pubblici passaggi delicati della vita amministrativa che hanno determinato danni politici e indagini penali. Siamo stati anche minoranza che ambisce a prendere il posto di chi governa Lecce da vent\u2019anni: che ha proposto e fatto approvare dal consiglio ordini del giorni, delibere, mozioni di rilevante significato. Col voto dei nostri avversari. <\/em><br \/>\n<em> Non si tratta di sostituire semplicemente un sindaco e gli assessori per continuare a proporre pratiche uguali con persone diverse. <\/em><br \/>\n<em> Ma di avere l\u2019ambizione di realizzare politiche nuove con persone nome. <\/em><br \/>\n<em> Si chiama alternanza al governo, alternativa nelle politiche ed \u00e8 quello di cui la citt\u00e0 ha bisogno ed urgenza. <\/em><br \/>\n<em> Ridare l\u2019idea di un municipio dove si amministra pro tempore al servizio dei cittadini e cancellando ogni tentazione di considerare la casa di tutti casa propria.<\/em><br \/>\n<em> Per fare tutto questo noi dobbiamo vincere, perch\u00e9 possiamo.<\/em><\/p>\n<p><em>COSA CI ASPETTA<\/em><\/p>\n<p><em>Da luned\u00ec comincia per noi ufficialmente la campagna elettorale. Domani me la prendo di riposo: corsa e partita domani sera.<\/em><br \/>\n<em> Non mi stancher\u00f2 di ripetervelo:<\/em><br \/>\n<em> questa sfida ha un senso, un significato, un valore se ci interpretiamo tutti come i giocatori di una squadra che pu\u00f2 vincere solo se si sente accomunata da una comune tensione. <\/em><br \/>\n<em> Ai partiti e ai movimenti che mi sostengono.<\/em><br \/>\n<em> Ai tanti che hanno sottoscritto appello.<\/em><br \/>\n<em> A quanti mi hanno telefonato, scritto, parlato per incoraggiarmi ad accettare dico semplicemente che Il pi\u00f9 importante incarico pubblico \u00e8 il mestiere del cittadino.<\/em><\/p>\n<p><em>Candidatevi anche voi per provare a diventare consiglieri comunali. <\/em><br \/>\n<em> Mettetevi in gioco, scendete in campo.<\/em><br \/>\n<em> Per\u00f2 stavolta regaliamoci l\u2019emozione di una vittoria possibile. <\/em><br \/>\n<em> E quindi servono liste forti organizzate dai partiti e movimenti che mi hanno lanciato l\u2019appello.<\/em><br \/>\n<em> E liste forte di cittadine e cittadini che si mettono al mio fianco.<\/em><br \/>\n<em> Un esempio. Avete firmato in 1.000 l\u2019appello alla mia candidatura. Se il 10% di voi oltre a dirmi \u201ccandidati carlo\u201d aggiungessero \u201c \u201d noi avremmo tre liste civiche pronte. Col 20% di voi diverrebbero sei liste civiche. Una straordinaria onda di passione civile. Animata anche dall\u2019entusiasmo dei 20nni, 30nni, 40nni, fascia generazionale che mi auguro di riuscire ad appassionare in questi mesi e sentire al mio fianco: spendersi per la propria citt\u00e0 \u00e8 la pi\u00f9 bella forma di apprendistato civico.<\/em><\/p>\n<p><em>PER FARE COSA<\/em><\/p>\n<p><em>Ricorre spesso il tempo del \u00abprogetto di citt\u00e0\u00bb nel dibattito tra di noi. <\/em><br \/>\n<em> Io penso che il contributo politico e programmatico di partiti e associazioni e movimenti deve esprimersi negli anni di una consiliatura. <\/em><br \/>\n<em>\u00abIl progetto di citt\u00e0\u00bb esiste \u00e8 nel nostro lavoro di questi anni svolto dentro e fuori il palazzo, nelle proposte, nelle mozioni, nei temi, nel contraddittorio. Pronto a arricchirsi dei contributi che si sono prodotti in questi mesi attorno ad iniziative di protagonismo associativo. E\u2019 questa la nostra forza: l\u2019essere protagonisti di un racconto politico che si nutre di esperienze, dati di realt\u00e0, consapevolezza del presente, visione del futuro.<\/em><br \/>\n<em> Partendo da una consapevolezza:<\/em><br \/>\n<em> In una citt\u00e0 l\u2019attenzione per i turisti non pu\u00f2 essere la priorit\u00e0 degli amministratori. I bisogni e diritti dei cittadini vengono prima. Se ci si prende cura dei propri cittadini a beneficiarne sono anche i turisti. Il benessere sociale economico ambientale culturale di una comunit\u00e0 \u00e8 il miglior biglietto da visita di una citt\u00e0. <\/em><br \/>\n<em> E da una certezza: in un momento di sfiducia verso la politica e le istituzioni rappresentative abbiamo il dovere di renderci credibili: promettere solo ci\u00f2 che si pu\u00f2 mantenere, mantenere ci\u00f2 che si \u00e8 promesso. <\/em><br \/>\n<em> Sapendo tutti che Lecce non potr\u00e0 diventare pi\u00f9 vivibile e sostenibile senza politiche che intervengano sulle diseguaglianze sociali. <\/em><br \/>\n<em> In questi anni abbiamo promosso e difeso un\u2019idea di citt\u00e0 diversa: sulla partecipazione dei cittadini per farli sentire coinvolti nella valorizzazione delle sue risorse; sulla cultura che non si fa carico di eventi ma diventa cura del patrimonio materiale e immateriale; sulla sostenibilit\u00e0 e la tutela ambientale e della salute; sul commercio capace di tenere assieme crescita di settore e difesa del dell\u2019esercizio di vicinato; sul piano delle coste che \u00e8 il primo vero unico credibile investimento sul nostro mare; sulla scrittura del nuovo PUG sapendo che cambiare la struttura urbanistica di una citt\u00e0 significa cambiarne la morale; su un\u2019idea diversa del trasporto capace di investire sulla mobilit\u00e0 sostenibile; sulla manutenzione e cura del verde. <\/em><br \/>\n<em> Abbiamo tanto da dire. <\/em><br \/>\n<em> Nel farlo vi prometto di trasferirvi passione. <\/em><br \/>\n<em> Perch\u00e9 la politica cittadina \u00e8 qualcosa di pi\u00f9 bello e appassionante del solo giochino \u201cchi candidiamo sindaco?\u201d Ed \u00e8 quello che dobbiamo imparare a fare tutti insieme da lunedi. <\/em><br \/>\n<em> Forza al lavoro, grazie a tutti. E andiamo a vincere, col sorriso. ______<\/em><\/p>\n<p>LA RICERCA nel nostro articolo a seguire<\/p>\n<p><a href=\"https:\/\/www.leccecronaca.it\/index.php\/2017\/02\/04\/dynasty-non-mi-ci-vedo-a-fare-il-professionista-a-palazzo-carafa-cosi-scriveva-nemmeno-un-mese-fa\/\">https:\/\/www.leccecronaca.it\/index.php\/2017\/02\/04\/dynasty-non-mi-ci-vedo-a-fare-il-professionista-a-palazzo-carafa-cosi-scriveva-nemmeno-un-mese-fa\/<\/a><\/p>\n<p>&nbsp;<\/p>\n<p>&nbsp;<\/p>\n<fb:like href='https:\/\/www.leccecronaca.it\/index.php\/2017\/02\/04\/ed-ecco-alla-fine-il-candato-a-sindaco-del-pd-e-l-ex-dissidente-carlo-salvemini-figlio-d-arte-e-politico-di-lungo-corso\/' send='true' layout='button_count' show_faces='true' width='450' height='65' action='recommend' colorscheme='light' font='lucida grande'><\/fb:like><span class=\"fb_share\"><fb:like href=\"https:\/\/www.leccecronaca.it\/index.php\/2017\/02\/04\/ed-ecco-alla-fine-il-candato-a-sindaco-del-pd-e-l-ex-dissidente-carlo-salvemini-figlio-d-arte-e-politico-di-lungo-corso\/\" layout=\"button_count\"><\/fb:like><\/span>","protected":false},"excerpt":{"rendered":"<p>(Rdl)______Un pensiero in meno, fra i tanti che assillano il presidente della Regione Puglia Michele Emiliano, da tempo pesantemente all&#8217; opera nella questione. Ora anche il centro sinistra, dopo lunghi mesi di &#8216;incomprensioni&#8217;, veti incrociati, gran rifiuti e\u00a0trattative, senza primarie, ma con l&#8217; indicazione calata dall&#8217; alto su un nome che potesse, se non accontentare, [&hellip;]<\/p>\n","protected":false},"author":4,"featured_media":109825,"comment_status":"open","ping_status":"closed","sticky":false,"template":"","format":"standard","meta":[],"categories":[69,76],"tags":[],"_links":{"self":[{"href":"https:\/\/www.leccecronaca.it\/index.php\/wp-json\/wp\/v2\/posts\/109823"}],"collection":[{"href":"https:\/\/www.leccecronaca.it\/index.php\/wp-json\/wp\/v2\/posts"}],"about":[{"href":"https:\/\/www.leccecronaca.it\/index.php\/wp-json\/wp\/v2\/types\/post"}],"author":[{"embeddable":true,"href":"https:\/\/www.leccecronaca.it\/index.php\/wp-json\/wp\/v2\/users\/4"}],"replies":[{"embeddable":true,"href":"https:\/\/www.leccecronaca.it\/index.php\/wp-json\/wp\/v2\/comments?post=109823"}],"version-history":[{"count":12,"href":"https:\/\/www.leccecronaca.it\/index.php\/wp-json\/wp\/v2\/posts\/109823\/revisions"}],"predecessor-version":[{"id":109964,"href":"https:\/\/www.leccecronaca.it\/index.php\/wp-json\/wp\/v2\/posts\/109823\/revisions\/109964"}],"wp:featuredmedia":[{"embeddable":true,"href":"https:\/\/www.leccecronaca.it\/index.php\/wp-json\/wp\/v2\/media\/109825"}],"wp:attachment":[{"href":"https:\/\/www.leccecronaca.it\/index.php\/wp-json\/wp\/v2\/media?parent=109823"}],"wp:term":[{"taxonomy":"category","embeddable":true,"href":"https:\/\/www.leccecronaca.it\/index.php\/wp-json\/wp\/v2\/categories?post=109823"},{"taxonomy":"post_tag","embeddable":true,"href":"https:\/\/www.leccecronaca.it\/index.php\/wp-json\/wp\/v2\/tags?post=109823"}],"curies":[{"name":"wp","href":"https:\/\/api.w.org\/{rel}","templated":true}]}}