{"id":109868,"date":"2017-02-04T19:46:21","date_gmt":"2017-02-04T18:46:21","guid":{"rendered":"http:\/\/www.leccecronaca.it\/?p=109868"},"modified":"2017-02-08T13:06:31","modified_gmt":"2017-02-08T12:06:31","slug":"dynasty-non-mi-ci-vedo-a-fare-il-professionista-a-palazzo-carafa-cosi-scriveva-nemmeno-un-mese-fa","status":"publish","type":"post","link":"https:\/\/www.leccecronaca.it\/index.php\/2017\/02\/04\/dynasty-non-mi-ci-vedo-a-fare-il-professionista-a-palazzo-carafa-cosi-scriveva-nemmeno-un-mese-fa\/","title":{"rendered":"DYNASTY \/ IL NEO CANDIDATO DEL PD CARLO SALVEMINI: &#8220;Non mi ci vedo a fare il professionista a Palazzo Carafa&#8221;, COSI&#8217; SCRIVEVA POCO FA AMMETTENDO UN FALLIMENTO"},"content":{"rendered":"<p><img decoding=\"async\" loading=\"lazy\" width=\"540\" height=\"720\" title=\"salvemini\" class=\"aligncenter size-full wp-image-109869\" alt=\"\" src=\"https:\/\/www.leccecronaca.it\/wordpress\/wp-content\/uploads\/2017\/02\/salvemini.jpg\" srcset=\"https:\/\/www.leccecronaca.it\/wordpress\/wp-content\/uploads\/2017\/02\/salvemini.jpg 540w, https:\/\/www.leccecronaca.it\/wordpress\/wp-content\/uploads\/2017\/02\/salvemini-225x300.jpg 225w\" sizes=\"(max-width: 540px) 100vw, 540px\" \/>(g.p.)______Nell&#8217; annunciare di non volersi ripresentare\u00a0alle amministrative di primavera, cos\u00ec scriveva Carlo Salvemini lo scorso 12 gennaio, sempre sul suo profilo &#8216;Facebook&#8217;: <em>\u201cE\u2019 giunto il momento di passare il testimone.\u00a0Per chi vive la politica come servizio, \u00e8 normale prendere in considerazione l\u2019esistenza di scadenze che naturalmente si raggiungono: di entusiasmo, passione, energia.\u00a0S\u00ec, \u00e8\u00a0giunto il momento di passare il testimone. Non mi ci vedo a fare il professionista a Palazzo Carafa, per quanto legittimato dal consenso dei cittadini.<\/em><\/p>\n<p><em>Speravo di arrivare al 2017 in condizioni diverse, ed ho lavorato insieme a diversi amici per questo. Le cose sono andate diversamente. Considero mancato l\u2019obiettivo al quale pi\u00f9 tenevo: aprire un cantiere di partecipazione civica dove coinvolgere all\u2019impegno politico per la citt\u00e0 la generazione dei trentenni e quarantenni; motivarli oltre l\u2019adrenalina delle campagne elettorali, che inevitabilmente evapora dopo il voto; trasmettere la passione ad occuparsi dei problemi della propria comunit\u00e0, palestra fondamentale nel percorso di formazione culturale e politica. Non ci sono riuscito e \u2013 per parte mia \u2013 assumendomi la responsabilit\u00e0 di questa sconfitta traggo le conseguenze facendomi da parte.<\/em><\/p>\n<p><em>So di aver fatto di tutto per dare forza e credibilit\u00e0 alla sinistra, ma\u00a0non \u00e8 bastato.<\/em><\/p>\n<p><em>Ma non \u00e8 mai troppo tardi, perch\u00e9 \u2018il movimento generazionale della sinistra sociale e civile\u2019 prenda l\u2019iniziativa. A loro rivolgo solo un consiglio: la prossima volta afferrino il loro destino molto prima dell\u2019appuntamento elettorale. I protagonismi e le vittorie \u00e8 pi\u00f9 facile costruirle che improvvisare. \u00c8 non pi\u00f9 il tempo di giocarsela senza porsi l\u2019obbligo di provare a vincere<\/em>\u201d.<\/p>\n<p>Ora, contro ordine, compagni. Improvviser\u00f2 io&#8230; ______<\/p>\n<p>LA RICERCA nel nostro articolo di questo pomeriggio<\/p>\n<p><a href=\"https:\/\/www.leccecronaca.it\/index.php\/2017\/02\/04\/ed-ecco-alla-fine-il-candato-a-sindaco-del-pd-e-l-ex-dissidente-carlo-salvemini-figlio-d-arte-e-politico-di-lungo-corso\/\">https:\/\/www.leccecronaca.it\/index.php\/2017\/02\/04\/ed-ecco-alla-fine-il-candato-a-sindaco-del-pd-e-l-ex-dissidente-carlo-salvemini-figlio-d-arte-e-politico-di-lungo-corso\/<\/a><\/p>\n<p>&nbsp;<\/p>\n<p>&nbsp;<\/p>\n<p>&nbsp;<\/p>\n<fb:like href='https:\/\/www.leccecronaca.it\/index.php\/2017\/02\/04\/dynasty-non-mi-ci-vedo-a-fare-il-professionista-a-palazzo-carafa-cosi-scriveva-nemmeno-un-mese-fa\/' send='true' layout='button_count' show_faces='true' width='450' height='65' action='recommend' colorscheme='light' font='lucida grande'><\/fb:like><span class=\"fb_share\"><fb:like href=\"https:\/\/www.leccecronaca.it\/index.php\/2017\/02\/04\/dynasty-non-mi-ci-vedo-a-fare-il-professionista-a-palazzo-carafa-cosi-scriveva-nemmeno-un-mese-fa\/\" layout=\"button_count\"><\/fb:like><\/span>","protected":false},"excerpt":{"rendered":"<p>(g.p.)______Nell&#8217; annunciare di non volersi ripresentare\u00a0alle amministrative di primavera, cos\u00ec scriveva Carlo Salvemini lo scorso 12 gennaio, sempre sul suo profilo &#8216;Facebook&#8217;: \u201cE\u2019 giunto il momento di passare il testimone.\u00a0Per chi vive la politica come servizio, \u00e8 normale prendere in considerazione l\u2019esistenza di scadenze che naturalmente si raggiungono: di entusiasmo, passione, energia.\u00a0S\u00ec, \u00e8\u00a0giunto il momento [&hellip;]<\/p>\n","protected":false},"author":4,"featured_media":109869,"comment_status":"open","ping_status":"closed","sticky":false,"template":"","format":"standard","meta":[],"categories":[69,76],"tags":[],"_links":{"self":[{"href":"https:\/\/www.leccecronaca.it\/index.php\/wp-json\/wp\/v2\/posts\/109868"}],"collection":[{"href":"https:\/\/www.leccecronaca.it\/index.php\/wp-json\/wp\/v2\/posts"}],"about":[{"href":"https:\/\/www.leccecronaca.it\/index.php\/wp-json\/wp\/v2\/types\/post"}],"author":[{"embeddable":true,"href":"https:\/\/www.leccecronaca.it\/index.php\/wp-json\/wp\/v2\/users\/4"}],"replies":[{"embeddable":true,"href":"https:\/\/www.leccecronaca.it\/index.php\/wp-json\/wp\/v2\/comments?post=109868"}],"version-history":[{"count":9,"href":"https:\/\/www.leccecronaca.it\/index.php\/wp-json\/wp\/v2\/posts\/109868\/revisions"}],"predecessor-version":[{"id":110134,"href":"https:\/\/www.leccecronaca.it\/index.php\/wp-json\/wp\/v2\/posts\/109868\/revisions\/110134"}],"wp:featuredmedia":[{"embeddable":true,"href":"https:\/\/www.leccecronaca.it\/index.php\/wp-json\/wp\/v2\/media\/109869"}],"wp:attachment":[{"href":"https:\/\/www.leccecronaca.it\/index.php\/wp-json\/wp\/v2\/media?parent=109868"}],"wp:term":[{"taxonomy":"category","embeddable":true,"href":"https:\/\/www.leccecronaca.it\/index.php\/wp-json\/wp\/v2\/categories?post=109868"},{"taxonomy":"post_tag","embeddable":true,"href":"https:\/\/www.leccecronaca.it\/index.php\/wp-json\/wp\/v2\/tags?post=109868"}],"curies":[{"name":"wp","href":"https:\/\/api.w.org\/{rel}","templated":true}]}}