{"id":109963,"date":"2017-02-06T11:58:29","date_gmt":"2017-02-06T10:58:29","guid":{"rendered":"http:\/\/www.leccecronaca.it\/?p=109963"},"modified":"2017-02-12T08:46:20","modified_gmt":"2017-02-12T07:46:20","slug":"la-farmacia-migali-per-la-giornata-del-farmaco-sabato-11-febbraio-la-poverta-sanitaria-e-la-conseguente-impossibilita-di-potersi-curare-rappresentano-una-vera-emergenza","status":"publish","type":"post","link":"https:\/\/www.leccecronaca.it\/index.php\/2017\/02\/06\/la-farmacia-migali-per-la-giornata-del-farmaco-sabato-11-febbraio-la-poverta-sanitaria-e-la-conseguente-impossibilita-di-potersi-curare-rappresentano-una-vera-emergenza\/","title":{"rendered":"LA FARMACIA MIGALI A LECCE PER LA GIORNATA NAZIONALE DEL FARMACO SABATO 11 FEBBRAIO: &#8220;La povert\u00e0 sanitaria e la conseguente impossibilit\u00e0 di potersi curare rappresentano una vera emergenza&#8221;"},"content":{"rendered":"<p><img decoding=\"async\" loading=\"lazy\" width=\"1024\" height=\"570\" title=\"E\" class=\"aligncenter size-large wp-image-109965\" alt=\"\" src=\"https:\/\/www.leccecronaca.it\/wordpress\/wp-content\/uploads\/2017\/02\/E-1024x570.jpg\" srcset=\"https:\/\/www.leccecronaca.it\/wordpress\/wp-content\/uploads\/2017\/02\/E-1024x570.jpg 1024w, https:\/\/www.leccecronaca.it\/wordpress\/wp-content\/uploads\/2017\/02\/E-300x167.jpg 300w, https:\/\/www.leccecronaca.it\/wordpress\/wp-content\/uploads\/2017\/02\/E-768x428.jpg 768w, https:\/\/www.leccecronaca.it\/wordpress\/wp-content\/uploads\/2017\/02\/E-1536x856.jpg 1536w, https:\/\/www.leccecronaca.it\/wordpress\/wp-content\/uploads\/2017\/02\/E-2048x1141.jpg 2048w\" sizes=\"(max-width: 1024px) 100vw, 1024px\" \/>(Rdl)______Sabato 11 febbraio 2017. Anche la Farmacia Migali aderisce alla Giornata di Raccolta del Farmaco #GRF17.<\/p>\n<p>Da tanti anni ormai Farmacia Migali partecipa a questa importante giornata, organizzata a livello nazionale dal Banco Farmaceutico, Fondazione ONLUS senza scopo di lucro.<\/p>\n<p>Sabato 11 febbraio un gruppo di volontari, presenti in farmacia, inviteranno i cittadini a donare farmaci per gli Enti assistenziali della propria citt\u00e0. Ogni Ente viene convenzionato infatti ad una o pi\u00f9 farmacie in cui sono raccolti esclusivamente farmaci senza obbligo di prescrizione.<\/p>\n<p>Il bisogno di farmaci riguarda purtroppo sempre pi\u00f9 un\u2019ampia fetta di popolazione. La povert\u00e0 sanitaria e la conseguente impossibilit\u00e0 di potersi curare rappresentano una vera emergenza che si cerca di fronteggiare anche con queste lodevoli iniziative. La spesa sanitaria dello Stato ha subito una forte contrazione e, negli ultimi 14 anni, 7 famiglie su 10 hanno dovuto diminuire le proprie spese sanitarie (fonte Istat), mentre il bisogno di farmaci degli Enti assistenziali \u00e8 aumentato.<\/p>\n<p>La Giornata di Raccolta del Farmaco \u00e8 un momento di unione e condivisione tra le necessit\u00e0 degli Enti assistenziali, la vocazione delle farmacie e la disponibilit\u00e0 della popolazione pi\u00f9 fortunata a donare medicinali.<\/p>\n<p>Le farmacie hanno da sempre un ruolo centrale nel sistema di donazione dei farmaci essendo sin dall\u2019origine protagoniste della Giornata di Raccolta e fulcro nevralgico del progetto recupero farmaci non scaduti. Collaborando con il Banco Farmaceutico, ogni farmacia valorizza ancor pi\u00f9 il compito di essere sempre in prima linea al fianco dei cittadini.<\/p>\n<p>Un po&#8217; di numeri, raccolti direttamente dal sito internet del Banco Farmaceutico. In 16 anni la Giornata di Raccolta del Farmaco ha raccolto oltre 4 milioni di farmaci, per un controvalore commerciale di circa 24 milioni di euro. L\u2019ultima edizione, che ha avuto luogo il 13 febbraio 2016, ha visto il coinvolgimento di 3.681 farmacie e oltre 14.000 volontari; dei 353.806 farmaci raccolti hanno beneficiato oltre 400.000 persone assistite dai 1.663 Enti convenzionati con Banco Farmaceutico.<\/p>\n<p>Una Giornata importante quindi, quella dell\u201911 febbraio. La Farmacia Migali ti aspetta, sempre aperta, 24h su 24, in viale Leopardi 116, a Lecce. ______<\/p>\n<p><img decoding=\"async\" loading=\"lazy\" width=\"1024\" height=\"683\" title=\"F\" class=\"aligncenter size-large wp-image-109974\" alt=\"\" src=\"https:\/\/www.leccecronaca.it\/wordpress\/wp-content\/uploads\/2017\/02\/F-1024x683.jpg\" srcset=\"https:\/\/www.leccecronaca.it\/wordpress\/wp-content\/uploads\/2017\/02\/F-1024x683.jpg 1024w, https:\/\/www.leccecronaca.it\/wordpress\/wp-content\/uploads\/2017\/02\/F-300x200.jpg 300w, https:\/\/www.leccecronaca.it\/wordpress\/wp-content\/uploads\/2017\/02\/F-768x513.jpg 768w, https:\/\/www.leccecronaca.it\/wordpress\/wp-content\/uploads\/2017\/02\/F-1536x1025.jpg 1536w, https:\/\/www.leccecronaca.it\/wordpress\/wp-content\/uploads\/2017\/02\/F-2048x1367.jpg 2048w\" sizes=\"(max-width: 1024px) 100vw, 1024px\" \/><\/p>\n<p>Per info <a href=\"http:\/\/www.farmaciamigali.it\">www.farmaciamigali.it<\/a><\/p>\n<p>o pagina Facebook<\/p>\n<p><a href=\"https:\/\/www.facebook.com\/FarmaciaMigali\/?fref=ts\">https:\/\/www.facebook.com\/FarmaciaMigali\/?fref=ts<\/a><\/p>\n<fb:like href='https:\/\/www.leccecronaca.it\/index.php\/2017\/02\/06\/la-farmacia-migali-per-la-giornata-del-farmaco-sabato-11-febbraio-la-poverta-sanitaria-e-la-conseguente-impossibilita-di-potersi-curare-rappresentano-una-vera-emergenza\/' send='true' layout='button_count' show_faces='true' width='450' height='65' action='recommend' colorscheme='light' font='lucida grande'><\/fb:like><span class=\"fb_share\"><fb:like href=\"https:\/\/www.leccecronaca.it\/index.php\/2017\/02\/06\/la-farmacia-migali-per-la-giornata-del-farmaco-sabato-11-febbraio-la-poverta-sanitaria-e-la-conseguente-impossibilita-di-potersi-curare-rappresentano-una-vera-emergenza\/\" layout=\"button_count\"><\/fb:like><\/span>","protected":false},"excerpt":{"rendered":"<p>(Rdl)______Sabato 11 febbraio 2017. Anche la Farmacia Migali aderisce alla Giornata di Raccolta del Farmaco #GRF17. Da tanti anni ormai Farmacia Migali partecipa a questa importante giornata, organizzata a livello nazionale dal Banco Farmaceutico, Fondazione ONLUS senza scopo di lucro. Sabato 11 febbraio un gruppo di volontari, presenti in farmacia, inviteranno i cittadini a donare [&hellip;]<\/p>\n","protected":false},"author":4,"featured_media":109965,"comment_status":"open","ping_status":"closed","sticky":false,"template":"","format":"standard","meta":[],"categories":[69,75,76],"tags":[],"_links":{"self":[{"href":"https:\/\/www.leccecronaca.it\/index.php\/wp-json\/wp\/v2\/posts\/109963"}],"collection":[{"href":"https:\/\/www.leccecronaca.it\/index.php\/wp-json\/wp\/v2\/posts"}],"about":[{"href":"https:\/\/www.leccecronaca.it\/index.php\/wp-json\/wp\/v2\/types\/post"}],"author":[{"embeddable":true,"href":"https:\/\/www.leccecronaca.it\/index.php\/wp-json\/wp\/v2\/users\/4"}],"replies":[{"embeddable":true,"href":"https:\/\/www.leccecronaca.it\/index.php\/wp-json\/wp\/v2\/comments?post=109963"}],"version-history":[{"count":10,"href":"https:\/\/www.leccecronaca.it\/index.php\/wp-json\/wp\/v2\/posts\/109963\/revisions"}],"predecessor-version":[{"id":110452,"href":"https:\/\/www.leccecronaca.it\/index.php\/wp-json\/wp\/v2\/posts\/109963\/revisions\/110452"}],"wp:featuredmedia":[{"embeddable":true,"href":"https:\/\/www.leccecronaca.it\/index.php\/wp-json\/wp\/v2\/media\/109965"}],"wp:attachment":[{"href":"https:\/\/www.leccecronaca.it\/index.php\/wp-json\/wp\/v2\/media?parent=109963"}],"wp:term":[{"taxonomy":"category","embeddable":true,"href":"https:\/\/www.leccecronaca.it\/index.php\/wp-json\/wp\/v2\/categories?post=109963"},{"taxonomy":"post_tag","embeddable":true,"href":"https:\/\/www.leccecronaca.it\/index.php\/wp-json\/wp\/v2\/tags?post=109963"}],"curies":[{"name":"wp","href":"https:\/\/api.w.org\/{rel}","templated":true}]}}