{"id":110463,"date":"2017-02-13T00:07:21","date_gmt":"2017-02-12T23:07:21","guid":{"rendered":"http:\/\/www.leccecronaca.it\/?p=110463"},"modified":"2017-02-12T09:44:15","modified_gmt":"2017-02-12T08:44:15","slug":"diario-del-giorno-prima-il-tam-tam-di-annibale-327","status":"publish","type":"post","link":"https:\/\/www.leccecronaca.it\/index.php\/2017\/02\/13\/diario-del-giorno-prima-il-tam-tam-di-annibale-327\/","title":{"rendered":"DIARIO DEL GIORNO PRIMA \/ IL TAM TAM DI ANNIBALE"},"content":{"rendered":"<p><img decoding=\"async\" loading=\"lazy\" src=\"https:\/\/www.leccecronaca.it\/wordpress\/wp-content\/uploads\/2017\/02\/310x0_1486572881815.rainews_20170208175317497-300x200.jpg\" alt=\"\" title=\"310x0_1486572881815.rainews_20170208175317497\" class=\"alignleft size-medium wp-image-110464\" width=\"300\" height=\"200\" srcset=\"https:\/\/www.leccecronaca.it\/wordpress\/wp-content\/uploads\/2017\/02\/310x0_1486572881815.rainews_20170208175317497-300x200.jpg 300w, https:\/\/www.leccecronaca.it\/wordpress\/wp-content\/uploads\/2017\/02\/310x0_1486572881815.rainews_20170208175317497.jpg 310w\" sizes=\"(max-width: 300px) 100vw, 300px\" \/>ITALIA______<\/p>\n<div><strong>ROMA &#8211; <\/strong>&#8220;Mo&#8217; fa&#8217; conto quello che penso io, che rimane veramente fra noi, poi lo utilizzi: un anonimo che ti ha detto&#8230; Cio\u00e8 questi erano amanti&#8221;. \u00c8 questo un altro passaggio del colloquio fra il giornalista della Stampa Federico Marcello Capurso e l&#8217;assessore capitolino all&#8217;Urbanistica Paolo Berdini reso noto con un audio pubblicato prima sul profilo Facebook di Mattia Feltri, cronista del quotidiano torinese, e poi anche sul sito della Stampa. Berdini: non sapevo di essere registrato &#8220;No, non sapevo di essere registrato&#8221;. Lo ha detto all&#8217;ANSA l&#8217;assessore all&#8217;Urbanistica Paolo Berdini in merito al colloquio con il giornalista della Stampa da giorni al centro di polemiche. &#8220;All&#8217;inizio del primo colloquio si \u00e8 avvicinato insieme ad alcuni del M5s miei amici&#8221;, ha aggiunto Berdini.<\/div>\n<p>ITALIA______<\/p>\n<div><strong>MILANO &#8211; <\/strong>Una studentessa di 16 anni \u00e8 stata picchiata e molestata sessualmente da due uomini nordafricani su un treno diretto da Milano a Vigevano. Lo ha denunciato lei stessa, precisando che l&#8217;episodio \u00e8 avvenuto nel pomeriggio di gioved\u00ec ma solo ieri lei lo ha denunciato. Si \u00e8 decisa a farlo perch\u00e9, a seguito di un malore, \u00e8 stata visitata in una clinica milanese dove le hanno riscontrato un trauma cranico, contusioni multiple e la frattura di una costola. A quel punto ha denunciato tutto. La giovane ha raccontato di essere salita gioved\u00ec sera sul treno che parte dalla stazione di Porta Genova, a Milano. Era insieme ad un&#8217;amica, che per\u00f2 \u00e8 scesa alla stazione di Abbiategrasso, lasciandola sola. A quel punto la ragazza \u00e8 stata avvicinata sul treno dagli unici altri due passeggeri presenti sulla carrozza, due nordafricani. Dapprima hanno cominciato a palpeggiarla, poi sono passati alla violenza, colpendola con calci e pugni.<\/div>\n<div><\/div>\n<p>MONDO______<\/p>\n<p><strong>DAMASCO <\/strong>&#8211; Il capo dell&#8217;Isis, Abu Bakr al Baghdadi, non \u00e8 pi\u00f9 in Iraq ed \u00e8 fuggito in Siria, tagliando i suoi contatti con i &#8220;comandanti inesperti&#8221; che sono ancora a Mosul. La conferma della fuga in Siria di al Baghdadi \u00e8 arrivata dal generale dei servizi di sicurezza iracheni Abdolkarim Khalaf, riportato dall&#8217;agenzia iraniana Fars. Secondo quanto riferito, al Baghdadi sarebbe fuggito &#8220;con alcuni alti comandanti dell&#8217;Isis&#8221; dalla parte occidentale di Mosul verso i confini siriani. Khalaf ha detto che al Baghdadi ha lasciato Mosul qualche tempo fa e non ha pi\u00f9 contatti con i comandanti che sono rimasti a Mosul e che &#8220;sono per lo pi\u00f9 inesperti&#8221;.<\/p>\n<fb:like href='https:\/\/www.leccecronaca.it\/index.php\/2017\/02\/13\/diario-del-giorno-prima-il-tam-tam-di-annibale-327\/' send='true' layout='button_count' show_faces='true' width='450' height='65' action='recommend' colorscheme='light' font='lucida grande'><\/fb:like><span class=\"fb_share\"><fb:like href=\"https:\/\/www.leccecronaca.it\/index.php\/2017\/02\/13\/diario-del-giorno-prima-il-tam-tam-di-annibale-327\/\" layout=\"button_count\"><\/fb:like><\/span>","protected":false},"excerpt":{"rendered":"<p>ITALIA______ ROMA &#8211; &#8220;Mo&#8217; fa&#8217; conto quello che penso io, che rimane veramente fra noi, poi lo utilizzi: un anonimo che ti ha detto&#8230; Cio\u00e8 questi erano amanti&#8221;. \u00c8 questo un altro passaggio del colloquio fra il giornalista della Stampa Federico Marcello Capurso e l&#8217;assessore capitolino all&#8217;Urbanistica Paolo Berdini reso noto con un audio pubblicato [&hellip;]<\/p>\n","protected":false},"author":4,"featured_media":110464,"comment_status":"open","ping_status":"closed","sticky":false,"template":"","format":"standard","meta":[],"categories":[1,69,76],"tags":[],"_links":{"self":[{"href":"https:\/\/www.leccecronaca.it\/index.php\/wp-json\/wp\/v2\/posts\/110463"}],"collection":[{"href":"https:\/\/www.leccecronaca.it\/index.php\/wp-json\/wp\/v2\/posts"}],"about":[{"href":"https:\/\/www.leccecronaca.it\/index.php\/wp-json\/wp\/v2\/types\/post"}],"author":[{"embeddable":true,"href":"https:\/\/www.leccecronaca.it\/index.php\/wp-json\/wp\/v2\/users\/4"}],"replies":[{"embeddable":true,"href":"https:\/\/www.leccecronaca.it\/index.php\/wp-json\/wp\/v2\/comments?post=110463"}],"version-history":[{"count":1,"href":"https:\/\/www.leccecronaca.it\/index.php\/wp-json\/wp\/v2\/posts\/110463\/revisions"}],"predecessor-version":[{"id":110465,"href":"https:\/\/www.leccecronaca.it\/index.php\/wp-json\/wp\/v2\/posts\/110463\/revisions\/110465"}],"wp:featuredmedia":[{"embeddable":true,"href":"https:\/\/www.leccecronaca.it\/index.php\/wp-json\/wp\/v2\/media\/110464"}],"wp:attachment":[{"href":"https:\/\/www.leccecronaca.it\/index.php\/wp-json\/wp\/v2\/media?parent=110463"}],"wp:term":[{"taxonomy":"category","embeddable":true,"href":"https:\/\/www.leccecronaca.it\/index.php\/wp-json\/wp\/v2\/categories?post=110463"},{"taxonomy":"post_tag","embeddable":true,"href":"https:\/\/www.leccecronaca.it\/index.php\/wp-json\/wp\/v2\/tags?post=110463"}],"curies":[{"name":"wp","href":"https:\/\/api.w.org\/{rel}","templated":true}]}}