{"id":110592,"date":"2017-02-13T16:36:47","date_gmt":"2017-02-13T15:36:47","guid":{"rendered":"http:\/\/www.leccecronaca.it\/?p=110592"},"modified":"2017-02-15T08:27:33","modified_gmt":"2017-02-15T07:27:33","slug":"il-progetto-dovetico-a-lecce-la-prima-guida-locale-d-italia-dedicata-al-mondo-vegan","status":"publish","type":"post","link":"https:\/\/www.leccecronaca.it\/index.php\/2017\/02\/13\/il-progetto-dovetico-a-lecce-la-prima-guida-locale-d-italia-dedicata-al-mondo-vegan\/","title":{"rendered":"IL PROGETTO DOVETICO \/ A LECCE LA PRIMA GUIDA LOCALE D&#8217; ITALIA DEDICATA AL MONDO VEGAN"},"content":{"rendered":"<p><img decoding=\"async\" loading=\"lazy\" width=\"768\" height=\"1024\" title=\"IMG_20170209_083547\" class=\"aligncenter size-large wp-image-110598\" alt=\"\" src=\"https:\/\/www.leccecronaca.it\/wordpress\/wp-content\/uploads\/2017\/02\/IMG_20170209_083547-768x1024.jpg\" srcset=\"https:\/\/www.leccecronaca.it\/wordpress\/wp-content\/uploads\/2017\/02\/IMG_20170209_083547-768x1024.jpg 768w, https:\/\/www.leccecronaca.it\/wordpress\/wp-content\/uploads\/2017\/02\/IMG_20170209_083547-225x300.jpg 225w, https:\/\/www.leccecronaca.it\/wordpress\/wp-content\/uploads\/2017\/02\/IMG_20170209_083547-1152x1536.jpg 1152w, https:\/\/www.leccecronaca.it\/wordpress\/wp-content\/uploads\/2017\/02\/IMG_20170209_083547.jpg 1200w\" sizes=\"(max-width: 768px) 100vw, 768px\" \/>(Rdl)______&#8217;Dovetico&#8217; \u00e8 una guida che racchiude circa\u00a0ottanta attivit\u00e0 della provincia di Lecce che offrono alternative Vegan per permettere a chiunque di avere sempre a portata di mano un elenco di locali selezionati per i propri acquisti etici salutari ed ecologici.<\/p>\n<p>E&#8217; stata realizzata con carta ecologica, cos\u00ec come gli espositori prodotti con cartoncino riciclato e sar\u00e0\u00a0gratis per tutti con una tiratura di\u00a0quarantamila copie, disponibile in pi\u00f9 di\u00a0cento punti selezionati nel Salento.<\/p>\n<p>La mappa si sviluppa su due lati, uno dedicato alla citt\u00e0 di Lecce ed uno al resto del Salento. Portarla con s\u00e9 nella borsa o in auto permetter\u00e0 di conoscere sempre il posto pi\u00f9 vicino per una colazione Vegan, una cena con gli amici, bio stores per la spesa, erboristerie, bio B&amp;B con colazione Vegan, produzioni biologiche e a km zero, abbigliamento in cotone organico, pasticcerie Vegan e crudiste, gelaterie e molto altro ancora.<\/p>\n<p>Utile a chi \u00e8 gi\u00e0 Vegan, ma pensata soprattutto per sensibilizzare chi non conosce questo stile di vita, &#8216;Dovetico&#8217; eviter\u00e0 ai neofiti le estenuanti ricerche di posti adatti alle proprie esigenze.<\/p>\n<p><img decoding=\"async\" loading=\"lazy\" width=\"630\" height=\"1024\" title=\"IMG_20170212_101916\" class=\"aligncenter size-large wp-image-110600\" alt=\"\" src=\"https:\/\/www.leccecronaca.it\/wordpress\/wp-content\/uploads\/2017\/02\/IMG_20170212_101916-630x1024.png\" srcset=\"https:\/\/www.leccecronaca.it\/wordpress\/wp-content\/uploads\/2017\/02\/IMG_20170212_101916-630x1024.png 630w, https:\/\/www.leccecronaca.it\/wordpress\/wp-content\/uploads\/2017\/02\/IMG_20170212_101916-185x300.png 185w, https:\/\/www.leccecronaca.it\/wordpress\/wp-content\/uploads\/2017\/02\/IMG_20170212_101916.png 720w\" sizes=\"(max-width: 630px) 100vw, 630px\" \/><\/p>\n<p>&#8220;<em>Questa prima edizione \u00e8 una sfida<\/em>&#8221; &#8211; dicono i promotori dell&#8217; iniziativa <em>-&#8220;e non vuole certo essere un elenco esaustivo, abbiamo ricercato e proposto la creazione di una rete a molte realt\u00e0 salentine e ci auguriamo di scoprirne sempre di nuove per ampliare la famiglia dovetico. Abbiamo percorso migliaia di chilometri su e gi\u00f9 per il tacco d&#8217;Italia in una lotta contro il tempo, la neve e gli inevitabili imprevisti per regalare a tutti voi questa guida entro le prime settimane dell&#8217;anno&#8221;.<\/em><\/p>\n<p>E cos\u00ec la raccontano: &#8220;<em>Non basterebbe un a giornata per raccontare le soddisfazioni ricevute in questi mesi passati a confrontarci con gli imprenditori locali, l&#8217;umanit\u00e0 e la professionalit\u00e0 di chi sposa da tempo la causa vegana ma anche di chi pur non essendo vegano sta spostando il proprio assortimento sempre pi\u00f9 in questa direzione. Enorme la gioia di essere stati da stimolo per nuove creazioni vegane che vedevamo comparire spontaneamente sulle pagine di questi locali dopo le nostre chiacchierate.<\/em><\/p>\n<p><em>Tanti i sorrisi e gli abbracci con gestori che inizialmente ci accoglievano freddamente influenzati dall&#8217;immagine spesso negativa che l&#8217;opinione pubblica ha dei vegani&#8221;.<\/em><\/p>\n<p><img decoding=\"async\" loading=\"lazy\" width=\"1024\" height=\"768\" title=\"IMG-20170209-WA0015\" class=\"aligncenter size-large wp-image-110599\" alt=\"\" src=\"https:\/\/www.leccecronaca.it\/wordpress\/wp-content\/uploads\/2017\/02\/IMG-20170209-WA0015-1024x768.jpg\" srcset=\"https:\/\/www.leccecronaca.it\/wordpress\/wp-content\/uploads\/2017\/02\/IMG-20170209-WA0015-1024x768.jpg 1024w, https:\/\/www.leccecronaca.it\/wordpress\/wp-content\/uploads\/2017\/02\/IMG-20170209-WA0015-300x225.jpg 300w, https:\/\/www.leccecronaca.it\/wordpress\/wp-content\/uploads\/2017\/02\/IMG-20170209-WA0015-768x576.jpg 768w, https:\/\/www.leccecronaca.it\/wordpress\/wp-content\/uploads\/2017\/02\/IMG-20170209-WA0015-1536x1152.jpg 1536w, https:\/\/www.leccecronaca.it\/wordpress\/wp-content\/uploads\/2017\/02\/IMG-20170209-WA0015-400x300.jpg 400w, https:\/\/www.leccecronaca.it\/wordpress\/wp-content\/uploads\/2017\/02\/IMG-20170209-WA0015.jpg 1600w\" sizes=\"(max-width: 1024px) 100vw, 1024px\" \/><\/p>\n<p>&nbsp;<\/p>\n<p>Aggiungono ancora: &#8220;<em>Vogliamo dare un segnale forte. \u00c8 possibile offrire prodotti etici senza privarsi di nulla. Non ci si priva del sapore, (provate ad assaggiare un rustico leccese Vegan, una bont\u00e0), si guadagna in salute e si rispetta l&#8217;ambiente. Far partire questo messaggio dai volti e dai sorrisi di imprenditori Vegan e non, abbatte le barriere culturali, dona un&#8217;immagine di normalit\u00e0 al contrario di quanto raccontato dai spesso dai media. La scelta Vegan non \u00e8 estrema, \u00e8 semplice e naturale, \u00e8 alla portata di tutti&#8221;.<\/em><\/p>\n<p>Spiegano poi la scelta del simbolo dell&#8217;ape: <em>&#8220;Non si sa se l&#8217;abbia pronunciata veramente ma la frase attribuita ad Einstein &#8216;Quando spariranno le api all&#8217; umanit\u00e0 resteranno solo quattro anni di vita&#8217;, ha il suo fondo di verit\u00e0. La fragilit\u00e0 di questo insetto \u00e8 estrema e l&#8217;importanza delle api per il nostro ecosistema \u00e8 fondamentale. Inoltre cos\u00ec come l&#8217;ape pu\u00f2 vola liberamente di fiore in fiore allo stesso modo i fruitori della guida potranno visitare finalmente i vari luoghi proposti sapendo di trovare ci\u00f2 che cercano&#8221;<\/em>.<\/p>\n<p>Dov\u00e8tico \u00e8 un progetto dell&#8217;Associazione Empathy Circus, che risponde al numero telefonico\u00a0371\/3554789.<\/p>\n<p>Pagina Facebook:<\/p>\n<p><a href=\"https:\/\/www.facebook.com\/dovetico\/\">https:\/\/www.facebook.com\/dovetico\/<\/a><\/p>\n<p>&nbsp;<\/p>\n<fb:like href='https:\/\/www.leccecronaca.it\/index.php\/2017\/02\/13\/il-progetto-dovetico-a-lecce-la-prima-guida-locale-d-italia-dedicata-al-mondo-vegan\/' send='true' layout='button_count' show_faces='true' width='450' height='65' action='recommend' colorscheme='light' font='lucida grande'><\/fb:like><span class=\"fb_share\"><fb:like href=\"https:\/\/www.leccecronaca.it\/index.php\/2017\/02\/13\/il-progetto-dovetico-a-lecce-la-prima-guida-locale-d-italia-dedicata-al-mondo-vegan\/\" layout=\"button_count\"><\/fb:like><\/span>","protected":false},"excerpt":{"rendered":"<p>(Rdl)______&#8217;Dovetico&#8217; \u00e8 una guida che racchiude circa\u00a0ottanta attivit\u00e0 della provincia di Lecce che offrono alternative Vegan per permettere a chiunque di avere sempre a portata di mano un elenco di locali selezionati per i propri acquisti etici salutari ed ecologici. E&#8217; stata realizzata con carta ecologica, cos\u00ec come gli espositori prodotti con cartoncino riciclato e [&hellip;]<\/p>\n","protected":false},"author":4,"featured_media":110599,"comment_status":"open","ping_status":"closed","sticky":false,"template":"","format":"standard","meta":[],"categories":[1,69],"tags":[],"_links":{"self":[{"href":"https:\/\/www.leccecronaca.it\/index.php\/wp-json\/wp\/v2\/posts\/110592"}],"collection":[{"href":"https:\/\/www.leccecronaca.it\/index.php\/wp-json\/wp\/v2\/posts"}],"about":[{"href":"https:\/\/www.leccecronaca.it\/index.php\/wp-json\/wp\/v2\/types\/post"}],"author":[{"embeddable":true,"href":"https:\/\/www.leccecronaca.it\/index.php\/wp-json\/wp\/v2\/users\/4"}],"replies":[{"embeddable":true,"href":"https:\/\/www.leccecronaca.it\/index.php\/wp-json\/wp\/v2\/comments?post=110592"}],"version-history":[{"count":5,"href":"https:\/\/www.leccecronaca.it\/index.php\/wp-json\/wp\/v2\/posts\/110592\/revisions"}],"predecessor-version":[{"id":110713,"href":"https:\/\/www.leccecronaca.it\/index.php\/wp-json\/wp\/v2\/posts\/110592\/revisions\/110713"}],"wp:featuredmedia":[{"embeddable":true,"href":"https:\/\/www.leccecronaca.it\/index.php\/wp-json\/wp\/v2\/media\/110599"}],"wp:attachment":[{"href":"https:\/\/www.leccecronaca.it\/index.php\/wp-json\/wp\/v2\/media?parent=110592"}],"wp:term":[{"taxonomy":"category","embeddable":true,"href":"https:\/\/www.leccecronaca.it\/index.php\/wp-json\/wp\/v2\/categories?post=110592"},{"taxonomy":"post_tag","embeddable":true,"href":"https:\/\/www.leccecronaca.it\/index.php\/wp-json\/wp\/v2\/tags?post=110592"}],"curies":[{"name":"wp","href":"https:\/\/api.w.org\/{rel}","templated":true}]}}