{"id":110612,"date":"2017-02-14T00:14:47","date_gmt":"2017-02-13T23:14:47","guid":{"rendered":"http:\/\/www.leccecronaca.it\/?p=110612"},"modified":"2017-02-13T19:52:55","modified_gmt":"2017-02-13T18:52:55","slug":"oggi-san-valentino-anche-a-lecce-l-iniziativa-della-polizia-di-stato-contro-la-violenza-di-genere-questo-non-e-amore","status":"publish","type":"post","link":"https:\/\/www.leccecronaca.it\/index.php\/2017\/02\/14\/oggi-san-valentino-anche-a-lecce-l-iniziativa-della-polizia-di-stato-contro-la-violenza-di-genere-questo-non-e-amore\/","title":{"rendered":"OGGI SAN VALENTINO, ANCHE A LECCE L&#8217; INIZIATIVA DELLA POLIZIA CONTRO LA VIOLENZA DI GENERE"},"content":{"rendered":"<p><img decoding=\"async\" loading=\"lazy\" width=\"530\" height=\"245\" title=\"ext\" class=\"aligncenter size-full wp-image-110613\" alt=\"\" src=\"https:\/\/www.leccecronaca.it\/wordpress\/wp-content\/uploads\/2017\/02\/ext.jpg\" srcset=\"https:\/\/www.leccecronaca.it\/wordpress\/wp-content\/uploads\/2017\/02\/ext.jpg 530w, https:\/\/www.leccecronaca.it\/wordpress\/wp-content\/uploads\/2017\/02\/ext-300x139.jpg 300w, https:\/\/www.leccecronaca.it\/wordpress\/wp-content\/uploads\/2017\/02\/ext-315x145.jpg 315w\" sizes=\"(max-width: 530px) 100vw, 530px\" \/>(Rdl)______<\/p>\n<p>Nell\u2019ambito delle iniziative di prevenzione e contrasto della violenza contro le donne, che la Polizia di Stato realizza ormai da diversi anni, \u00e8 stato sviluppato, nei mesi scorsi, il progetto \u201c CAMPER \u2013 Il Camper della Polizia contro la violenza di genere\u201d.<\/p>\n<p>L&#8217; iniziativa, oltre ad avere la valenza di una campagna informativa, ha l\u2019obiettivo di favorire l\u2019emersione del fenomeno della violenza di genere, offrendo alle vittime il supporto di un\u2019equipe di operatori specializzati della Polizia di Stato presenti all\u2019interno del camper, prevalentemente di sesso femminile.<\/p>\n<p>Oggi, 14 febbraio 2017, in occasione della giornata di \u201cSan Valentino\u201d, sotto l\u2019egida dello slogan \u201cQuesto non \u00e8 amore\u201d, anche a Lecce\u00a0sar\u00e0 data attuazione al progetto, con la presenza di un Funzionario della Squadra Mobile, una psicologa, operatori specializzati alla trattazione di denunce di reati contro la persona, nonch\u00e9 una rappresentante della locale Rete Antiviolenza \u201cRenata Fonte\u201d, attiva sul territorio.<\/p>\n<p>Il camper stazioner\u00e0 dalle ore 8.30 alle ore 10.30 nei pressi di Piazza Palio (in prossimit\u00e0 del rond\u00f2 per San Cataldo) e dalle ore 11.00 alle ore 13.00 in Piazza S. Oronzo.<\/p>\n<p>Il Questore di Lecce Pierluigi D&#8217; Angelo auspica che all\u2019iniziativa possano avvicinarsi tutti coloro \u2013che siano vittime o a conoscenza di casi di violenza- che vogliano raccontare la loro storia all\u2019equipe di specialisti che rimarr\u00e0 a disposizione, anche, per chiunque sia interessato a richiedere informazioni sul tema, segnalare problematiche o denunciare abusi.<\/p>\n<p>La vigente normativa in materia, prevede che, nel caso in cui non sia stata gi\u00e0 sporta querela e non siano stati perpetrati reati procedibili d\u2019ufficio, la possibilit\u00e0 di rivolgere unicamente al Questore, quale autorit\u00e0 di pubblica sicurezza istanza di ammonimento nei confronti dell\u2019autore della condotta molesta.<\/p>\n<p>&nbsp;<\/p>\n<fb:like href='https:\/\/www.leccecronaca.it\/index.php\/2017\/02\/14\/oggi-san-valentino-anche-a-lecce-l-iniziativa-della-polizia-di-stato-contro-la-violenza-di-genere-questo-non-e-amore\/' send='true' layout='button_count' show_faces='true' width='450' height='65' action='recommend' colorscheme='light' font='lucida grande'><\/fb:like><span class=\"fb_share\"><fb:like href=\"https:\/\/www.leccecronaca.it\/index.php\/2017\/02\/14\/oggi-san-valentino-anche-a-lecce-l-iniziativa-della-polizia-di-stato-contro-la-violenza-di-genere-questo-non-e-amore\/\" layout=\"button_count\"><\/fb:like><\/span>","protected":false},"excerpt":{"rendered":"<p>(Rdl)______ Nell\u2019ambito delle iniziative di prevenzione e contrasto della violenza contro le donne, che la Polizia di Stato realizza ormai da diversi anni, \u00e8 stato sviluppato, nei mesi scorsi, il progetto \u201c CAMPER \u2013 Il Camper della Polizia contro la violenza di genere\u201d. L&#8217; iniziativa, oltre ad avere la valenza di una campagna informativa, ha [&hellip;]<\/p>\n","protected":false},"author":4,"featured_media":110613,"comment_status":"open","ping_status":"closed","sticky":false,"template":"","format":"standard","meta":[],"categories":[1,69,31,75],"tags":[],"_links":{"self":[{"href":"https:\/\/www.leccecronaca.it\/index.php\/wp-json\/wp\/v2\/posts\/110612"}],"collection":[{"href":"https:\/\/www.leccecronaca.it\/index.php\/wp-json\/wp\/v2\/posts"}],"about":[{"href":"https:\/\/www.leccecronaca.it\/index.php\/wp-json\/wp\/v2\/types\/post"}],"author":[{"embeddable":true,"href":"https:\/\/www.leccecronaca.it\/index.php\/wp-json\/wp\/v2\/users\/4"}],"replies":[{"embeddable":true,"href":"https:\/\/www.leccecronaca.it\/index.php\/wp-json\/wp\/v2\/comments?post=110612"}],"version-history":[{"count":2,"href":"https:\/\/www.leccecronaca.it\/index.php\/wp-json\/wp\/v2\/posts\/110612\/revisions"}],"predecessor-version":[{"id":110624,"href":"https:\/\/www.leccecronaca.it\/index.php\/wp-json\/wp\/v2\/posts\/110612\/revisions\/110624"}],"wp:featuredmedia":[{"embeddable":true,"href":"https:\/\/www.leccecronaca.it\/index.php\/wp-json\/wp\/v2\/media\/110613"}],"wp:attachment":[{"href":"https:\/\/www.leccecronaca.it\/index.php\/wp-json\/wp\/v2\/media?parent=110612"}],"wp:term":[{"taxonomy":"category","embeddable":true,"href":"https:\/\/www.leccecronaca.it\/index.php\/wp-json\/wp\/v2\/categories?post=110612"},{"taxonomy":"post_tag","embeddable":true,"href":"https:\/\/www.leccecronaca.it\/index.php\/wp-json\/wp\/v2\/tags?post=110612"}],"curies":[{"name":"wp","href":"https:\/\/api.w.org\/{rel}","templated":true}]}}