{"id":110719,"date":"2017-02-15T08:38:49","date_gmt":"2017-02-15T07:38:49","guid":{"rendered":"http:\/\/www.leccecronaca.it\/?p=110719"},"modified":"2017-02-15T08:38:49","modified_gmt":"2017-02-15T07:38:49","slug":"gemellaggio-culturale-lecce-matera","status":"publish","type":"post","link":"https:\/\/www.leccecronaca.it\/index.php\/2017\/02\/15\/gemellaggio-culturale-lecce-matera\/","title":{"rendered":"GEMELLAGGIO CULTURALE LECCE &#8211; MATERA"},"content":{"rendered":"<p><img decoding=\"async\" loading=\"lazy\" width=\"1024\" height=\"768\" title=\"F\" class=\"alignleft size-large wp-image-110720\" alt=\"\" src=\"https:\/\/www.leccecronaca.it\/wordpress\/wp-content\/uploads\/2017\/02\/F2-1024x768.jpg\" srcset=\"https:\/\/www.leccecronaca.it\/wordpress\/wp-content\/uploads\/2017\/02\/F2-1024x768.jpg 1024w, https:\/\/www.leccecronaca.it\/wordpress\/wp-content\/uploads\/2017\/02\/F2-300x225.jpg 300w, https:\/\/www.leccecronaca.it\/wordpress\/wp-content\/uploads\/2017\/02\/F2-768x576.jpg 768w, https:\/\/www.leccecronaca.it\/wordpress\/wp-content\/uploads\/2017\/02\/F2-1536x1152.jpg 1536w, https:\/\/www.leccecronaca.it\/wordpress\/wp-content\/uploads\/2017\/02\/F2-400x300.jpg 400w, https:\/\/www.leccecronaca.it\/wordpress\/wp-content\/uploads\/2017\/02\/F2.jpg 2048w\" sizes=\"(max-width: 1024px) 100vw, 1024px\" \/>Riceviamo e volentieri pubblichiamo. Il presidente dell&#8217; associazione &#8216;Valori e Rinnovamento&#8217; Wojtek Pankiewicz ci manda il seguente comunicato______<\/p>\n<p>Un importante e significativo atto di gemellaggio con protocollo d&#8217;intesa e collaborazione \u00e8 stato firmato presso il Comune di Matera tra l&#8217;Associazione Indipendente Donne Europee \u2013 Donne 2019 di Matera , nella persona della presidente Anna Selvaggi, e il Movimento Culturale &#8220;Valori e Rinnovamento&#8221; di Lecce, nella persona del presidente, Wojtek Pankiewicz. Testimonial d&#8217;eccezione il sindaco di Matera, Raffaello De Ruggeri. Madrina la scrittrice leccese, Giovanna Politi.<\/p>\n<p>Premesso che gli Statuti e le finalit\u00e0 delle due associazioni, apolitiche, apartitiche e senza scopo di lucro, si ispirano ai valori e agli obiettivi della Costituzione italiana, alla promozione umana e spirituale della persona e che \u00e8 intenzione delle stesse promuovere progetti e iniziative per favorire rapporti di collaborazione con altre associazioni, anche di Citt\u00e0 e di province diverse da quelle di appartenenza al fine di incentivare e rafforzare la conoscenza, l&#8217;amicizia e la solidariet\u00e0 tra le rispettive realt\u00e0 culturali, territoriali e sociali, soprattutto promuovendo e realizzando insieme iniziative di carattere culturale e turistico; considerato che il 15 luglio 2016 la scrittrice e poetessa Giovanna Politi, appartenente al Movimento Culturale &#8220;Valori e Rinnovamento&#8221; ha presentato il suo romanzo &#8220;Non \u00e8 stato solo vento&#8221; nella magica Abbazia di Montescaglioso ed in tale serata, ella ha siglato il gemellaggio tra l&#8217;Associazione A.I.D.E. Montescaglioso e il Movimento Leccese di cui lei stessa fa parte: tale accordo oggi si \u00e8 perfezionato presso il Comune di Matera, alla presenza del Sindaco di Matera, Raffaello De Ruggieri e dell&#8217;Assessore ai Sassi e all&#8217;UNESCO, Paola D&#8217;Antonio, con i quali la delegazione leccese si \u00e8 intrattenuta in un lungo e cordialissimo colloquio, con questo atto formale di gemellaggio, gi\u00e0 approvato dai competenti organi delle due associazioni, costituendo la premessa per fertili collaborazioni, che inizieranno da ora fino ad anche dopo Matera Capitale Europea della Cultura 2019, non solo tra le tre associazioni, ma anche tra due Citt\u00e0, come Matera e Lecce, che lavorano e cooperano per gli stessi obiettivi. Pertanto si \u00e8 gi\u00e0 provveduto stilare un programma di iniziative comuni, anche in vista di Lecce Capitale Italiana del Libro 2017 e Matera Capitale Europea della Cultura 2019.<\/p>\n<p>Insieme al presidente Wojtek Pankiewicz e alla scrittrice, Giovanna Politi, era presente una delegazione di soci di &#8220;Valori e Rinnovamento&#8221;, della quale erano gradittissimi ospiti il sindaco di Campi Salentina, Egidio Zacheo e il vice presidente di Citt\u00e0 del Libro, Tonio Cantoro, in vista di importanti collaborazioni, gi\u00e0 programmate, sia col Movimento del sole e delle ali azzurre, guidato da Pankiewicz, sia con Donne 2019, sia col Comune di Matera.<\/p>\n<p>&nbsp;<\/p>\n<p>&nbsp;<\/p>\n<fb:like href='https:\/\/www.leccecronaca.it\/index.php\/2017\/02\/15\/gemellaggio-culturale-lecce-matera\/' send='true' layout='button_count' show_faces='true' width='450' height='65' action='recommend' colorscheme='light' font='lucida grande'><\/fb:like><span class=\"fb_share\"><fb:like href=\"https:\/\/www.leccecronaca.it\/index.php\/2017\/02\/15\/gemellaggio-culturale-lecce-matera\/\" layout=\"button_count\"><\/fb:like><\/span>","protected":false},"excerpt":{"rendered":"<p>Riceviamo e volentieri pubblichiamo. Il presidente dell&#8217; associazione &#8216;Valori e Rinnovamento&#8217; Wojtek Pankiewicz ci manda il seguente comunicato______ Un importante e significativo atto di gemellaggio con protocollo d&#8217;intesa e collaborazione \u00e8 stato firmato presso il Comune di Matera tra l&#8217;Associazione Indipendente Donne Europee \u2013 Donne 2019 di Matera , nella persona della presidente Anna Selvaggi, [&hellip;]<\/p>\n","protected":false},"author":4,"featured_media":110720,"comment_status":"open","ping_status":"closed","sticky":false,"template":"","format":"standard","meta":[],"categories":[36],"tags":[],"_links":{"self":[{"href":"https:\/\/www.leccecronaca.it\/index.php\/wp-json\/wp\/v2\/posts\/110719"}],"collection":[{"href":"https:\/\/www.leccecronaca.it\/index.php\/wp-json\/wp\/v2\/posts"}],"about":[{"href":"https:\/\/www.leccecronaca.it\/index.php\/wp-json\/wp\/v2\/types\/post"}],"author":[{"embeddable":true,"href":"https:\/\/www.leccecronaca.it\/index.php\/wp-json\/wp\/v2\/users\/4"}],"replies":[{"embeddable":true,"href":"https:\/\/www.leccecronaca.it\/index.php\/wp-json\/wp\/v2\/comments?post=110719"}],"version-history":[{"count":2,"href":"https:\/\/www.leccecronaca.it\/index.php\/wp-json\/wp\/v2\/posts\/110719\/revisions"}],"predecessor-version":[{"id":110722,"href":"https:\/\/www.leccecronaca.it\/index.php\/wp-json\/wp\/v2\/posts\/110719\/revisions\/110722"}],"wp:featuredmedia":[{"embeddable":true,"href":"https:\/\/www.leccecronaca.it\/index.php\/wp-json\/wp\/v2\/media\/110720"}],"wp:attachment":[{"href":"https:\/\/www.leccecronaca.it\/index.php\/wp-json\/wp\/v2\/media?parent=110719"}],"wp:term":[{"taxonomy":"category","embeddable":true,"href":"https:\/\/www.leccecronaca.it\/index.php\/wp-json\/wp\/v2\/categories?post=110719"},{"taxonomy":"post_tag","embeddable":true,"href":"https:\/\/www.leccecronaca.it\/index.php\/wp-json\/wp\/v2\/tags?post=110719"}],"curies":[{"name":"wp","href":"https:\/\/api.w.org\/{rel}","templated":true}]}}