{"id":111492,"date":"2017-02-25T10:58:32","date_gmt":"2017-02-25T09:58:32","guid":{"rendered":"http:\/\/www.leccecronaca.it\/?p=111492"},"modified":"2017-02-25T10:59:38","modified_gmt":"2017-02-25T09:59:38","slug":"le-preoccupazioni-della-uil-sull-occupazione-nel-salento","status":"publish","type":"post","link":"https:\/\/www.leccecronaca.it\/index.php\/2017\/02\/25\/le-preoccupazioni-della-uil-sull-occupazione-nel-salento\/","title":{"rendered":"LE PREOCCUPAZIONI DELLA UIL PER LA DISOCCUPAZIONE"},"content":{"rendered":"<p><img decoding=\"async\" loading=\"lazy\" width=\"300\" height=\"225\" title=\"S\" class=\"aligncenter size-medium wp-image-111493\" alt=\"\" src=\"https:\/\/www.leccecronaca.it\/wordpress\/wp-content\/uploads\/2017\/02\/S-300x225.jpg\" srcset=\"https:\/\/www.leccecronaca.it\/wordpress\/wp-content\/uploads\/2017\/02\/S-300x225.jpg 300w, https:\/\/www.leccecronaca.it\/wordpress\/wp-content\/uploads\/2017\/02\/S-1024x768.jpg 1024w, https:\/\/www.leccecronaca.it\/wordpress\/wp-content\/uploads\/2017\/02\/S-768x576.jpg 768w, https:\/\/www.leccecronaca.it\/wordpress\/wp-content\/uploads\/2017\/02\/S-400x300.jpg 400w, https:\/\/www.leccecronaca.it\/wordpress\/wp-content\/uploads\/2017\/02\/S.jpg 1280w\" sizes=\"(max-width: 300px) 100vw, 300px\" \/>(Rdl)______<\/p>\n<p>\u201c<em>Registriamo una riduzione di ore richieste che continuiamo a ritenere trovi la sua prima motivazione, purtroppo, nelle novit\u00e0 fortemente restrittive e costose contenute nelle ultime riforme sugli ammortizzatori sociali pi\u00f9 che su una ripresa dell\u2019apparato economico e produttivo<\/em>\u201d &#8211; ha dichiarato\u00a0questa mattina\u00a0\u00a0il segretario generale della Uil di Lecce, Salvatore Giannetto, commentando i dati\u00a0dell&#8217; Inps sulla cassa integrazione nella nostra provincia il mese scorso.<\/p>\n<p>\u201c<em>Questi dati risultano mancanti delle ore richieste al Fis, il Fondo integrazione salariale che, in qualit\u00e0 di sostituto della cassa integrazione in deroga \u00e8 ormai operativo da\u00a0un anno per le aziende con pi\u00f9 di\u00a0sei dipendenti. Per questo crediamo che sia necessario conoscere, nel rispetto della trasparenza, quante ore di integrazione salariale sono state richieste e quanti i lavoratori interessati. Sono dati ad oggi non diffusi dall\u2019Inps e la cui conoscenza permetterebbe di avere un quadro pi\u00f9 esaustivo degli ammortizzatori sociali e, soprattutto, della situazione del nostro tessuto produttivo ed occupazionale.<\/em><\/p>\n<p><em>Non va sottovalutato, sotto il profilo occupazionale, l\u2019impatto dell\u2019aumento del costo della cig straordinaria e dell\u2019abolizione dell\u2019indennit\u00e0 di mobilit\u00e0 in caso di licenziamenti collettivi, che dal 1\u00b0 gennaio di quest\u2019anno, \u00e8 stata sostituita con la Naspi; il vecchio contributo versato per l\u2019indennit\u00e0 di mobilit\u00e0, da questo mese non dovr\u00e0 essere pi\u00f9 versato dalle aziende che, in caso di licenziamento, saranno tenute a corrispondere all\u2019Inps il ticket licenziamento, un balzello molto meno &#8216;caro&#8217; per l\u2019azienda.<\/em><\/p>\n<p><em>La nostra preoccupazione \u00e8 che il minor costo del licenziamento e l\u2019aumento del costo della cigs, potrebbe rischiare di produrre un ulteriore aumento della disoccupazione in particolar modo sul nostro territorio, gi\u00e0 vessato dalle numerose vertenze in atto\u201d.<\/em><\/p>\n<fb:like href='https:\/\/www.leccecronaca.it\/index.php\/2017\/02\/25\/le-preoccupazioni-della-uil-sull-occupazione-nel-salento\/' send='true' layout='button_count' show_faces='true' width='450' height='65' action='recommend' colorscheme='light' font='lucida grande'><\/fb:like><span class=\"fb_share\"><fb:like href=\"https:\/\/www.leccecronaca.it\/index.php\/2017\/02\/25\/le-preoccupazioni-della-uil-sull-occupazione-nel-salento\/\" layout=\"button_count\"><\/fb:like><\/span>","protected":false},"excerpt":{"rendered":"<p>(Rdl)______ \u201cRegistriamo una riduzione di ore richieste che continuiamo a ritenere trovi la sua prima motivazione, purtroppo, nelle novit\u00e0 fortemente restrittive e costose contenute nelle ultime riforme sugli ammortizzatori sociali pi\u00f9 che su una ripresa dell\u2019apparato economico e produttivo\u201d &#8211; ha dichiarato\u00a0questa mattina\u00a0\u00a0il segretario generale della Uil di Lecce, Salvatore Giannetto, commentando i dati\u00a0dell&#8217; Inps [&hellip;]<\/p>\n","protected":false},"author":4,"featured_media":111493,"comment_status":"open","ping_status":"closed","sticky":false,"template":"","format":"standard","meta":[],"categories":[76],"tags":[],"_links":{"self":[{"href":"https:\/\/www.leccecronaca.it\/index.php\/wp-json\/wp\/v2\/posts\/111492"}],"collection":[{"href":"https:\/\/www.leccecronaca.it\/index.php\/wp-json\/wp\/v2\/posts"}],"about":[{"href":"https:\/\/www.leccecronaca.it\/index.php\/wp-json\/wp\/v2\/types\/post"}],"author":[{"embeddable":true,"href":"https:\/\/www.leccecronaca.it\/index.php\/wp-json\/wp\/v2\/users\/4"}],"replies":[{"embeddable":true,"href":"https:\/\/www.leccecronaca.it\/index.php\/wp-json\/wp\/v2\/comments?post=111492"}],"version-history":[{"count":3,"href":"https:\/\/www.leccecronaca.it\/index.php\/wp-json\/wp\/v2\/posts\/111492\/revisions"}],"predecessor-version":[{"id":111496,"href":"https:\/\/www.leccecronaca.it\/index.php\/wp-json\/wp\/v2\/posts\/111492\/revisions\/111496"}],"wp:featuredmedia":[{"embeddable":true,"href":"https:\/\/www.leccecronaca.it\/index.php\/wp-json\/wp\/v2\/media\/111493"}],"wp:attachment":[{"href":"https:\/\/www.leccecronaca.it\/index.php\/wp-json\/wp\/v2\/media?parent=111492"}],"wp:term":[{"taxonomy":"category","embeddable":true,"href":"https:\/\/www.leccecronaca.it\/index.php\/wp-json\/wp\/v2\/categories?post=111492"},{"taxonomy":"post_tag","embeddable":true,"href":"https:\/\/www.leccecronaca.it\/index.php\/wp-json\/wp\/v2\/tags?post=111492"}],"curies":[{"name":"wp","href":"https:\/\/api.w.org\/{rel}","templated":true}]}}