{"id":111669,"date":"2017-02-27T14:52:55","date_gmt":"2017-02-27T13:52:55","guid":{"rendered":"http:\/\/www.leccecronaca.it\/?p=111669"},"modified":"2017-02-27T14:52:55","modified_gmt":"2017-02-27T13:52:55","slug":"carnevale-popolare-al-parco-balsamo","status":"publish","type":"post","link":"https:\/\/www.leccecronaca.it\/index.php\/2017\/02\/27\/carnevale-popolare-al-parco-balsamo\/","title":{"rendered":"CARNEVALE POPOLARE AL PARCO BALSAMO"},"content":{"rendered":"<p><img decoding=\"async\" loading=\"lazy\" width=\"300\" height=\"179\" title=\"carnevale-sud\" class=\"aligncenter size-medium wp-image-111670\" alt=\"\" src=\"https:\/\/www.leccecronaca.it\/wordpress\/wp-content\/uploads\/2017\/02\/carnevale-sud-300x179.jpg\" srcset=\"https:\/\/www.leccecronaca.it\/wordpress\/wp-content\/uploads\/2017\/02\/carnevale-sud-300x179.jpg 300w, https:\/\/www.leccecronaca.it\/wordpress\/wp-content\/uploads\/2017\/02\/carnevale-sud.jpg 650w\" sizes=\"(max-width: 300px) 100vw, 300px\" \/>Riceviamo e volentieri pubblichiamo. L&#8217; ufficio &#8211; stampa dell&#8217; assessorato all&#8217; Ambiente del Comune di Lecce ci manda il seguente comunicato______<\/p>\n<p>MARTEDI GRASSO TRA MASCHERE, PREMI E BENEFICIENZA<\/p>\n<p>Anche quest\u2019anno, per il pomeriggio del marted\u00ec grasso al Parco Balsamo, una grande festa popolare, rivolta a grandi e piccini, per festeggiare la fine del Carnevale, celebrare la morte de Lu Paulinu e perpetrare una tradizione tutta leccese.<\/p>\n<p>\u00c8 la terza edizione del carnevale del quartiere San Pio, organizzato dal Comitato Popolare Nuova Rudiae con la collaborazione dell\u2019Assessorato alle Politiche Ambientali del Comune. Balli, animazione, musica e maschere a partire dalle 16.00. E poi, ancora, i premi per le maschere pi\u00f9 belle e il buffet a km 0 rigorosamente a base di chiacchiere, dolci tradizionali e piatti \u201cfatti in casa\u201d preparati e offerti dalle mamme e dalle nonne del quartiere ai quali, come sempre, si aggiungeranno anche tanti dolci etnici preparati dai cittadini stranieri.<\/p>\n<p>Quest\u2019anno un\u2019attenzione particolare sar\u00e0 rivolta alle attivit\u00e0 di beneficenza attraverso una raccolta fondi in favore di Cuoreamico ONLUS e del progetto Salento Solidariet\u00e0.<\/p>\n<p>&nbsp;<\/p>\n<fb:like href='https:\/\/www.leccecronaca.it\/index.php\/2017\/02\/27\/carnevale-popolare-al-parco-balsamo\/' send='true' layout='button_count' show_faces='true' width='450' height='65' action='recommend' colorscheme='light' font='lucida grande'><\/fb:like><span class=\"fb_share\"><fb:like href=\"https:\/\/www.leccecronaca.it\/index.php\/2017\/02\/27\/carnevale-popolare-al-parco-balsamo\/\" layout=\"button_count\"><\/fb:like><\/span>","protected":false},"excerpt":{"rendered":"<p>Riceviamo e volentieri pubblichiamo. L&#8217; ufficio &#8211; stampa dell&#8217; assessorato all&#8217; Ambiente del Comune di Lecce ci manda il seguente comunicato______ MARTEDI GRASSO TRA MASCHERE, PREMI E BENEFICIENZA Anche quest\u2019anno, per il pomeriggio del marted\u00ec grasso al Parco Balsamo, una grande festa popolare, rivolta a grandi e piccini, per festeggiare la fine del Carnevale, celebrare [&hellip;]<\/p>\n","protected":false},"author":4,"featured_media":111670,"comment_status":"open","ping_status":"closed","sticky":false,"template":"","format":"standard","meta":[],"categories":[36],"tags":[],"_links":{"self":[{"href":"https:\/\/www.leccecronaca.it\/index.php\/wp-json\/wp\/v2\/posts\/111669"}],"collection":[{"href":"https:\/\/www.leccecronaca.it\/index.php\/wp-json\/wp\/v2\/posts"}],"about":[{"href":"https:\/\/www.leccecronaca.it\/index.php\/wp-json\/wp\/v2\/types\/post"}],"author":[{"embeddable":true,"href":"https:\/\/www.leccecronaca.it\/index.php\/wp-json\/wp\/v2\/users\/4"}],"replies":[{"embeddable":true,"href":"https:\/\/www.leccecronaca.it\/index.php\/wp-json\/wp\/v2\/comments?post=111669"}],"version-history":[{"count":1,"href":"https:\/\/www.leccecronaca.it\/index.php\/wp-json\/wp\/v2\/posts\/111669\/revisions"}],"predecessor-version":[{"id":111671,"href":"https:\/\/www.leccecronaca.it\/index.php\/wp-json\/wp\/v2\/posts\/111669\/revisions\/111671"}],"wp:featuredmedia":[{"embeddable":true,"href":"https:\/\/www.leccecronaca.it\/index.php\/wp-json\/wp\/v2\/media\/111670"}],"wp:attachment":[{"href":"https:\/\/www.leccecronaca.it\/index.php\/wp-json\/wp\/v2\/media?parent=111669"}],"wp:term":[{"taxonomy":"category","embeddable":true,"href":"https:\/\/www.leccecronaca.it\/index.php\/wp-json\/wp\/v2\/categories?post=111669"},{"taxonomy":"post_tag","embeddable":true,"href":"https:\/\/www.leccecronaca.it\/index.php\/wp-json\/wp\/v2\/tags?post=111669"}],"curies":[{"name":"wp","href":"https:\/\/api.w.org\/{rel}","templated":true}]}}