{"id":112206,"date":"2017-03-07T10:22:41","date_gmt":"2017-03-07T09:22:41","guid":{"rendered":"http:\/\/www.leccecronaca.it\/?p=112206"},"modified":"2017-03-07T11:26:13","modified_gmt":"2017-03-07T10:26:13","slug":"l-unisalento-per-l-avvio-al-lavoro-dei-laureati","status":"publish","type":"post","link":"https:\/\/www.leccecronaca.it\/index.php\/2017\/03\/07\/l-unisalento-per-l-avvio-al-lavoro-dei-laureati\/","title":{"rendered":"L&#8217; UNISALENTO PER L&#8217; AVVIO AL LAVORO DEI LAUREATI"},"content":{"rendered":"<p><img decoding=\"async\" loading=\"lazy\" width=\"300\" height=\"224\" title=\"unisalento\" class=\"aligncenter size-medium wp-image-112207\" alt=\"\" src=\"https:\/\/www.leccecronaca.it\/wordpress\/wp-content\/uploads\/2017\/03\/unisalento-300x224.jpg\" \/>Riceviamo e volentieri pubblichiamo. L&#8217; ufficio stampa dell&#8217; Unisalento ci manda il seguente comunicato______<\/p>\n<p>\u201cSettimana del Lavoro\u201d, l\u2019Universit\u00e0 del Salento \u00e8\u2026 al lavoro. In vista la seconda edizione dell\u2019iniziativa che punta a semplificare l\u2019incontro tra aziende e organizzazioni e giovani \u201crisorse umane\u201d formate dall\u2019Ateneo: l\u2019appuntamento \u00e8 fissato dall\u20198 al 12 maggio 2017 ed \u00e8 gi\u00e0 aperta, quindi, la raccolta delle adesioni delle imprese interessate a partecipare.<\/p>\n<p>Tutte le imprese di ogni settore e dimensione che cerchino personale con un percorso di alta formazione da avviare al lavoro (anche attraverso tirocini e apprendistato) potranno partecipare gratuitamente alle giornate: si svolgeranno nell\u2019edificio IBIL del complesso Ecotekne (via per Monteroni, Lecce) dove, in aule da 20\/50 posti, in incontri di circa due ore potranno essere presentate le attivit\u00e0 aziendali e i profili ricercati. Potranno seguire colloqui individuali in spazi separati.<\/p>\n<p>La prima edizione, che si \u00e8 svolta dal 15 al 18 novembre scorsi, ha avuto significativo riscontro: vi hanno partecipato pi\u00f9 di trenta imprese di ogni dimensione e settore e pi\u00f9 di mille studenti e laureati.<\/p>\n<p>Positivi i primi risultati degli incontri effettuati con le aziende partecipanti: dopo le esperienze di tirocinio, diverse aziende hanno attivato rapporti di lavoro duraturi con i laureati di UniSalento; viene sperimentato anche l\u2019apprendistato di alta formazione e ricerca, che permette di sviluppare in azienda ricerche specialistiche.<\/p>\n<p>&nbsp;<\/p>\n<p>&nbsp;<\/p>\n<p>&nbsp;<\/p>\n<p>&nbsp;<\/p>\n<p>L\u2019iniziativa \u00e8 organizzata dall\u2019Ufficio Career Service dell\u2019Ateneo assieme al Gruppo di Lavoro di Ateneo per il Job placement, coordinato dal Referente del Rettore per il Job placement Angelo Salento. Le aziende e le organizzazioni interessate a partecipare possono scrivere all\u2019indirizzo career.service@unisalento.it.<\/p>\n<p>&nbsp;<\/p>\n<p>&nbsp;<\/p>\n<p>&nbsp;<\/p>\n<p>&nbsp;<\/p>\n<p>&nbsp;<\/p>\n<fb:like href='https:\/\/www.leccecronaca.it\/index.php\/2017\/03\/07\/l-unisalento-per-l-avvio-al-lavoro-dei-laureati\/' send='true' layout='button_count' show_faces='true' width='450' height='65' action='recommend' colorscheme='light' font='lucida grande'><\/fb:like><span class=\"fb_share\"><fb:like href=\"https:\/\/www.leccecronaca.it\/index.php\/2017\/03\/07\/l-unisalento-per-l-avvio-al-lavoro-dei-laureati\/\" layout=\"button_count\"><\/fb:like><\/span>","protected":false},"excerpt":{"rendered":"<p>Riceviamo e volentieri pubblichiamo. L&#8217; ufficio stampa dell&#8217; Unisalento ci manda il seguente comunicato______ \u201cSettimana del Lavoro\u201d, l\u2019Universit\u00e0 del Salento \u00e8\u2026 al lavoro. In vista la seconda edizione dell\u2019iniziativa che punta a semplificare l\u2019incontro tra aziende e organizzazioni e giovani \u201crisorse umane\u201d formate dall\u2019Ateneo: l\u2019appuntamento \u00e8 fissato dall\u20198 al 12 maggio 2017 ed \u00e8 gi\u00e0 [&hellip;]<\/p>\n","protected":false},"author":4,"featured_media":112207,"comment_status":"open","ping_status":"closed","sticky":false,"template":"","format":"standard","meta":[],"categories":[36],"tags":[],"_links":{"self":[{"href":"https:\/\/www.leccecronaca.it\/index.php\/wp-json\/wp\/v2\/posts\/112206"}],"collection":[{"href":"https:\/\/www.leccecronaca.it\/index.php\/wp-json\/wp\/v2\/posts"}],"about":[{"href":"https:\/\/www.leccecronaca.it\/index.php\/wp-json\/wp\/v2\/types\/post"}],"author":[{"embeddable":true,"href":"https:\/\/www.leccecronaca.it\/index.php\/wp-json\/wp\/v2\/users\/4"}],"replies":[{"embeddable":true,"href":"https:\/\/www.leccecronaca.it\/index.php\/wp-json\/wp\/v2\/comments?post=112206"}],"version-history":[{"count":2,"href":"https:\/\/www.leccecronaca.it\/index.php\/wp-json\/wp\/v2\/posts\/112206\/revisions"}],"predecessor-version":[{"id":112209,"href":"https:\/\/www.leccecronaca.it\/index.php\/wp-json\/wp\/v2\/posts\/112206\/revisions\/112209"}],"wp:featuredmedia":[{"embeddable":true,"href":"https:\/\/www.leccecronaca.it\/index.php\/wp-json\/wp\/v2\/media\/112207"}],"wp:attachment":[{"href":"https:\/\/www.leccecronaca.it\/index.php\/wp-json\/wp\/v2\/media?parent=112206"}],"wp:term":[{"taxonomy":"category","embeddable":true,"href":"https:\/\/www.leccecronaca.it\/index.php\/wp-json\/wp\/v2\/categories?post=112206"},{"taxonomy":"post_tag","embeddable":true,"href":"https:\/\/www.leccecronaca.it\/index.php\/wp-json\/wp\/v2\/tags?post=112206"}],"curies":[{"name":"wp","href":"https:\/\/api.w.org\/{rel}","templated":true}]}}