{"id":112281,"date":"2017-03-08T13:58:34","date_gmt":"2017-03-08T12:58:34","guid":{"rendered":"http:\/\/www.leccecronaca.it\/?p=112281"},"modified":"2017-03-08T14:00:10","modified_gmt":"2017-03-08T13:00:10","slug":"primo-festival-dellinformazione-giornalistica-locale","status":"publish","type":"post","link":"https:\/\/www.leccecronaca.it\/index.php\/2017\/03\/08\/primo-festival-dellinformazione-giornalistica-locale\/","title":{"rendered":"A GALLIPOLI IL PRIMO FESTIVAL DELL&#8217;INFORMAZIONE GIORNALISTICA LOCALE"},"content":{"rendered":"<p><img decoding=\"async\" loading=\"lazy\" src=\"https:\/\/www.leccecronaca.it\/wordpress\/wp-content\/uploads\/2017\/03\/20301317giornali.jpg\" alt=\"\" title=\"20301317giornali\" width=\"1000\" height=\"563\" class=\"aligncenter size-full wp-image-112288\" srcset=\"https:\/\/www.leccecronaca.it\/wordpress\/wp-content\/uploads\/2017\/03\/20301317giornali.jpg 1000w, https:\/\/www.leccecronaca.it\/wordpress\/wp-content\/uploads\/2017\/03\/20301317giornali-300x169.jpg 300w, https:\/\/www.leccecronaca.it\/wordpress\/wp-content\/uploads\/2017\/03\/20301317giornali-768x432.jpg 768w\" sizes=\"(max-width: 1000px) 100vw, 1000px\" \/>(a.e.)______ Si \u00e8 tenuto oggi, presso l&#8217;<strong>Hotel &#8220;Bellavista&#8221; di Gallipoli<\/strong>, il primo festival dell&#8217;informazione giornalistica locale, durante il quale \u00e8 stato trattato il tema dell&#8217;informazione in tutte le sue componenti, dal giornalismo online, alla realt\u00e0 delle televisioni locali (Telerama, Studio 100, ecc&#8230;), la Web TV, il giornalismo di prossimit\u00e0. Il tema trattato dal Vice Questore Aggiunto Dott.ssa Eliana Martella, \u00e8 stato quello del &#8220;<strong>ruolo sociale delle forze dell&#8217;ordine e il rapporto con gli organi d&#8217;informazione<\/strong>&#8220;.<\/p>\n<fb:like href='https:\/\/www.leccecronaca.it\/index.php\/2017\/03\/08\/primo-festival-dellinformazione-giornalistica-locale\/' send='true' layout='button_count' show_faces='true' width='450' height='65' action='recommend' colorscheme='light' font='lucida grande'><\/fb:like><span class=\"fb_share\"><fb:like href=\"https:\/\/www.leccecronaca.it\/index.php\/2017\/03\/08\/primo-festival-dellinformazione-giornalistica-locale\/\" layout=\"button_count\"><\/fb:like><\/span>","protected":false},"excerpt":{"rendered":"<p>(a.e.)______ Si \u00e8 tenuto oggi, presso l&#8217;Hotel &#8220;Bellavista&#8221; di Gallipoli, il primo festival dell&#8217;informazione giornalistica locale, durante il quale \u00e8 stato trattato il tema dell&#8217;informazione in tutte le sue componenti, dal giornalismo online, alla realt\u00e0 delle televisioni locali (Telerama, Studio 100, ecc&#8230;), la Web TV, il giornalismo di prossimit\u00e0. Il tema trattato dal Vice Questore [&hellip;]<\/p>\n","protected":false},"author":4,"featured_media":0,"comment_status":"open","ping_status":"closed","sticky":false,"template":"","format":"standard","meta":[],"categories":[31,75],"tags":[],"_links":{"self":[{"href":"https:\/\/www.leccecronaca.it\/index.php\/wp-json\/wp\/v2\/posts\/112281"}],"collection":[{"href":"https:\/\/www.leccecronaca.it\/index.php\/wp-json\/wp\/v2\/posts"}],"about":[{"href":"https:\/\/www.leccecronaca.it\/index.php\/wp-json\/wp\/v2\/types\/post"}],"author":[{"embeddable":true,"href":"https:\/\/www.leccecronaca.it\/index.php\/wp-json\/wp\/v2\/users\/4"}],"replies":[{"embeddable":true,"href":"https:\/\/www.leccecronaca.it\/index.php\/wp-json\/wp\/v2\/comments?post=112281"}],"version-history":[{"count":4,"href":"https:\/\/www.leccecronaca.it\/index.php\/wp-json\/wp\/v2\/posts\/112281\/revisions"}],"predecessor-version":[{"id":112292,"href":"https:\/\/www.leccecronaca.it\/index.php\/wp-json\/wp\/v2\/posts\/112281\/revisions\/112292"}],"wp:attachment":[{"href":"https:\/\/www.leccecronaca.it\/index.php\/wp-json\/wp\/v2\/media?parent=112281"}],"wp:term":[{"taxonomy":"category","embeddable":true,"href":"https:\/\/www.leccecronaca.it\/index.php\/wp-json\/wp\/v2\/categories?post=112281"},{"taxonomy":"post_tag","embeddable":true,"href":"https:\/\/www.leccecronaca.it\/index.php\/wp-json\/wp\/v2\/tags?post=112281"}],"curies":[{"name":"wp","href":"https:\/\/api.w.org\/{rel}","templated":true}]}}