{"id":112968,"date":"2017-03-19T08:31:46","date_gmt":"2017-03-19T07:31:46","guid":{"rendered":"http:\/\/www.leccecronaca.it\/?p=112968"},"modified":"2017-03-21T11:12:57","modified_gmt":"2017-03-21T10:12:57","slug":"coldiretti-a-lecce-emiliano-e-lunica-cosa-che-hanno-e-dagli-insulti-agli-applausi-e-un-attimo-amici-come-prima","status":"publish","type":"post","link":"https:\/\/www.leccecronaca.it\/index.php\/2017\/03\/19\/coldiretti-a-lecce-emiliano-e-lunica-cosa-che-hanno-e-dagli-insulti-agli-applausi-e-un-attimo-amici-come-prima\/","title":{"rendered":"LA MANIFESTAZIONE DI COLDIRETTI A LECCE: &#8220;Emiliano \u00e8 l&#8217;unica cosa che hanno!&#8221;. E PASSARE DAI FISCHI E DAGLI INSULTI, AGLI APPLAUSI \u00c8 UN ATTIMO. AMICI COME PRIMA"},"content":{"rendered":"<p style=\"text-align: center;\"><em><strong><img decoding=\"async\" loading=\"lazy\" width=\"700\" height=\"280\" title=\"coldiretti\" class=\"aligncenter  wp-image-113004\" src=\"https:\/\/www.leccecronaca.it\/wordpress\/wp-content\/uploads\/2017\/03\/coldiretti.jpg\" \/>di Eleonora Ciminiello________<\/strong>\u00abEmiliano \u00e8 l&#8217;unica cosa che hanno! Senza la Regione e senza di noi non avrebbero nessuna possibilit\u00e0 di reagire alla calamit\u00e0 che hanno addosso\u00a0\u00bb<\/em>.<\/p>\n<p>Risponde cos\u00ec il presidente della Regione Puglia, <strong>Michele Emiliano<\/strong> all&#8217;ingresso della sala dell&#8217;Hotel Tiziano di Lecce, dove, ad attenderlo, ci sono gli agricoltori furibondi di Coldiretti.<\/p>\n<p>I contadini dal cappellino giallo manifestano a Lecce sin dalla mattina. Le ragioni? Per descriverle in breve si potrebbero utilizzare la parole di <strong>Giovanni Melcarne<\/strong> che alla platea di associati, sindaci salentini e Presidente della Regione Puglia dice:\u00a0<em>\u00abSono delle richieste per <strong>tutelare le nostre aziende<\/strong> perch\u00e9 noi vogliamo continuare a fare olio d&#8217;oliva\u00bb.<\/em><\/p>\n<p>Le richieste nello specifico le enuncia il presidente di Coldiretti Puglia, <strong>Gianni Cantele<\/strong>, il quale sottolinea\u00a0<em>\u00abOggi manifestiamo per l&#8217;olivicoltura pugliese, ovviamente nel cratere della xylella Fastidiosa, con rappresentanze delle province di Brindisi, di Taranto, di Bari e di Foggia. \u00c8 un problema oggi sentito da tutta la Puglia e dobbiamo necessariamente trovare risposte. Quali sono le risposte? <strong>Nel cratere oggi c&#8217;\u00e8 il problema di imprese che sono senza reddito da molto tempo.<\/strong> Si stanno vedendo avanzamenti sempre pi\u00f9 importanti della malattia: dobbiamo necessariamente trovare il modo di dare respiro e ossigeno a queste imprese; molte di queste hanno fatto investimenti sul PSR della scorsa programmazione e c&#8217;\u00e8 la necessit\u00e0 di<strong> dare sui mutui degli allungamenti sulle scadenze,<\/strong> si pu\u00f2 <strong>lavorare anche sul &#8220;de minimis&#8221; per quanto riguarda gli interessi;<\/strong> c&#8217;\u00e8 chiaramente l&#8217;articolo 5 della norma che oggi prevede il contenimento di questa malattia: \u00e8 una fortissima limitazione alla libert\u00e0 imprenditoriale. Non \u00e8 pensabile che le imprese pugliesi possano trovarsi questa spada di Damocle di <strong>non poter piantare gli olivi e tutte le specie che possono essere sensibili a questa malattia.<\/strong> E poi soprattutto la scienza:<strong> il laboratorio a cielo aperto<\/strong> di cui abbiamo parlato sempre.\u00bb.<\/em><\/p>\n<p>Il riassunto delle parole del presidente Cantele \u00e8 breve: aiutare le imprese dal punto di vista economico, trovare una soluzione con le banche, con le quali hanno acceso mutui, abolire il divieto di reimpianto, oltre alla possibilit\u00e0 di considerare il Salento una terra in cui sperimentare &#8220;a cielo aperto&#8221;.<\/p>\n<p>Ma non \u00e8 tutto.\u00a0<em>\u00abCi sono 11 milioni di euro che sono oggettivamente una goccia nel mare, che nell&#8217;ambito della graduatoria di &#8220;calamit\u00e0 naturale&#8221; possono cominciare ad essere attribuiti, chiaramente gli &#8220;indennizzi&#8221; per gli agricoltori che hanno subito, prima di tutto chi ha subito in maniera coatta l&#8217;espianto e soprattutto gli indennizzi per chi dovr\u00e0 espiantare purtroppo, e questa \u00e8 l&#8217;amara realt\u00e0. Ci sono ormai oltre 140 mila ettari del territorio fra Lecce, Brindisi e Taranto in cui parlare di olivicoltura \u00e8 ormai oggettivamente impossibile.\u00bb.<\/em><\/p>\n<p><em><\/em>Ascolto le parole pronunciate dal presidente di Coldiretti, quelle enunciate da Giovanni Melcarne e ritornano poche parole, <strong>&#8220;imprese-reimpianti&#8221;<\/strong>. Ma cosa hanno a che vedere queste due parole legate assieme allo striscione che campeggia sul cofano di un trattore &#8220;Gli ulivi patrimonio comune: Salviamolo&#8221;?<\/p>\n<p>Espiantare e reimpiantare: una forma di protezione un po&#8217; strana quella che si vuole compiere. <strong>Perch\u00e9 non dire apertamente invece &#8220;Salviamo le aziende olivicole del Salento&#8221;, non gli ulivi, non il territorio, non il patrimonio e nemmeno gli agricoltori, badate bene, in maniera molto franca?<\/strong> Solo le aziende, fra cui, ovviamente spiccano agli occhi quelle di Giovanni Melcarne e Gianni Cantele.<\/p>\n<p>Si parla sempre di imprese dotate di partita IVA: sar\u00e0 a loro che andranno indennizzi e sostegno non a tutti gli agricoltori, bench\u00e9 associati a Coldiretti o a qualsiasi altra associazione di Categoria. SOLO IMPRESE, AZIENDE, NON CONTADINI.<\/p>\n<p>Messo in chiaro questo piccolo particolare cosa ha risposto il presidente della Regione Puglia Michele Emiliano a queste richieste?<\/p>\n<p><em>\u00abAdesso si tratta di combattere insieme, non separarci per ragioni spesso di natura politica. \u00c8 evidente che si sta approfittando di questa malattia per creare fratture tra la Regione e gli agricoltori in difficolt\u00e0 ma noi non abbiamo paura di niente.\u00bb E riguardo gli indennizzi?\u00a0\u00abNaturalmente <strong>la Regione<\/strong> &#8211; <\/em>dice il presidente Emiliano<em> &#8211; \u00e8<strong> pronta a fare tutto ci\u00f2 che gli agricoltori chiedono, e abbiamo lavorato in questi anni sempre di concerto tra le organizzazioni agricole e gli interessi degli agricoltori.<\/strong> Non abbiamo niente da rimproverarci. \u00a0Non ci sono stati ritardi di nessun tipo, c\u2019\u00e8 semplicemente una situazione di gravissima preoccupazione perch\u00e9 le aziende agricole hanno stipulato mutui che a causa del crollo della produzione non sono in grado di rimborsare.<strong> Noi abbiamo gi\u00e0 preso contatto con il mondo bancario per tentare di allungare i tempi di questi mutui<\/strong>, al fine di aiutare gli agricoltori a superare questo momento di difficolt\u00e0. Ma faremo molto di pi\u00f9. <strong>Siamo pronti come Regione Puglia a metterci i soldi direttamente<\/strong>, perch\u00e9 questo non \u00e8 solo un indennizzo ad aziende in difficolt\u00e0, giacch\u00e9 olivicoltura per noi vuol dire anche paesaggio, ambiente e turismo. Interverremo senza pensare di operare dei privilegi rispetto ad altre categorie o altre vertenze, ma interveniamo perch\u00e9 ne va l\u2019immagine della Puglia intera\u00bb.<\/em><\/p>\n<p>Da qui probabilmente il lungo applauso: i danni e le necessit\u00e0 delle AZIENDE OLIVICOLE le paga la Puglia, quindi i pugliesi.<strong> Ma i piccoli agricoltori che non hanno un&#8217;azienda e che detengono la porzione pi\u00f9 cospicua del territorio salentino, chi li aiuter\u00e0?<\/strong> Probabilmente le agenzie immobiliari, vedremo.<\/p>\n<p>Come si dice? &#8220;Una mano lava l&#8217;altra e tutt&#8217;e due lavano il viso&#8221;: per ora un cospicuo gruppo di probabili sostenitori \u00e8 sistemato, agli altri il presidente ci penser\u00e0 quando il problema si presenter\u00e0, d&#8217;altronde questa \u00e8 sempre stata una questione di affari e consenso politico, niente di pi\u00f9.<\/p>\n<p>&nbsp;<\/p>\n<fb:like href='https:\/\/www.leccecronaca.it\/index.php\/2017\/03\/19\/coldiretti-a-lecce-emiliano-e-lunica-cosa-che-hanno-e-dagli-insulti-agli-applausi-e-un-attimo-amici-come-prima\/' send='true' layout='button_count' show_faces='true' width='450' height='65' action='recommend' colorscheme='light' font='lucida grande'><\/fb:like><span class=\"fb_share\"><fb:like href=\"https:\/\/www.leccecronaca.it\/index.php\/2017\/03\/19\/coldiretti-a-lecce-emiliano-e-lunica-cosa-che-hanno-e-dagli-insulti-agli-applausi-e-un-attimo-amici-come-prima\/\" layout=\"button_count\"><\/fb:like><\/span>","protected":false},"excerpt":{"rendered":"<p>di Eleonora Ciminiello________\u00abEmiliano \u00e8 l&#8217;unica cosa che hanno! Senza la Regione e senza di noi non avrebbero nessuna possibilit\u00e0 di reagire alla calamit\u00e0 che hanno addosso\u00a0\u00bb. Risponde cos\u00ec il presidente della Regione Puglia, Michele Emiliano all&#8217;ingresso della sala dell&#8217;Hotel Tiziano di Lecce, dove, ad attenderlo, ci sono gli agricoltori furibondi di Coldiretti. I contadini dal [&hellip;]<\/p>\n","protected":false},"author":4,"featured_media":0,"comment_status":"open","ping_status":"closed","sticky":false,"template":"","format":"standard","meta":[],"categories":[1],"tags":[],"_links":{"self":[{"href":"https:\/\/www.leccecronaca.it\/index.php\/wp-json\/wp\/v2\/posts\/112968"}],"collection":[{"href":"https:\/\/www.leccecronaca.it\/index.php\/wp-json\/wp\/v2\/posts"}],"about":[{"href":"https:\/\/www.leccecronaca.it\/index.php\/wp-json\/wp\/v2\/types\/post"}],"author":[{"embeddable":true,"href":"https:\/\/www.leccecronaca.it\/index.php\/wp-json\/wp\/v2\/users\/4"}],"replies":[{"embeddable":true,"href":"https:\/\/www.leccecronaca.it\/index.php\/wp-json\/wp\/v2\/comments?post=112968"}],"version-history":[{"count":8,"href":"https:\/\/www.leccecronaca.it\/index.php\/wp-json\/wp\/v2\/posts\/112968\/revisions"}],"predecessor-version":[{"id":113160,"href":"https:\/\/www.leccecronaca.it\/index.php\/wp-json\/wp\/v2\/posts\/112968\/revisions\/113160"}],"wp:attachment":[{"href":"https:\/\/www.leccecronaca.it\/index.php\/wp-json\/wp\/v2\/media?parent=112968"}],"wp:term":[{"taxonomy":"category","embeddable":true,"href":"https:\/\/www.leccecronaca.it\/index.php\/wp-json\/wp\/v2\/categories?post=112968"},{"taxonomy":"post_tag","embeddable":true,"href":"https:\/\/www.leccecronaca.it\/index.php\/wp-json\/wp\/v2\/tags?post=112968"}],"curies":[{"name":"wp","href":"https:\/\/api.w.org\/{rel}","templated":true}]}}