{"id":113489,"date":"2017-03-25T10:13:21","date_gmt":"2017-03-25T09:13:21","guid":{"rendered":"http:\/\/www.leccecronaca.it\/?p=113489"},"modified":"2017-03-25T10:14:17","modified_gmt":"2017-03-25T09:14:17","slug":"via-leuca-inaccessibile-ai-disabili","status":"publish","type":"post","link":"https:\/\/www.leccecronaca.it\/index.php\/2017\/03\/25\/via-leuca-inaccessibile-ai-disabili\/","title":{"rendered":"&#8216;VIA LEUCA INACCESSIBILE AI DISABILI&#8217;"},"content":{"rendered":"<p><img decoding=\"async\" loading=\"lazy\" width=\"1024\" height=\"680\" title=\"DSC_0015\" class=\"aligncenter size-large wp-image-113490\" alt=\"\" src=\"https:\/\/www.leccecronaca.it\/wordpress\/wp-content\/uploads\/2017\/03\/DSC_0015-1024x680.jpg\" srcset=\"https:\/\/www.leccecronaca.it\/wordpress\/wp-content\/uploads\/2017\/03\/DSC_0015-1024x680.jpg 1024w, https:\/\/www.leccecronaca.it\/wordpress\/wp-content\/uploads\/2017\/03\/DSC_0015-300x199.jpg 300w, https:\/\/www.leccecronaca.it\/wordpress\/wp-content\/uploads\/2017\/03\/DSC_0015-768x510.jpg 768w, https:\/\/www.leccecronaca.it\/wordpress\/wp-content\/uploads\/2017\/03\/DSC_0015-1536x1020.jpg 1536w, https:\/\/www.leccecronaca.it\/wordpress\/wp-content\/uploads\/2017\/03\/DSC_0015-2048x1360.jpg 2048w\" sizes=\"(max-width: 1024px) 100vw, 1024px\" \/>Riceviamo e volentieri pubblichiamo. Il presiente dell&#8217; ssociazione &#8216;Sportello dei diritti&#8217; Giovanni D&#8217; Agata ci manda il seguente comunicato______<\/p>\n<p>Lecce, via Leuca inaccessibile ai disabili in carrozzina. I lavori di miglioramente del decoro urbano di via Leuca un fiasco pazzesco per l&#8217;amministrazione cittadina. Ci si chiede come sia possibile che nel 2017 nessuno abbia pensato alla fruibilit\u00e0 per i disabili.<\/p>\n<p>Siamo stati tra i primi a denunciare le problematiche del \u201ccantiere\u201d di via Leuca a Lecce, prevedendone il fiasco completo gi\u00e0 mentre venivano realizzate le opere. Ora dopo tutte le questioni estetiche e quelle relative ai parcheggi realizzati sul marciapiede, a lavori pressoch\u00e8 ultimati, siamo costretti a portare all&#8217;attenzione pubblica anche quelle che appaiono come una serie di defaillance realizzative per quanto riguarda la fruibilit\u00e0 della strada ed in particolare della zona pedonale, da parte dei disabili. Anche oggi, infatti, un cittadino ha documentato fotograficamente le oggettive difficolt\u00e0 che una persona in carrozzella elettrica incontra nel percorrere l&#8217;importante arteria cittadina.<\/p>\n<p>Tutto ci\u00f2 \u00e8 assurdo perch\u00e8 si tratta di un&#8217;opera appena ultimata e che quindi dovrebbe contenere in s\u00e9 tutti i crismi dei pi\u00f9 moderni principi di abbattimento delle barriere architettoniche che, non \u00e8 da dimenticare, costituiscono comunque degli obblighi normativi e regolamentari che tutte le nuove strutture, sia pubbliche che private dovrebbero rispettare. Ma evidentemente il problema per l&#8217;amministrazione comunale \u00e8 irrilevante, tant&#8217;\u00e8 che solo a pochi metri, in via XX settembre, gli uffici comunali presso l&#8217;ex clinica \u201cVallone\u201d presentano la stessa problematica: nessuna rampa di accesso all&#8217;ingresso o elevatore. Non ci resta, quindi, che continuare a segnalare anche se le risposte dagli esponenti del governo cittadino non arrivano mai.<\/p>\n<p>&nbsp;<\/p>\n<fb:like href='https:\/\/www.leccecronaca.it\/index.php\/2017\/03\/25\/via-leuca-inaccessibile-ai-disabili\/' send='true' layout='button_count' show_faces='true' width='450' height='65' action='recommend' colorscheme='light' font='lucida grande'><\/fb:like><span class=\"fb_share\"><fb:like href=\"https:\/\/www.leccecronaca.it\/index.php\/2017\/03\/25\/via-leuca-inaccessibile-ai-disabili\/\" layout=\"button_count\"><\/fb:like><\/span>","protected":false},"excerpt":{"rendered":"<p>Riceviamo e volentieri pubblichiamo. Il presiente dell&#8217; ssociazione &#8216;Sportello dei diritti&#8217; Giovanni D&#8217; Agata ci manda il seguente comunicato______ Lecce, via Leuca inaccessibile ai disabili in carrozzina. I lavori di miglioramente del decoro urbano di via Leuca un fiasco pazzesco per l&#8217;amministrazione cittadina. Ci si chiede come sia possibile che nel 2017 nessuno abbia pensato [&hellip;]<\/p>\n","protected":false},"author":4,"featured_media":113490,"comment_status":"open","ping_status":"closed","sticky":false,"template":"","format":"standard","meta":[],"categories":[36],"tags":[],"_links":{"self":[{"href":"https:\/\/www.leccecronaca.it\/index.php\/wp-json\/wp\/v2\/posts\/113489"}],"collection":[{"href":"https:\/\/www.leccecronaca.it\/index.php\/wp-json\/wp\/v2\/posts"}],"about":[{"href":"https:\/\/www.leccecronaca.it\/index.php\/wp-json\/wp\/v2\/types\/post"}],"author":[{"embeddable":true,"href":"https:\/\/www.leccecronaca.it\/index.php\/wp-json\/wp\/v2\/users\/4"}],"replies":[{"embeddable":true,"href":"https:\/\/www.leccecronaca.it\/index.php\/wp-json\/wp\/v2\/comments?post=113489"}],"version-history":[{"count":3,"href":"https:\/\/www.leccecronaca.it\/index.php\/wp-json\/wp\/v2\/posts\/113489\/revisions"}],"predecessor-version":[{"id":113493,"href":"https:\/\/www.leccecronaca.it\/index.php\/wp-json\/wp\/v2\/posts\/113489\/revisions\/113493"}],"wp:featuredmedia":[{"embeddable":true,"href":"https:\/\/www.leccecronaca.it\/index.php\/wp-json\/wp\/v2\/media\/113490"}],"wp:attachment":[{"href":"https:\/\/www.leccecronaca.it\/index.php\/wp-json\/wp\/v2\/media?parent=113489"}],"wp:term":[{"taxonomy":"category","embeddable":true,"href":"https:\/\/www.leccecronaca.it\/index.php\/wp-json\/wp\/v2\/categories?post=113489"},{"taxonomy":"post_tag","embeddable":true,"href":"https:\/\/www.leccecronaca.it\/index.php\/wp-json\/wp\/v2\/tags?post=113489"}],"curies":[{"name":"wp","href":"https:\/\/api.w.org\/{rel}","templated":true}]}}