{"id":113731,"date":"2017-03-29T12:49:54","date_gmt":"2017-03-29T10:49:54","guid":{"rendered":"http:\/\/www.leccecronaca.it\/?p=113731"},"modified":"2017-03-29T12:49:54","modified_gmt":"2017-03-29T10:49:54","slug":"i-libera-day-a-corigliano-d-otranto","status":"publish","type":"post","link":"https:\/\/www.leccecronaca.it\/index.php\/2017\/03\/29\/i-libera-day-a-corigliano-d-otranto\/","title":{"rendered":"I &#8216;LIBERA DAY&#8217; A CORIGLIANO D&#8217; OTRANTO"},"content":{"rendered":"<p><img decoding=\"async\" loading=\"lazy\" width=\"724\" height=\"1024\" title=\"ld\" class=\"aligncenter size-large wp-image-113732\" alt=\"\" src=\"https:\/\/www.leccecronaca.it\/wordpress\/wp-content\/uploads\/2017\/03\/ld-724x1024.jpg\" \/>Riceviamo e volentieri pubblichiamo. Anna Vincenti ci manda il seguente comunicato______<\/p>\n<p>Nel week end del 31 e 1 aprile, a Corigliano d\u2019Otranto una due giorni dedicata al ricordo delle vittime della mafia, l\u2019occasione \u00e8 quella del 31 marzo anniversario della morte di Renata Fonte.<\/p>\n<p>Dal gruppo di coordinamento di \u201cLIBERA. Associazioni, nomi e numeri contro le mafie\u201d di Lecce nello spirito di rinnovamento e del contributo dei singoli &#8220;io&#8221; al progetto del &#8220;Noi&#8221;, nasce l\u2019esigenza di un\u2019iniziativa che, realizzata e contestualizzata nel territorio, sia esportabile, proponibile nel Salento e nel sud della provincia, partendo dalla tradizione storica in esso radicata, fatta di figure esemplari, immolatesi per la lotta alla criminalit\u00e0 mafiosa, sotto l&#8217;arcobaleno simbolico e non solo di &#8220;Libera&#8221;.<\/p>\n<p>Libera day, questo \u00e8 il nome plasmato a sintetizzare una giornata di eventi che parte, non dalla storia delle vittime di mafia, ma proietta nella storia futura quelle vittime, esempio di responsabilit\u00e0, dedizione, attaccamento alla gente ed al territorio che le ha espresse.<\/p>\n<p>Non a caso, start dell&#8217;iniziativa il 31 marzo a commemorare non solo l\u2019eccidio cruento di una vittima di mafia, Renata Fonte, che a salvaguardia di quella terra si era posta ed a quella terra aveva restituito il suo sangue, ma da questa ricorrenza prendere spunto per iniziative rivolte alle comunit\u00e0, che in quella figura vogliono rivedersi, ispirarsi, trarre esempio.<\/p>\n<p>Importante appuntamento alla Masseria Appid\u00e8 di Corigliano d\u2019Otranto, venerd\u00ec 31 marzo alle 20,30, con una cena per sostenere le attivit\u00e0 di Libera; gli chef del noto ristorante del paese della Grec\u00eca, prepareranno un men\u00f9 con i prodotti del Consorzio \u201cLibera Terra Mediterraneo\u201d, provenienti dalle Cooperative del Sud che creano lavoro dalle terre confiscate alla mafia.<\/p>\n<p>Un momento di condivisione \u201cnel segno del noi\u201d, come il fondatore di Libera Don Ciotti ha pi\u00f9 volte sottolineato, per far conoscere le numerose attivit\u00e0 di cui si occupa l\u2019associazione e per dare un segnale importante di coesione, in un momento in cui il Salento sente forte il riacutizzarsi della malavita.<\/p>\n<p>\u201cIn questo periodo \u2013sottolineano gli organizzatori- nel nostro territorio tanti sono i segnali, spie di una criminalit\u00e0 che riorganizza le sue fila. Proprio per questo \u00e8 importante dare un segno di unit\u00e0, perch\u00e9 insieme si pu\u00f2 fare, quale occasione migliore se non il sostegno e la vicinanza di tutti, ad un\u2019associazione che da oltre vent\u2019anni si occupa di non dimenticare le numerose vittime delle mafie, delle numerose persone morte per la nostra libert\u00e0, per un ideale di giustizia e democrazia che abbiamo il compito di realizzare\u201d.<\/p>\n<p>Spin-off, dell\u2019evento l\u2019associazione &#8220;ICAROPUO&#8221;, di Corigliano d\u2019Otranto, e da questo piccolo paese dell&#8217;entroterra salentino si vuole partire, per tentare di tracciare un sentiero, delimitato da pietre miliari quali partecipazione, responsabilit\u00e0, impegno e condivisione.<\/p>\n<p>Nel corso dei due giorni sono tanti gli appuntamenti, incontri e testimonianze: venerd\u00ec alle ore 11,00 all\u2019Istituto comprensivo di Corigliano, per sensibilizzare i ragazzi a queste tematiche, incontro con Pinuccio Fazio con la presentazione del libro: \u201cMichele Fazio. Storia di un adolescente. Il racconto di un padre\u201d.<\/p>\n<p>Nella sala medievale del Castello De Monti alle 16,45, lo spettacolo per ragazzi messo in scena da l\u2019Opera dei Pupi presenta \u201cStoria di Rosario Livatino. Un giudice per bene\u201d.<\/p>\n<p>Alle 18,00 un mini torneo per ragazzi \u201cUn calcio fa la differenza\u201d con la PGS Corigliano ed un gruppo di ragazzi Immigrati della Cooperativa rinascita.<\/p>\n<p>In piazza Vittoria alle 19,20 \u201cComete\u201d; saranno fatte volare libere nel cielo le lanterne con i nomi delle 68 vittime di mafia pugliesi.<\/p>\n<p>Nella mattinata di sabato 1 aprile importante appuntamento con il I\u00b0 Slotmob salentino, \u201cA sostegno del coraggio, contro le slot machine\u201d, caff\u00e8 e consegna dell\u2019adesivo QUI NO SLOT ad attivit\u00e0 ristorative che hanno deciso di dire no alle slot machine, piaga economica e sociale senza confini, che genera patologia e grave danno, alle comunit\u00e0, alle famiglie ed al territorio.<\/p>\n<p>Per la cena prenotazione obbligatoria alla mail cenalibera17@gmail.com, informazioni contattare 0836 427969-3470379579.<\/p>\n<p>&nbsp;<\/p>\n<p>&nbsp;<\/p>\n<fb:like href='https:\/\/www.leccecronaca.it\/index.php\/2017\/03\/29\/i-libera-day-a-corigliano-d-otranto\/' send='true' layout='button_count' show_faces='true' width='450' height='65' action='recommend' colorscheme='light' font='lucida grande'><\/fb:like><span class=\"fb_share\"><fb:like href=\"https:\/\/www.leccecronaca.it\/index.php\/2017\/03\/29\/i-libera-day-a-corigliano-d-otranto\/\" layout=\"button_count\"><\/fb:like><\/span>","protected":false},"excerpt":{"rendered":"<p>Riceviamo e volentieri pubblichiamo. Anna Vincenti ci manda il seguente comunicato______ Nel week end del 31 e 1 aprile, a Corigliano d\u2019Otranto una due giorni dedicata al ricordo delle vittime della mafia, l\u2019occasione \u00e8 quella del 31 marzo anniversario della morte di Renata Fonte. Dal gruppo di coordinamento di \u201cLIBERA. Associazioni, nomi e numeri contro [&hellip;]<\/p>\n","protected":false},"author":4,"featured_media":113732,"comment_status":"open","ping_status":"closed","sticky":false,"template":"","format":"standard","meta":[],"categories":[36],"tags":[],"_links":{"self":[{"href":"https:\/\/www.leccecronaca.it\/index.php\/wp-json\/wp\/v2\/posts\/113731"}],"collection":[{"href":"https:\/\/www.leccecronaca.it\/index.php\/wp-json\/wp\/v2\/posts"}],"about":[{"href":"https:\/\/www.leccecronaca.it\/index.php\/wp-json\/wp\/v2\/types\/post"}],"author":[{"embeddable":true,"href":"https:\/\/www.leccecronaca.it\/index.php\/wp-json\/wp\/v2\/users\/4"}],"replies":[{"embeddable":true,"href":"https:\/\/www.leccecronaca.it\/index.php\/wp-json\/wp\/v2\/comments?post=113731"}],"version-history":[{"count":2,"href":"https:\/\/www.leccecronaca.it\/index.php\/wp-json\/wp\/v2\/posts\/113731\/revisions"}],"predecessor-version":[{"id":113734,"href":"https:\/\/www.leccecronaca.it\/index.php\/wp-json\/wp\/v2\/posts\/113731\/revisions\/113734"}],"wp:featuredmedia":[{"embeddable":true,"href":"https:\/\/www.leccecronaca.it\/index.php\/wp-json\/wp\/v2\/media\/113732"}],"wp:attachment":[{"href":"https:\/\/www.leccecronaca.it\/index.php\/wp-json\/wp\/v2\/media?parent=113731"}],"wp:term":[{"taxonomy":"category","embeddable":true,"href":"https:\/\/www.leccecronaca.it\/index.php\/wp-json\/wp\/v2\/categories?post=113731"},{"taxonomy":"post_tag","embeddable":true,"href":"https:\/\/www.leccecronaca.it\/index.php\/wp-json\/wp\/v2\/tags?post=113731"}],"curies":[{"name":"wp","href":"https:\/\/api.w.org\/{rel}","templated":true}]}}