{"id":113890,"date":"2017-03-31T12:28:08","date_gmt":"2017-03-31T10:28:08","guid":{"rendered":"http:\/\/www.leccecronaca.it\/?p=113890"},"modified":"2017-04-02T10:46:18","modified_gmt":"2017-04-02T08:46:18","slug":"alessandro-di-battista-a-san-foca-domenica-2","status":"publish","type":"post","link":"https:\/\/www.leccecronaca.it\/index.php\/2017\/03\/31\/alessandro-di-battista-a-san-foca-domenica-2\/","title":{"rendered":"ALESSANDRO DI BATTISTA A SAN FOCA DOMENICA 2"},"content":{"rendered":"<p><img decoding=\"async\" loading=\"lazy\" width=\"960\" height=\"640\" title=\"alessandro_di_battista\" class=\"aligncenter size-full wp-image-113891\" alt=\"\" src=\"https:\/\/www.leccecronaca.it\/wordpress\/wp-content\/uploads\/2017\/03\/alessandro_di_battista.jpg\" srcset=\"https:\/\/www.leccecronaca.it\/wordpress\/wp-content\/uploads\/2017\/03\/alessandro_di_battista.jpg 960w, https:\/\/www.leccecronaca.it\/wordpress\/wp-content\/uploads\/2017\/03\/alessandro_di_battista-300x200.jpg 300w, https:\/\/www.leccecronaca.it\/wordpress\/wp-content\/uploads\/2017\/03\/alessandro_di_battista-768x512.jpg 768w\" sizes=\"(max-width: 960px) 100vw, 960px\" \/>(g.p.)______Nuova manifestazione del M5s contro il gasdotto Tap, questa volta con la partecipazione di Alessandro Di Battista.<\/p>\n<p>E&#8217; il primo esponente nazionale di rilievo fra i politici italiani che arriva nel Salento a sostenere le ragioni della protesta di questi giorni.<\/p>\n<p>Lo\u00a0aveva preannunciato egli stesso ieri sui social:<em> &#8220;Sono stato espulso per 15 giorni dalla Camera dei deputati per aver protestato contro i vitalizi e contro le pensioni d&#8217;oro dei parlamentari. Le nostre azioni, forti ma assolutamente nonviolente, ci permettono di far capire al Paese il livello di oscenit\u00e0 che si consuma all&#8217;interno del Parlamento. Per me \u00e8 un onore essere sanzionato dagli stessi che salvano i condannati come Minzolini. Ovviamente sfrutter\u00f2 la sanzione per girare tutta l&#8217;Italia. Lorsignori non hanno ancora capito che provando ad indebolirci in realt\u00e0 ci rafforzano. A riveder le stelle!<\/em><\/p>\n<p><em>P.S. Domenica sar\u00f2 in piazza in Puglia. A Melendugno alle 14.00 e a Polignano a Mare alle 17.00. Vi aspetto in tanti, siamo un popolo sovrano, non siamo sudditi&#8221;.<\/em><\/p>\n<p>Oggi, in una nota ufficiale &#8211;\u00a0&#8220;<em>questo corteo sar\u00e0 per noi l\u2019ennesima occasione per informare ed essere al fianco dei cittadini pugliesi in questa battaglia per la difesa del nostro territorio<\/em>&#8221; &#8211; la conferma e i dettagli organizzativi.<\/p>\n<p>Con il noto esponente nazionale, ci saranno \u00a0parlamentari, consiglieri regionali e consiglieri comunali,\u00a0tra i quali Maurizio Buccarella, Lello Ciampolillo, Diego De Lorenzis, Daniela Donno, Barbara Lezzi e i consiglieri regionali Rosa Barone, Gianluca Bozzetti, Cristian Casili, Antonella Laricchia e Antonio Trevisi.<\/p>\n<p>L&#8217; appuntamento \u00e8 per domenica prossima, 2 aprile, alle 14, a San Foca: \u00e8 previsto un corteo sul lungomare, con partenza dall&#8217; ingresso del porto e, a seguire, un&#8217; &#8220;<em>agor\u00e0<\/em>&#8220;, come i Pentastellati chiamano le assemblee pubbliche, in un incontro con i cittadini.<\/p>\n<p>In un comunicato appena diffuso, il M5S ricorda che\u00a0<em>&#8220;gi\u00e0 nel 2013, in Parlamento, i nostri portavoce si opposero fermamente a questo progetto dannoso ed inutile per il territorio, che servir\u00e0 solo ad arricchire le tasche delle multinazionali senza apportare alcun beneficio per la comunit\u00e0 pugliese&#8221;<\/em>, e poi cos\u00ec prosegue: &#8220;<em>\u00c8 inaccettabile che nel 2017 i vecchi partiti continuino ad investire in una politica energetica basata sullo sfruttamento di fonti fossili anzich\u00e9 sulle energie rinnovabili, peraltro attraverso un progetto che non servir\u00e0 a rendere il nostro Paese energeticamente indipendente dall\u2019estero ma che, anzi, rischia di danneggiare ulteriormente una delle regioni pi\u00f9 belle del mondo. <\/em><\/p>\n<p><em>Oggi la stessa battaglia viene portata avanti anche dai nostri consiglieri regionali che da un anno e mezzo incalzano un governatore pugliese poco attento ai problemi del territorio e pi\u00f9 interessato alla sua scalata interna al partito. Renzi ed Emiliano continuano ad utilizzare TAP come argomento di scontro per una battaglia tutta interna al PD giocata sulla pelle dei pugliesi e della Puglia&#8221;<\/em>\u00a0.<\/p>\n<p>&nbsp;<\/p>\n<fb:like href='https:\/\/www.leccecronaca.it\/index.php\/2017\/03\/31\/alessandro-di-battista-a-san-foca-domenica-2\/' send='true' layout='button_count' show_faces='true' width='450' height='65' action='recommend' colorscheme='light' font='lucida grande'><\/fb:like><span class=\"fb_share\"><fb:like href=\"https:\/\/www.leccecronaca.it\/index.php\/2017\/03\/31\/alessandro-di-battista-a-san-foca-domenica-2\/\" layout=\"button_count\"><\/fb:like><\/span>","protected":false},"excerpt":{"rendered":"<p>(g.p.)______Nuova manifestazione del M5s contro il gasdotto Tap, questa volta con la partecipazione di Alessandro Di Battista. E&#8217; il primo esponente nazionale di rilievo fra i politici italiani che arriva nel Salento a sostenere le ragioni della protesta di questi giorni. Lo\u00a0aveva preannunciato egli stesso ieri sui social: &#8220;Sono stato espulso per 15 giorni dalla [&hellip;]<\/p>\n","protected":false},"author":4,"featured_media":113891,"comment_status":"open","ping_status":"closed","sticky":false,"template":"","format":"standard","meta":[],"categories":[69,76],"tags":[],"_links":{"self":[{"href":"https:\/\/www.leccecronaca.it\/index.php\/wp-json\/wp\/v2\/posts\/113890"}],"collection":[{"href":"https:\/\/www.leccecronaca.it\/index.php\/wp-json\/wp\/v2\/posts"}],"about":[{"href":"https:\/\/www.leccecronaca.it\/index.php\/wp-json\/wp\/v2\/types\/post"}],"author":[{"embeddable":true,"href":"https:\/\/www.leccecronaca.it\/index.php\/wp-json\/wp\/v2\/users\/4"}],"replies":[{"embeddable":true,"href":"https:\/\/www.leccecronaca.it\/index.php\/wp-json\/wp\/v2\/comments?post=113890"}],"version-history":[{"count":6,"href":"https:\/\/www.leccecronaca.it\/index.php\/wp-json\/wp\/v2\/posts\/113890\/revisions"}],"predecessor-version":[{"id":113893,"href":"https:\/\/www.leccecronaca.it\/index.php\/wp-json\/wp\/v2\/posts\/113890\/revisions\/113893"}],"wp:featuredmedia":[{"embeddable":true,"href":"https:\/\/www.leccecronaca.it\/index.php\/wp-json\/wp\/v2\/media\/113891"}],"wp:attachment":[{"href":"https:\/\/www.leccecronaca.it\/index.php\/wp-json\/wp\/v2\/media?parent=113890"}],"wp:term":[{"taxonomy":"category","embeddable":true,"href":"https:\/\/www.leccecronaca.it\/index.php\/wp-json\/wp\/v2\/categories?post=113890"},{"taxonomy":"post_tag","embeddable":true,"href":"https:\/\/www.leccecronaca.it\/index.php\/wp-json\/wp\/v2\/tags?post=113890"}],"curies":[{"name":"wp","href":"https:\/\/api.w.org\/{rel}","templated":true}]}}