{"id":114785,"date":"2017-04-09T12:51:37","date_gmt":"2017-04-09T10:51:37","guid":{"rendered":"http:\/\/www.leccecronaca.it\/?p=114785"},"modified":"2017-04-09T12:51:37","modified_gmt":"2017-04-09T10:51:37","slug":"i-socialisti-leccesi-con-delli-noci","status":"publish","type":"post","link":"https:\/\/www.leccecronaca.it\/index.php\/2017\/04\/09\/i-socialisti-leccesi-con-delli-noci\/","title":{"rendered":"I SOCIALISTI LECCESI CON DELLI NOCI"},"content":{"rendered":"<p><img decoding=\"async\" loading=\"lazy\" width=\"300\" height=\"300\" title=\"13315611_10153491288931644_6581725083537673851_n\" class=\"aligncenter size-medium wp-image-114786\" alt=\"\" src=\"https:\/\/www.leccecronaca.it\/wordpress\/wp-content\/uploads\/2017\/04\/13315611_10153491288931644_6581725083537673851_n-300x300.jpg\" srcset=\"https:\/\/www.leccecronaca.it\/wordpress\/wp-content\/uploads\/2017\/04\/13315611_10153491288931644_6581725083537673851_n-300x300.jpg 300w, https:\/\/www.leccecronaca.it\/wordpress\/wp-content\/uploads\/2017\/04\/13315611_10153491288931644_6581725083537673851_n-150x150.jpg 150w, https:\/\/www.leccecronaca.it\/wordpress\/wp-content\/uploads\/2017\/04\/13315611_10153491288931644_6581725083537673851_n-60x60.jpg 60w, https:\/\/www.leccecronaca.it\/wordpress\/wp-content\/uploads\/2017\/04\/13315611_10153491288931644_6581725083537673851_n.jpg 765w\" sizes=\"(max-width: 300px) 100vw, 300px\" \/>Riceviamo e volentieri pubblichiamo. La federazione leccese del Psi ci manda il seguente comunicato______<\/p>\n<p>I socialisti di Lecce sosterranno Alessandro Delli Noci nelle prossime elezioni amministrative della Citt\u00e0.<\/p>\n<p>L\u2019ing. Delli Noci, per il suo profilo umano e professionale, per la sua dimostrata qualit\u00e0 di amministratore, per la sua appartenenza culturale alla tradizione del socialismo riformista, pu\u00f2 sicuramente raccogliere e degnamente rappresentare le istanze di sviluppo e i bisogni sociali della citt\u00e0.<\/p>\n<p>La sua battaglia politica e il suo impegno civico, insieme a quello dei soggetti e delle forze che si raccolgono intorno a lui, si collocano pienamente nella tradizione storica del riformismo di questa citt\u00e0 che ne ha segnato profondamente la crescita e lo sviluppo. La sua provenienza dalla societ\u00e0 civile e dal mondo delle professioni, fa di lui il candidato migliore nel quale tutti i cittadini possono riconoscersi al di l\u00e0 di ogni appartenenza politica e sociale.<\/p>\n<p>La presenza, nelle liste che a lui si riferiscono, di numerose personalit\u00e0 del mondo democratico dalla chiara e specchiata qualit\u00e0 culturale, professionale e morale, la dominante partecipazione delle nuove generazioni, i lineamenti programmatici offerti al dibattito pubblico e al confronto politico, rendono la candidatura di Alessandro Delli Noci una risorsa credibile, efficace e sicura per il governo di Lecce e per l\u2019affermazione di un\u2019idea innovativa e avanzata di questa citt\u00e0 negli anni futuri.<\/p>\n<p>&nbsp;<\/p>\n<fb:like href='https:\/\/www.leccecronaca.it\/index.php\/2017\/04\/09\/i-socialisti-leccesi-con-delli-noci\/' send='true' layout='button_count' show_faces='true' width='450' height='65' action='recommend' colorscheme='light' font='lucida grande'><\/fb:like><span class=\"fb_share\"><fb:like href=\"https:\/\/www.leccecronaca.it\/index.php\/2017\/04\/09\/i-socialisti-leccesi-con-delli-noci\/\" layout=\"button_count\"><\/fb:like><\/span>","protected":false},"excerpt":{"rendered":"<p>Riceviamo e volentieri pubblichiamo. La federazione leccese del Psi ci manda il seguente comunicato______ I socialisti di Lecce sosterranno Alessandro Delli Noci nelle prossime elezioni amministrative della Citt\u00e0. L\u2019ing. Delli Noci, per il suo profilo umano e professionale, per la sua dimostrata qualit\u00e0 di amministratore, per la sua appartenenza culturale alla tradizione del socialismo riformista, [&hellip;]<\/p>\n","protected":false},"author":4,"featured_media":114786,"comment_status":"open","ping_status":"closed","sticky":false,"template":"","format":"standard","meta":[],"categories":[36],"tags":[],"_links":{"self":[{"href":"https:\/\/www.leccecronaca.it\/index.php\/wp-json\/wp\/v2\/posts\/114785"}],"collection":[{"href":"https:\/\/www.leccecronaca.it\/index.php\/wp-json\/wp\/v2\/posts"}],"about":[{"href":"https:\/\/www.leccecronaca.it\/index.php\/wp-json\/wp\/v2\/types\/post"}],"author":[{"embeddable":true,"href":"https:\/\/www.leccecronaca.it\/index.php\/wp-json\/wp\/v2\/users\/4"}],"replies":[{"embeddable":true,"href":"https:\/\/www.leccecronaca.it\/index.php\/wp-json\/wp\/v2\/comments?post=114785"}],"version-history":[{"count":2,"href":"https:\/\/www.leccecronaca.it\/index.php\/wp-json\/wp\/v2\/posts\/114785\/revisions"}],"predecessor-version":[{"id":114788,"href":"https:\/\/www.leccecronaca.it\/index.php\/wp-json\/wp\/v2\/posts\/114785\/revisions\/114788"}],"wp:featuredmedia":[{"embeddable":true,"href":"https:\/\/www.leccecronaca.it\/index.php\/wp-json\/wp\/v2\/media\/114786"}],"wp:attachment":[{"href":"https:\/\/www.leccecronaca.it\/index.php\/wp-json\/wp\/v2\/media?parent=114785"}],"wp:term":[{"taxonomy":"category","embeddable":true,"href":"https:\/\/www.leccecronaca.it\/index.php\/wp-json\/wp\/v2\/categories?post=114785"},{"taxonomy":"post_tag","embeddable":true,"href":"https:\/\/www.leccecronaca.it\/index.php\/wp-json\/wp\/v2\/tags?post=114785"}],"curies":[{"name":"wp","href":"https:\/\/api.w.org\/{rel}","templated":true}]}}