{"id":114994,"date":"2017-04-12T13:00:31","date_gmt":"2017-04-12T11:00:31","guid":{"rendered":"http:\/\/www.leccecronaca.it\/?p=114994"},"modified":"2017-04-12T13:00:31","modified_gmt":"2017-04-12T11:00:31","slug":"erio-si-congeda-da-raffaele-preferisco-concedermi-un-supplemento-di-valutazione-in-uno-spazio-di-decantazione","status":"publish","type":"post","link":"https:\/\/www.leccecronaca.it\/index.php\/2017\/04\/12\/erio-si-congeda-da-raffaele-preferisco-concedermi-un-supplemento-di-valutazione-in-uno-spazio-di-decantazione\/","title":{"rendered":"ERIO SI CONGEDA DA RAFFAELE: &#8220;Preferisco concedermi un supplemento di valutazione in uno spazio di decantazione&#8221;"},"content":{"rendered":"<p><img decoding=\"async\" loading=\"lazy\" width=\"768\" height=\"768\" title=\"17757651_1481131398585269_8969702084273590644_n\" class=\"aligncenter size-full wp-image-114995\" alt=\"\" src=\"https:\/\/www.leccecronaca.it\/wordpress\/wp-content\/uploads\/2017\/04\/17757651_1481131398585269_8969702084273590644_n.jpg\" srcset=\"https:\/\/www.leccecronaca.it\/wordpress\/wp-content\/uploads\/2017\/04\/17757651_1481131398585269_8969702084273590644_n.jpg 768w, https:\/\/www.leccecronaca.it\/wordpress\/wp-content\/uploads\/2017\/04\/17757651_1481131398585269_8969702084273590644_n-300x300.jpg 300w, https:\/\/www.leccecronaca.it\/wordpress\/wp-content\/uploads\/2017\/04\/17757651_1481131398585269_8969702084273590644_n-150x150.jpg 150w, https:\/\/www.leccecronaca.it\/wordpress\/wp-content\/uploads\/2017\/04\/17757651_1481131398585269_8969702084273590644_n-60x60.jpg 60w\" sizes=\"(max-width: 768px) 100vw, 768px\" \/>(Rdl)______Il consigliere regionale Saverio Congedo (nella foto)\u00a0lascia &#8216;Direzione Italia&#8217;, il nuovo partito di Raffaele Fitto. Lo comunica egli stesso questa mattina con un comunicato inviato ai mass media in cui riporta la sua lettera. Rimane sullo sfondo la designazione del candidato a sindaco di Lecce, ecco comunque le parole di quello che da pi\u00f9 parti era stato accreditato di raccogliere la designazione, poi fatta in maniera unilaterale a favore di Mauro Giliberti. Ora il centro &#8211; destra salentino \u00e8 ancora pi\u00f9 frantumato, anche per la scelta gi\u00e0 nota di Alessandro Delli Noci di correre da solo e con altre liste di appoggio______<\/p>\n<p><em>On. Raffaele Fitto,\u00a0Leader di Direzione Italia\u00a0<\/em><\/p>\n<p><em>Dott. Ignazio Zullo,\u00a0Presidente Gruppo Direzione Italia\u00a0Regione Puglia\u00a0<\/em><\/p>\n<p><em>Dott. Antonio Gabellone,\u00a0Coordinatore provinciale Direzione Italia\u00a0Provincia di Lecce\u00a0<\/em><\/p>\n<p><em>Cari Raffaele, Ignazio, Antonio,\u00a0<\/em><\/p>\n<p><em>ho seguito con la dovuta attenzione l&#8217;evoluzione politica dell&#8217;esperienza della lista per le elezioni regionali \u201cOltre con Fitto\u201d in un nuovo soggetto politico. Ho partecipato se pur in un silenzio frutto di ponderata meditazione, alla fase di gestazione, agli appuntamenti preparatori, alla convention di lancio di \u201cCOR &#8211; Conservatori e Riformisti\u201d e poi di \u201cDirezione Italia\u201d. Ho registrato la dimensione costruttiva e l\u2019intento di segnare nuove traiettorie per rilanciare e rendere competitivo il centrodestra. Condivido l\u2019idea di Raffaele Fitto, di valorizzazione delle classi dirigenti legate ai territori e di dare priorit\u00e0, sempre, a strumenti di massimo coinvolgimento dell&#8217;elettorato come le primarie per l&#8217;assunzione di scelte a ogni livello, dal centro alla periferia.\u00a0<\/em><\/p>\n<p><em>Sul terreno strettamente politico, per\u00f2, il disegno pi\u00f9 ampio di un nuovo partito nazionale che si aggiunge a quelli esistenti nel centrodestra, mi spinge a valutare anche altri progetti politici fondati su valori, princ\u00ecpi e orizzonti culturali nei quali ho sempre creduto.\u00a0<\/em><\/p>\n<p><em>Per questo, ribadendo di aver lungamente pesato una scelta comunque sofferta, preferisco concedermi un supplemento di valutazione in uno spazio &#8220;di decantazione&#8221;; soprattutto per trasparenza e correttezza nei confronti dei protagonisti di COR-Direzione Italia che ringrazio per la stima e l\u2019amicizia dimostratami e ai quali voglio rivolgere gli auguri di ogni successo.\u00a0<\/em><\/p>\n<p><em>Con ci\u00f2 comunico l&#8217;uscita dal gruppo regionale di Direzione Italia e l&#8217;iscrizione al gruppo misto del Consiglio regionale della Puglia.\u00a0<\/em><\/p>\n<p><em>Cordiali saluti.<\/em><\/p>\n<p>&nbsp;<\/p>\n<p>&nbsp;<\/p>\n<fb:like href='https:\/\/www.leccecronaca.it\/index.php\/2017\/04\/12\/erio-si-congeda-da-raffaele-preferisco-concedermi-un-supplemento-di-valutazione-in-uno-spazio-di-decantazione\/' send='true' layout='button_count' show_faces='true' width='450' height='65' action='recommend' colorscheme='light' font='lucida grande'><\/fb:like><span class=\"fb_share\"><fb:like href=\"https:\/\/www.leccecronaca.it\/index.php\/2017\/04\/12\/erio-si-congeda-da-raffaele-preferisco-concedermi-un-supplemento-di-valutazione-in-uno-spazio-di-decantazione\/\" layout=\"button_count\"><\/fb:like><\/span>","protected":false},"excerpt":{"rendered":"<p>(Rdl)______Il consigliere regionale Saverio Congedo (nella foto)\u00a0lascia &#8216;Direzione Italia&#8217;, il nuovo partito di Raffaele Fitto. Lo comunica egli stesso questa mattina con un comunicato inviato ai mass media in cui riporta la sua lettera. Rimane sullo sfondo la designazione del candidato a sindaco di Lecce, ecco comunque le parole di quello che da pi\u00f9 parti [&hellip;]<\/p>\n","protected":false},"author":4,"featured_media":114995,"comment_status":"open","ping_status":"closed","sticky":false,"template":"","format":"standard","meta":[],"categories":[76],"tags":[],"_links":{"self":[{"href":"https:\/\/www.leccecronaca.it\/index.php\/wp-json\/wp\/v2\/posts\/114994"}],"collection":[{"href":"https:\/\/www.leccecronaca.it\/index.php\/wp-json\/wp\/v2\/posts"}],"about":[{"href":"https:\/\/www.leccecronaca.it\/index.php\/wp-json\/wp\/v2\/types\/post"}],"author":[{"embeddable":true,"href":"https:\/\/www.leccecronaca.it\/index.php\/wp-json\/wp\/v2\/users\/4"}],"replies":[{"embeddable":true,"href":"https:\/\/www.leccecronaca.it\/index.php\/wp-json\/wp\/v2\/comments?post=114994"}],"version-history":[{"count":2,"href":"https:\/\/www.leccecronaca.it\/index.php\/wp-json\/wp\/v2\/posts\/114994\/revisions"}],"predecessor-version":[{"id":114997,"href":"https:\/\/www.leccecronaca.it\/index.php\/wp-json\/wp\/v2\/posts\/114994\/revisions\/114997"}],"wp:featuredmedia":[{"embeddable":true,"href":"https:\/\/www.leccecronaca.it\/index.php\/wp-json\/wp\/v2\/media\/114995"}],"wp:attachment":[{"href":"https:\/\/www.leccecronaca.it\/index.php\/wp-json\/wp\/v2\/media?parent=114994"}],"wp:term":[{"taxonomy":"category","embeddable":true,"href":"https:\/\/www.leccecronaca.it\/index.php\/wp-json\/wp\/v2\/categories?post=114994"},{"taxonomy":"post_tag","embeddable":true,"href":"https:\/\/www.leccecronaca.it\/index.php\/wp-json\/wp\/v2\/tags?post=114994"}],"curies":[{"name":"wp","href":"https:\/\/api.w.org\/{rel}","templated":true}]}}