{"id":115533,"date":"2017-04-21T13:06:58","date_gmt":"2017-04-21T11:06:58","guid":{"rendered":"http:\/\/www.leccecronaca.it\/?p=115533"},"modified":"2017-04-21T13:18:45","modified_gmt":"2017-04-21T11:18:45","slug":"ramon-de-pascalis-con-carlo-salvemini","status":"publish","type":"post","link":"https:\/\/www.leccecronaca.it\/index.php\/2017\/04\/21\/ramon-de-pascalis-con-carlo-salvemini\/","title":{"rendered":"RAMON DE PASCALIS CON CARLO SALVEMINI"},"content":{"rendered":"<p><img decoding=\"async\" loading=\"lazy\" width=\"1002\" height=\"1024\" title=\"depascalis_foto_72dpi\" class=\"alignleft size-large wp-image-115534\" alt=\"\" src=\"https:\/\/www.leccecronaca.it\/wordpress\/wp-content\/uploads\/2017\/04\/depascalis_foto_72dpi-1002x1024.png\" srcset=\"https:\/\/www.leccecronaca.it\/wordpress\/wp-content\/uploads\/2017\/04\/depascalis_foto_72dpi-1002x1024.png 1002w, https:\/\/www.leccecronaca.it\/wordpress\/wp-content\/uploads\/2017\/04\/depascalis_foto_72dpi-294x300.png 294w, https:\/\/www.leccecronaca.it\/wordpress\/wp-content\/uploads\/2017\/04\/depascalis_foto_72dpi-768x784.png 768w, https:\/\/www.leccecronaca.it\/wordpress\/wp-content\/uploads\/2017\/04\/depascalis_foto_72dpi-60x60.png 60w, https:\/\/www.leccecronaca.it\/wordpress\/wp-content\/uploads\/2017\/04\/depascalis_foto_72dpi.png 1257w\" sizes=\"(max-width: 1002px) 100vw, 1002px\" \/>Riceviamo e volentieri pubblichiamo. Il candidato al consiglio comunale con &#8216;Lecce citt\u00e0 pubblica&#8217; Ramon De Pascalis \u00a0\u00a0(nella foto)\u00a0\u00a0ci manda il seguente comunicato______<\/p>\n<p>Sabato 22 aprile alle ore 19.00 presso il comitato elettorale Carlo Salvemini Sindaco di via Braccio Martello, 22 a Lecce si terr\u00e0 l\u2019incontro \u201cSPAZIO ALLE IDEE. Le mie e le vostre proposte per una citt\u00e0 che ci rappresenti\u201d in cui Ramon De Pascalis candidato al Consiglio Comunale con la lista Lecce citt\u00e0 Pubblica e il candidato sindaco Carlo Salvemini incontreranno cittadini ed associazioni.<\/p>\n<p>Un\u2019occasione per presentarsi agli elettori, raccontare le proprie esperienze, le motivazioni della candidatura ed avanzare proposte, ma anche un momento di coinvolgimento dei partecipanti invitati a dare il loro contributo per costruire insieme la citt\u00e0.<\/p>\n<p>Uno spazio di confronto pubblico in una citt\u00e0, in cui ancora oggi, le realt\u00e0 organizzate ed i singoli hanno difficolt\u00e0 ad utilizzare strutture pubbliche per incontrarsi, confrontarsi, realizzare iniziative, sviluppare le proprie idee.<\/p>\n<p>Uno spazio in cui rappresentare la citt\u00e0 che vogliamo, idee per costruire una citt\u00e0 che ci rappresenti.<\/p>\n<p>&#8220;In questi anni, con tanti cittadini, ci siamo incontrati, abbiamo studiato, discusso e lottato, abbiamo preteso un&#8217;universit\u00e0 migliore e creato spazi di socialit\u00e0 e cultura, abbiamo difeso i diritti e provato a costruire un futuro migliore.<\/p>\n<p>Portando con me tutte quelle esperienze e quelle persone mi candido per cambiare la citt\u00e0 con Carlo Salvemini&#8221;<\/p>\n<p>Ramon De Pascalis, 36 anni, laureato in Ingegneria meccanica, appassionato di musica popolare, supporter di gruppi musicali emergenti, convinto sostenitore dell\u2019importanza degli spazi sociali, appassionato di sport popolare. Collabora come consulente con un laboratorio ed uno spin off dell\u2019Universit\u00e0 del Salento, sia in attivit\u00e0 di sviluppo industriale che di ricerca.<\/p>\n<p>Durante gli studi universitari ha iniziato l\u2019attivit\u00e0 politica, facendo parte dell\u2019UDU Lecce ricoprendo, tra gli altri, anche il ruolo di senatore accademico dal 2006 al 2010. Nel 2007 entra a far parte del direttivo dello Spazio sociale ZEI \u2013 circolo arci di Lecce, in cui ha curato per 8 anni la rassegna \u201cFuori dagli scantinati\u201d facendo esibire circa 250 gruppi per lo pi\u00f9 emergenti. Dal 2011 al 2015 \u00e8 stato inoltre membro del direttivo provinciale di Arci.<\/p>\n<p>L\u2018impegno politico lo ha portato ad approfondire e realizzare iniziative relative a diverse tematiche quali i diritti degli studenti, l\u2019organizzazione ed il finanziamento dell\u2019Universit\u00e0 e della ricerca, le politiche del lavoro ed il precariato, la tutela dei beni comuni e dell\u2019ambiente, l\u2019acqua pubblica, le politiche giovanili e culturali, gli spazi pubblici e la loro gestione.<\/p>\n<fb:like href='https:\/\/www.leccecronaca.it\/index.php\/2017\/04\/21\/ramon-de-pascalis-con-carlo-salvemini\/' send='true' layout='button_count' show_faces='true' width='450' height='65' action='recommend' colorscheme='light' font='lucida grande'><\/fb:like><span class=\"fb_share\"><fb:like href=\"https:\/\/www.leccecronaca.it\/index.php\/2017\/04\/21\/ramon-de-pascalis-con-carlo-salvemini\/\" layout=\"button_count\"><\/fb:like><\/span>","protected":false},"excerpt":{"rendered":"<p>Riceviamo e volentieri pubblichiamo. Il candidato al consiglio comunale con &#8216;Lecce citt\u00e0 pubblica&#8217; Ramon De Pascalis \u00a0\u00a0(nella foto)\u00a0\u00a0ci manda il seguente comunicato______ Sabato 22 aprile alle ore 19.00 presso il comitato elettorale Carlo Salvemini Sindaco di via Braccio Martello, 22 a Lecce si terr\u00e0 l\u2019incontro \u201cSPAZIO ALLE IDEE. Le mie e le vostre proposte per [&hellip;]<\/p>\n","protected":false},"author":4,"featured_media":115534,"comment_status":"open","ping_status":"closed","sticky":false,"template":"","format":"standard","meta":[],"categories":[36],"tags":[],"_links":{"self":[{"href":"https:\/\/www.leccecronaca.it\/index.php\/wp-json\/wp\/v2\/posts\/115533"}],"collection":[{"href":"https:\/\/www.leccecronaca.it\/index.php\/wp-json\/wp\/v2\/posts"}],"about":[{"href":"https:\/\/www.leccecronaca.it\/index.php\/wp-json\/wp\/v2\/types\/post"}],"author":[{"embeddable":true,"href":"https:\/\/www.leccecronaca.it\/index.php\/wp-json\/wp\/v2\/users\/4"}],"replies":[{"embeddable":true,"href":"https:\/\/www.leccecronaca.it\/index.php\/wp-json\/wp\/v2\/comments?post=115533"}],"version-history":[{"count":3,"href":"https:\/\/www.leccecronaca.it\/index.php\/wp-json\/wp\/v2\/posts\/115533\/revisions"}],"predecessor-version":[{"id":115536,"href":"https:\/\/www.leccecronaca.it\/index.php\/wp-json\/wp\/v2\/posts\/115533\/revisions\/115536"}],"wp:featuredmedia":[{"embeddable":true,"href":"https:\/\/www.leccecronaca.it\/index.php\/wp-json\/wp\/v2\/media\/115534"}],"wp:attachment":[{"href":"https:\/\/www.leccecronaca.it\/index.php\/wp-json\/wp\/v2\/media?parent=115533"}],"wp:term":[{"taxonomy":"category","embeddable":true,"href":"https:\/\/www.leccecronaca.it\/index.php\/wp-json\/wp\/v2\/categories?post=115533"},{"taxonomy":"post_tag","embeddable":true,"href":"https:\/\/www.leccecronaca.it\/index.php\/wp-json\/wp\/v2\/tags?post=115533"}],"curies":[{"name":"wp","href":"https:\/\/api.w.org\/{rel}","templated":true}]}}