{"id":115623,"date":"2017-04-22T13:57:59","date_gmt":"2017-04-22T11:57:59","guid":{"rendered":"http:\/\/www.leccecronaca.it\/?p=115623"},"modified":"2017-04-22T16:26:28","modified_gmt":"2017-04-22T14:26:28","slug":"a-carico-delle-imprese-due-iniziativ-della-camera-di-commercio","status":"publish","type":"post","link":"https:\/\/www.leccecronaca.it\/index.php\/2017\/04\/22\/a-carico-delle-imprese-due-iniziativ-della-camera-di-commercio\/","title":{"rendered":"LA CAMERA DI COMMERCIO A CARICO DELLE IMPRESE"},"content":{"rendered":"<p><img decoding=\"async\" loading=\"lazy\" width=\"622\" height=\"414\" title=\"camera-di-commercio-lecce\" class=\"aligncenter size-full wp-image-115625\" alt=\"\" src=\"https:\/\/www.leccecronaca.it\/wordpress\/wp-content\/uploads\/2017\/04\/camera-di-commercio-lecce1.jpg\" srcset=\"https:\/\/www.leccecronaca.it\/wordpress\/wp-content\/uploads\/2017\/04\/camera-di-commercio-lecce1.jpg 622w, https:\/\/www.leccecronaca.it\/wordpress\/wp-content\/uploads\/2017\/04\/camera-di-commercio-lecce1-300x200.jpg 300w\" sizes=\"(max-width: 622px) 100vw, 622px\" \/>Riceviamo e volentieri pubblichiamo. Da Lecce Roberta Mazzotta ci scrive______<\/p>\n<p>Un salasso di quasi 2 MILIONI di euro si sta abbattendo sulle imprese salentine a partire da quest&#8217;anno sino al 2019!<\/p>\n<p>Si tratta di due progetti: il primo &#8220;Impresa digitale&#8221;, che coster\u00e0 nel triennio oltre \u20ac 1.150.000, e il secondo &#8220;Servizi di orientamento al lavoro e alle professioni&#8221;, che sempre nel triennio coster\u00e0 agli imprenditori quasi \u20ac 794.000.<\/p>\n<p>Era proprio necessario caricare ancora di costi le imprese, in un momento di grande difficolt\u00e0?<\/p>\n<p>Quali i motivi di questo ulteriore salasso?<\/p>\n<p>Ben vengano le iniziative a favore della formazione, del progresso e del lavoro, ma era necessario costringere le imprese, tutte le imprese, a caricarsi di ulteriori costi?<\/p>\n<p>2.000.000 di euro sottratti alle imprese non sono poca cosa: in pratica, come detto nella stessa delibera, si vanificano le riduzioni decise dal governo del diritto annuale delle imprese &#8220;sostanzialmente congelando i valori del diritto annuale ai livelli del 2016&#8243;.<\/p>\n<p>La cosa sarebbe gi\u00e0 sufficientemente irritante, se il dettaglio delle cifre non rivelasse ulteriori enormit\u00e0.<\/p>\n<p>Come rilevabile dallo stesso documento ufficiale, a domanda il Segretario Generale Francesco de Giorgio risponde:<\/p>\n<p>&#8221; Ovviamente, ci\u00f2 mi consente anche di precisare che nelle schede progettuali in qualche maniera siccome andiamo a individuare compiti e attivit\u00e0 anche della struttura interna, qualche vantaggio per la struttura interna \u00e8 stato assolutamente previsto, cio\u00e8 sono risorse che arrivano alla Camera di Commercio di Lecce che le riscuoter\u00e0 e che non saranno per intero erogate; una parte andranno anche a migliorare nel complesso le difficolt\u00e0 strutturali di cui abbiamo gi\u00e0 parlato nelle precedenti riunioni del Consiglio&#8221;<\/p>\n<p>CIO\u00e8?<\/p>\n<p>Con questi progetti si intende migliorare le difficolt\u00e0 strutturali della Camera: per questa ragione le risorse attinte dalle imprese NON SARANNO EROGATE PER INTERO, MA &#8220;TRATTENUTE&#8221; ALL&#8217;INTERNO DELLA CAMERA!<\/p>\n<p>Infatti una parte di quelle cifre vanno a sostenere i costi del personale nonch\u00e9 i costi generali.<\/p>\n<p>Non sono cifre di poco conto: si tratta complessivamente di oltre 700mila euro, esattamente pi\u00f9 di 673mila euro per le spese per il personale e oltre \u20ac 86mila euro per le spese generali.<\/p>\n<p>Ma il personale viene gi\u00e0 pagato col diritto annuale al 50% dalle imprese salentine, perch\u00e9 aumentare tale diritto andando a sottrarre alle imprese ulteriori risorse?<\/p>\n<p>E delle altre cifre impegnate (per esempio oltre \u20ac 660.000 di costi esterni), almeno una parte importante non si sarebbero potute risparmiare utilizzando lo stesso personale della camera?<\/p>\n<p>Per la formazione e la digitalizzazione la Camera dispone di un&#8217;azienda speciale, l&#8217;ASSRI, regolarmente accreditata, dove lavorano ben 6 professionisti.<\/p>\n<p>All&#8217;interno della camera poi la struttura che normalmente si interessata di formazione e di promozione \u00e8 composta da 3 funzionari, che ben potrebbero dedicarsi integralmente a questi progetti visto che ormai l\u2019attivit\u00e0 promozionale non esiste nella Camera.<\/p>\n<p>Non bastano 9 PROFESSIONISTI per questi progetti?<\/p>\n<p>Non basta il know how che acquisito dalla Camera per affrontare normali progetti, senza incidere sulle imprese e senza prevedere &#8220;storno&#8221; di risorse per far fronte alle difficolt\u00e0 strutturali? E poi questo storno \u00e8 legittimo? In un Ente Pubblico si possono \u201cincamerare\u201d risorse per un progetto e poi destinarle ad altro?<\/p>\n<p>Dal sito della Camera leggiamo che la stessa:<\/p>\n<p>sviluppa idonee iniziative per la promozione della cultura della qualit\u00e0 e dell&#8217;innovazione, dei processi di alternanza scuola-lavoro<\/p>\n<p>sostiene gli assi della formazione imprenditoriale e qualificazione del mondo del lavoro<\/p>\n<p>svolge Formazione Superiore (formazione rivolta a persone in possesso di un titolo di studio \u2013 qualifica, diploma, laurea \u2013 che intendono arricchire le proprie competenze o riqualificarsi)<\/p>\n<p>svolge Formazione Continua (formazione rivolta all\u2019adeguamento e aggiornamento delle competenze professionali delle persone occupate o in cassa integrazione guadagni o in mobilit\u00e0)<\/p>\n<p>studia le tendenze del mercato del lavoro in relazione agli assets del territorio e alla struttura socio-economica (turismo, ambiente,\u00a0 agro-alimentare, imprese, popolazione, forza lavoro, ecc.) e le confronta con gli orientamenti strategici degli organi istituzionali (Governo, Regione, Provincia) per arrivare a definire profili formativi innovativi<\/p>\n<p>predispone corsi generalmente orientati all\u2019innovazione tecnologica, all\u2019internazionalizzazione e al marketing per le imprese.<\/p>\n<p>offre in tempo reale, sia in front-office che on-line, tutte le informazioni utili alla creazione di impresa e alle modalit\u00e0 del mettersi in proprio, erogando informazioni relative alle procedure burocratico\/amministrative , informazioni di mercato, informazioni sugli strumenti agevolativi nazionali e comunitari; sui corsi di formazione, nonch\u00e8 sulla legislazione vigente per i vari ambiti di attivit\u00e0, etc\u2026.!<\/p>\n<p>SE LA GOVERNANCE DELLA CAMERA REALIZZA CON EFFICACIA TUTTO QUESTO, PERCHE&#8217; UNA NUOVA GABELLA DI 2 MILIONI DI EURO PER LE IMPRESE SALENTINE?<\/p>\n<p>&nbsp;<\/p>\n<p>&nbsp;<\/p>\n<p>&nbsp;<\/p>\n<p>&nbsp;<\/p>\n<p>&nbsp;<\/p>\n<fb:like href='https:\/\/www.leccecronaca.it\/index.php\/2017\/04\/22\/a-carico-delle-imprese-due-iniziativ-della-camera-di-commercio\/' send='true' layout='button_count' show_faces='true' width='450' height='65' action='recommend' colorscheme='light' font='lucida grande'><\/fb:like><span class=\"fb_share\"><fb:like href=\"https:\/\/www.leccecronaca.it\/index.php\/2017\/04\/22\/a-carico-delle-imprese-due-iniziativ-della-camera-di-commercio\/\" layout=\"button_count\"><\/fb:like><\/span>","protected":false},"excerpt":{"rendered":"<p>Riceviamo e volentieri pubblichiamo. Da Lecce Roberta Mazzotta ci scrive______ Un salasso di quasi 2 MILIONI di euro si sta abbattendo sulle imprese salentine a partire da quest&#8217;anno sino al 2019! Si tratta di due progetti: il primo &#8220;Impresa digitale&#8221;, che coster\u00e0 nel triennio oltre \u20ac 1.150.000, e il secondo &#8220;Servizi di orientamento al lavoro [&hellip;]<\/p>\n","protected":false},"author":4,"featured_media":115625,"comment_status":"open","ping_status":"closed","sticky":false,"template":"","format":"standard","meta":[],"categories":[36],"tags":[],"_links":{"self":[{"href":"https:\/\/www.leccecronaca.it\/index.php\/wp-json\/wp\/v2\/posts\/115623"}],"collection":[{"href":"https:\/\/www.leccecronaca.it\/index.php\/wp-json\/wp\/v2\/posts"}],"about":[{"href":"https:\/\/www.leccecronaca.it\/index.php\/wp-json\/wp\/v2\/types\/post"}],"author":[{"embeddable":true,"href":"https:\/\/www.leccecronaca.it\/index.php\/wp-json\/wp\/v2\/users\/4"}],"replies":[{"embeddable":true,"href":"https:\/\/www.leccecronaca.it\/index.php\/wp-json\/wp\/v2\/comments?post=115623"}],"version-history":[{"count":5,"href":"https:\/\/www.leccecronaca.it\/index.php\/wp-json\/wp\/v2\/posts\/115623\/revisions"}],"predecessor-version":[{"id":115627,"href":"https:\/\/www.leccecronaca.it\/index.php\/wp-json\/wp\/v2\/posts\/115623\/revisions\/115627"}],"wp:featuredmedia":[{"embeddable":true,"href":"https:\/\/www.leccecronaca.it\/index.php\/wp-json\/wp\/v2\/media\/115625"}],"wp:attachment":[{"href":"https:\/\/www.leccecronaca.it\/index.php\/wp-json\/wp\/v2\/media?parent=115623"}],"wp:term":[{"taxonomy":"category","embeddable":true,"href":"https:\/\/www.leccecronaca.it\/index.php\/wp-json\/wp\/v2\/categories?post=115623"},{"taxonomy":"post_tag","embeddable":true,"href":"https:\/\/www.leccecronaca.it\/index.php\/wp-json\/wp\/v2\/tags?post=115623"}],"curies":[{"name":"wp","href":"https:\/\/api.w.org\/{rel}","templated":true}]}}