{"id":115642,"date":"2017-04-22T17:35:03","date_gmt":"2017-04-22T15:35:03","guid":{"rendered":"http:\/\/www.leccecronaca.it\/?p=115642"},"modified":"2017-04-22T17:35:03","modified_gmt":"2017-04-22T15:35:03","slug":"appuntamento-fra-un-anno-con-pedro-almodovar","status":"publish","type":"post","link":"https:\/\/www.leccecronaca.it\/index.php\/2017\/04\/22\/appuntamento-fra-un-anno-con-pedro-almodovar\/","title":{"rendered":"APPUNTAMENTO FRA UN ANNO CON PEDRO ALMODOVAR"},"content":{"rendered":"<p><img decoding=\"async\" loading=\"lazy\" width=\"518\" height=\"620\" title=\"1-PedroAlmodovarLecce\" class=\"aligncenter size-full wp-image-115644\" alt=\"\" src=\"https:\/\/www.leccecronaca.it\/wordpress\/wp-content\/uploads\/2017\/04\/1-PedroAlmodovarLecce.jpg\" srcset=\"https:\/\/www.leccecronaca.it\/wordpress\/wp-content\/uploads\/2017\/04\/1-PedroAlmodovarLecce.jpg 518w, https:\/\/www.leccecronaca.it\/wordpress\/wp-content\/uploads\/2017\/04\/1-PedroAlmodovarLecce-251x300.jpg 251w\" sizes=\"(max-width: 518px) 100vw, 518px\" \/>di <strong>Carlo Infante______<\/strong><\/p>\n<p>L&#8217; edizione di quest&#8217; anno si \u00e8 conclusa da pochi giorni, ma gi\u00e0 si pensa alla prossima.<\/p>\n<p>Sar\u00e0 il grande regista Pedro Almod\u00f3var il protagonista della XIX edizione del Festival del Cinema Europeo, che si terr\u00e0 a Lecce, dal 9 al 14 aprile 2018. Ovviamente, innumerevoli suoi fan salentini sono gi\u00e0 in visibilio.<\/p>\n<p>\u201c<em>Da sempre sono affascinato dallo stile ironico, grottesco, trasgressivo dei suoi film e dei suoi personaggi<\/em> \u2013 ha sottolineato il direttore artistico Alberto La Monica &#8211; <em>Ecco perch\u00e9 ho deciso sin d\u2019ora di preparare un omaggio ad Almod\u00f3var, costruendo un percorso particolare, per mostrare a 360 gradi l\u2019opera dell\u2019autore spagnolo<\/em>\u201d.<\/p>\n<p>Ovviamente anche il suo ultimo film (drammatico del 2016), \u201cJulieta\u201d, \u00e8 stato un successo; \u00e8 stato candidato al Festival di Cannes, agli European Film Awards ed al Premio Goya (vinto dall\u2019attrice protagonista, Emma Su\u00e1rez) ed ha vinto il San Diego International Film Festival.<\/p>\n<p>Grande soddisfazione \u00e8 stata espressa da Loredana Capone (Assessore all\u2019Industria Turistica e Culturale della Regione Puglia) che, ancora una volta, ha colto l\u2019occasione per elogiare questo evento che, ormai da anni, rappresenta un fiore all\u2019occhiello per la citt\u00e0 di Lecce.<\/p>\n<p>Una rassegna che deve per\u00f2 compiere ancora un ulteriore salto di qualit\u00e0, per imporsi all&#8217; attenzione dei media internazionali, ancora troppo\u00a0\u00a0debole,\u00a0ritagliandosi una propria precisa identit\u00e0 quale iniziativa autonoma, originale e creativa.<\/p>\n<p>&nbsp;<\/p>\n<fb:like href='https:\/\/www.leccecronaca.it\/index.php\/2017\/04\/22\/appuntamento-fra-un-anno-con-pedro-almodovar\/' send='true' layout='button_count' show_faces='true' width='450' height='65' action='recommend' colorscheme='light' font='lucida grande'><\/fb:like><span class=\"fb_share\"><fb:like href=\"https:\/\/www.leccecronaca.it\/index.php\/2017\/04\/22\/appuntamento-fra-un-anno-con-pedro-almodovar\/\" layout=\"button_count\"><\/fb:like><\/span>","protected":false},"excerpt":{"rendered":"<p>di Carlo Infante______ L&#8217; edizione di quest&#8217; anno si \u00e8 conclusa da pochi giorni, ma gi\u00e0 si pensa alla prossima. Sar\u00e0 il grande regista Pedro Almod\u00f3var il protagonista della XIX edizione del Festival del Cinema Europeo, che si terr\u00e0 a Lecce, dal 9 al 14 aprile 2018. Ovviamente, innumerevoli suoi fan salentini sono gi\u00e0 in [&hellip;]<\/p>\n","protected":false},"author":4,"featured_media":115644,"comment_status":"open","ping_status":"closed","sticky":false,"template":"","format":"standard","meta":[],"categories":[31],"tags":[],"_links":{"self":[{"href":"https:\/\/www.leccecronaca.it\/index.php\/wp-json\/wp\/v2\/posts\/115642"}],"collection":[{"href":"https:\/\/www.leccecronaca.it\/index.php\/wp-json\/wp\/v2\/posts"}],"about":[{"href":"https:\/\/www.leccecronaca.it\/index.php\/wp-json\/wp\/v2\/types\/post"}],"author":[{"embeddable":true,"href":"https:\/\/www.leccecronaca.it\/index.php\/wp-json\/wp\/v2\/users\/4"}],"replies":[{"embeddable":true,"href":"https:\/\/www.leccecronaca.it\/index.php\/wp-json\/wp\/v2\/comments?post=115642"}],"version-history":[{"count":2,"href":"https:\/\/www.leccecronaca.it\/index.php\/wp-json\/wp\/v2\/posts\/115642\/revisions"}],"predecessor-version":[{"id":115646,"href":"https:\/\/www.leccecronaca.it\/index.php\/wp-json\/wp\/v2\/posts\/115642\/revisions\/115646"}],"wp:featuredmedia":[{"embeddable":true,"href":"https:\/\/www.leccecronaca.it\/index.php\/wp-json\/wp\/v2\/media\/115644"}],"wp:attachment":[{"href":"https:\/\/www.leccecronaca.it\/index.php\/wp-json\/wp\/v2\/media?parent=115642"}],"wp:term":[{"taxonomy":"category","embeddable":true,"href":"https:\/\/www.leccecronaca.it\/index.php\/wp-json\/wp\/v2\/categories?post=115642"},{"taxonomy":"post_tag","embeddable":true,"href":"https:\/\/www.leccecronaca.it\/index.php\/wp-json\/wp\/v2\/tags?post=115642"}],"curies":[{"name":"wp","href":"https:\/\/api.w.org\/{rel}","templated":true}]}}